{"id":254015,"date":"2016-02-04T00:05:30","date_gmt":"2016-02-04T06:05:30","guid":{"rendered":"http:\/\/www.diarioimagen.net\/?p=254015"},"modified":"2016-02-05T01:29:20","modified_gmt":"2016-02-05T07:29:20","slug":"viviendas-de-bajo-costo-para-trabajadores","status":"publish","type":"post","link":"https:\/\/www.diarioimagen.net\/?p=254015","title":{"rendered":"Viviendas de bajo costo para trabajadores"},"content":{"rendered":"<h2>Arco Norte<\/h2>\n<h5>Jos\u00e9 Luis Monta\u00f1ez Aguilar<\/h5>\n<p>&nbsp;<\/p>\n<div id=\"attachment_254071\" style=\"width: 430px\" class=\"wp-caption aligncenter\"><a href=\"http:\/\/www.diarioimagen.net\/?attachment_id=254071\" rel=\"attachment wp-att-254071\"><img loading=\"lazy\" decoding=\"async\" aria-describedby=\"caption-attachment-254071\" class=\"size-large wp-image-254071\" src=\"http:\/\/www.diarioimagen.net\/wp-content\/uploads\/2016\/02\/arco-2797-420x307.jpg\" alt=\"El gobernador Eruviel \u00c1vila sostuvo un encuentro con el senador de la Rep\u00fablica y  secretario general de la FSTSE, Joel Ayala.\" width=\"420\" height=\"307\" srcset=\"https:\/\/www.diarioimagen.net\/wp-content\/uploads\/2016\/02\/arco-2797-420x307.jpg 420w, https:\/\/www.diarioimagen.net\/wp-content\/uploads\/2016\/02\/arco-2797-240x175.jpg 240w, https:\/\/www.diarioimagen.net\/wp-content\/uploads\/2016\/02\/arco-2797-90x65.jpg 90w, https:\/\/www.diarioimagen.net\/wp-content\/uploads\/2016\/02\/arco-2797.jpg 680w\" sizes=\"auto, (max-width: 420px) 100vw, 420px\" \/><\/a><p id=\"caption-attachment-254071\" class=\"wp-caption-text\">El gobernador Eruviel \u00c1vila sostuvo un encuentro con el senador de la Rep\u00fablica y secretario general de la FSTSE, Joel Ayala.<\/p><\/div>\n<p>&nbsp;<\/p>\n<p>El gobernador Eruviel \u00c1vila Villegas sostuvo un encuentro con el senador de la Rep\u00fablica y\u00a0\u00a0secretario general de la Federaci\u00f3n de Sindicatos de Trabajadores al Servicio del Estado (FSTSE), Joel Ayala Almeida, con la finalidad de impulsar un programa de viviendas de bajo costo, en beneficio de los agremiados a esta federaci\u00f3n que radican en el Estado de M\u00e9xico.<\/p>\n<p>Agreg\u00f3 que mediante esta reuni\u00f3n se fortalece la relaci\u00f3n entre la administraci\u00f3n mexiquense y \u00e9sta que es una de las organizaciones sindicales m\u00e1s importantes de Am\u00e9rica, y destac\u00f3 que la participaci\u00f3n de los funcionarios p\u00fablicos del gobierno de la Rep\u00fablica ha sido fundamental para llevar a la pr\u00e1ctica las pol\u00edticas p\u00fablicas que han permitido mejorar las condiciones de vida de las familias del Edom\u00e9x.<\/p>\n<p>Afirm\u00f3 que en el Estado de M\u00e9xico se reconoce a los agremiados a la FSTSE porque han tenido la capacidad de mejorar la calidad en el servicio a la ciudadan\u00eda, adapt\u00e1ndose a los cambios y a la modernizaci\u00f3n administrativa que ha impulsado el presidente Enrique Pe\u00f1a Nieto en toda la naci\u00f3n. Agradeci\u00f3 el trabajo de los servidores p\u00fablicos que pertenecen a este gremio, porque gracias a su esfuerzo contribuyen a mejorar la vida de las personas, en\u00a0temas relacionados con salud, comunicaciones y otros servicios que requiere la sociedad.<\/p>\n<p>Por ello, el titular del Ejecutivo estatal ofreci\u00f3 al l\u00edder de la FSTSE extender a sus agremiados, algunas de las prestaciones sociales que reciben los servidores p\u00fablicos al servicio del Estado de M\u00e9xico, como cursos de capacitaci\u00f3n e intercambios tur\u00edsticos. En tanto, Joel Ayala indic\u00f3 que el programa de vivienda es una de las acciones que la asociaci\u00f3n que encabeza, desarrolla en diversas regiones del pa\u00eds, por lo que asegur\u00f3 que este proyecto ser\u00e1 de gran beneficio para los trabajadores que viven en la entidad mexiquense y que no cuentan con recursos suficientes para adquirir una vivienda.<\/p>\n<p><em><a href=\"mailto:montanezaguilar@gmail.com\" target=\"_blank\">montanezaguilar@gmail.com<\/a><\/em><\/p>\n","protected":false},"excerpt":{"rendered":"<p>El gobernador Eruviel \u00c1vila Villegas sostuvo un encuentro con el senador de la Rep\u00fablica y  secretario general de la Federaci\u00f3n de Sindicatos de Trabajadores al Servicio del Estado (FSTSE), Joel Ayala Almeida, con la finalidad de impulsar un programa de viviendas de bajo costo, en beneficio de los agremiados a esta federaci\u00f3n que radican en el Estado de M\u00e9xico.<\/p>\n","protected":false},"author":3,"featured_media":254073,"comment_status":"open","ping_status":"open","sticky":false,"template":"","format":"standard","meta":{"_monsterinsights_skip_tracking":false,"_monsterinsights_sitenote_active":false,"_monsterinsights_sitenote_note":"","_monsterinsights_sitenote_category":0,"footnotes":""},"categories":[5],"tags":[13284,43704,43674],"class_list":["post-254015","post","type-post","status-publish","format-standard","has-post-thumbnail","hentry","category-estado-de-mexico","tag-arco-norte","tag-jose-luis-montanez-aguilar","tag-opinion"],"_links":{"self":[{"href":"https:\/\/www.diarioimagen.net\/index.php?rest_route=\/wp\/v2\/posts\/254015","targetHints":{"allow":["GET"]}}],"collection":[{"href":"https:\/\/www.diarioimagen.net\/index.php?rest_route=\/wp\/v2\/posts"}],"about":[{"href":"https:\/\/www.diarioimagen.net\/index.php?rest_route=\/wp\/v2\/types\/post"}],"author":[{"embeddable":true,"href":"https:\/\/www.diarioimagen.net\/index.php?rest_route=\/wp\/v2\/users\/3"}],"replies":[{"embeddable":true,"href":"https:\/\/www.diarioimagen.net\/index.php?rest_route=%2Fwp%2Fv2%2Fcomments&post=254015"}],"version-history":[{"count":0,"href":"https:\/\/www.diarioimagen.net\/index.php?rest_route=\/wp\/v2\/posts\/254015\/revisions"}],"wp:featuredmedia":[{"embeddable":true,"href":"https:\/\/www.diarioimagen.net\/index.php?rest_route=\/wp\/v2\/media\/254073"}],"wp:attachment":[{"href":"https:\/\/www.diarioimagen.net\/index.php?rest_route=%2Fwp%2Fv2%2Fmedia&parent=254015"}],"wp:term":[{"taxonomy":"category","embeddable":true,"href":"https:\/\/www.diarioimagen.net\/index.php?rest_route=%2Fwp%2Fv2%2Fcategories&post=254015"},{"taxonomy":"post_tag","embeddable":true,"href":"https:\/\/www.diarioimagen.net\/index.php?rest_route=%2Fwp%2Fv2%2Ftags&post=254015"}],"curies":[{"name":"wp","href":"https:\/\/api.w.org\/{rel}","templated":true}]}}