{"id":254017,"date":"2016-02-04T00:03:27","date_gmt":"2016-02-04T06:03:27","guid":{"rendered":"http:\/\/www.diarioimagen.net\/?p=254017"},"modified":"2016-02-05T01:05:08","modified_gmt":"2016-02-05T07:05:08","slug":"destinaran-mas-de-7-mil-millones-al-emprendedor","status":"publish","type":"post","link":"https:\/\/www.diarioimagen.net\/?p=254017","title":{"rendered":"Destinar\u00e1n m\u00e1s de 7 mil millones al emprendedor"},"content":{"rendered":"<ul>\n<li><strong><em>Este a\u00f1o<\/em><\/strong><\/li>\n<\/ul>\n<p>&nbsp;<\/p>\n<div id=\"attachment_254135\" style=\"width: 430px\" class=\"wp-caption aligncenter\"><a href=\"http:\/\/www.diarioimagen.net\/?attachment_id=254135\" rel=\"attachment wp-att-254135\"><img loading=\"lazy\" decoding=\"async\" aria-describedby=\"caption-attachment-254135\" class=\"size-large wp-image-254135\" src=\"http:\/\/www.diarioimagen.net\/wp-content\/uploads\/2016\/02\/emprendedor-2797-420x236.jpg\" alt=\"Se fomentar\u00e1 la productividad de las micro, peque\u00f1as y medianas empresas para incentivar el crecimiento econ\u00f3mico.\" width=\"420\" height=\"236\" srcset=\"https:\/\/www.diarioimagen.net\/wp-content\/uploads\/2016\/02\/emprendedor-2797-420x236.jpg 420w, https:\/\/www.diarioimagen.net\/wp-content\/uploads\/2016\/02\/emprendedor-2797-240x135.jpg 240w, https:\/\/www.diarioimagen.net\/wp-content\/uploads\/2016\/02\/emprendedor-2797-235x132.jpg 235w, https:\/\/www.diarioimagen.net\/wp-content\/uploads\/2016\/02\/emprendedor-2797-202x114.jpg 202w, https:\/\/www.diarioimagen.net\/wp-content\/uploads\/2016\/02\/emprendedor-2797-350x196.jpg 350w, https:\/\/www.diarioimagen.net\/wp-content\/uploads\/2016\/02\/emprendedor-2797-220x123.jpg 220w, https:\/\/www.diarioimagen.net\/wp-content\/uploads\/2016\/02\/emprendedor-2797-237x132.jpg 237w, https:\/\/www.diarioimagen.net\/wp-content\/uploads\/2016\/02\/emprendedor-2797.jpg 480w\" sizes=\"auto, (max-width: 420px) 100vw, 420px\" \/><\/a><p id=\"caption-attachment-254135\" class=\"wp-caption-text\">Se fomentar\u00e1 la productividad de las micro, peque\u00f1as y medianas empresas para incentivar el crecimiento econ\u00f3mico.<\/p><\/div>\n<p>&nbsp;<\/p>\n<p>El titular del Instituto Nacional del Emprendedor (Inadem), Enrique Jacob Rocha, destac\u00f3 que este a\u00f1o el Fondo Nacional del Emprendedor destinar\u00e1 7 mil 200 millones de pesos, a fin de impulsar el ecosistema emprendedor en el pa\u00eds.<\/p>\n<p>Durante la presentaci\u00f3n de las reglas de operaci\u00f3n del Fondo Nacional del Emprendedor FNE 2016, el funcionario se\u00f1al\u00f3 que el objetivo es incrementar la productividad de las Micro, Peque\u00f1as y Medianas Empresas (Mipymes) para incentivar el crecimiento econ\u00f3mico.<\/p>\n<p>En ese sentido, explic\u00f3 que se trata de 19 convocatorias agrupadas en cinco categor\u00edas, como Sectores Estrat\u00e9gicos y Desarrollo Regional, Desarrollo Empresarial, Emprendedores y Financiamiento, Mipymes, as\u00ed como Apoyo para la incorporaci\u00f3n de tecnolog\u00eda.<\/p>\n<p>Las convocatorias, que se lanzar\u00e1n a partir del 15 de febrero de este a\u00f1o a trav\u00e9s del sitio, estar\u00e1n disponibles en la p\u00e1gina del Instituto, mientras que las evaluaciones de los proyectos las realizar\u00e1 un consejo consultivo integrado por un representante del sector empresarial.<\/p>\n<p>El presidente del Consejo Coordinador Empresarial, Juan Pablo Casta\u00f1\u00f3n, explic\u00f3 en su oportunidad que M\u00e9xico requiere adaptarse a los cambios tecnol\u00f3gicos que transforman la forma de hacer negocios, con empresas m\u00e1s flexibles, para generar conocimiento compartido.<\/p>\n<p>A\u00f1adi\u00f3 que 95 por ciento de las empresas en el pa\u00eds cuentan con menos de 10 empleados, por lo que este tipo de negocios son clave para la generaci\u00f3n de empleo, donde se necesitar\u00e1 crear 9 millones de nuevos empleos por a\u00f1o para 2020.<\/p>\n<p>\u201cM\u00e9xico requiere de la energ\u00eda creadora de sus j\u00f3venes y emprendedores, tambi\u00e9n requiere de talento, responsabilidad, perseverancia, compromiso, inteligencia y, por supuesto, innovaci\u00f3n, as\u00ed como condiciones y pol\u00edticas que incentiven todo ello\u201d.<\/p>\n<p>Esto, puntualiz\u00f3 Casta\u00f1\u00f3n Casta\u00f1\u00f3n, no va a lograrse si las empresas se quedan est\u00e1ticas, por lo que la \u00fanica forma de consolidarlas es con innovaci\u00f3n y generaci\u00f3n de valor, para que en un futuro sean las empresas insignia que el pa\u00eds necesita.<\/p>\n","protected":false},"excerpt":{"rendered":"<p>El titular del Instituto Nacional del Emprendedor (Inadem), Enrique Jacob Rocha, destac\u00f3 que este a\u00f1o el Fondo Nacional del Emprendedor destinar\u00e1 7 mil 200 millones de pesos, a fin de impulsar el ecosistema emprendedor en el pa\u00eds.<\/p>\n","protected":false},"author":3,"featured_media":254135,"comment_status":"open","ping_status":"open","sticky":false,"template":"","format":"standard","meta":{"_monsterinsights_skip_tracking":false,"_monsterinsights_sitenote_active":false,"_monsterinsights_sitenote_note":"","_monsterinsights_sitenote_category":0,"footnotes":""},"categories":[8],"tags":[25573,43673],"class_list":["post-254017","post","type-post","status-publish","format-standard","has-post-thumbnail","hentry","category-finanzas","tag-instituto-nacional-del-emprendedor","tag-nacional"],"_links":{"self":[{"href":"https:\/\/www.diarioimagen.net\/index.php?rest_route=\/wp\/v2\/posts\/254017","targetHints":{"allow":["GET"]}}],"collection":[{"href":"https:\/\/www.diarioimagen.net\/index.php?rest_route=\/wp\/v2\/posts"}],"about":[{"href":"https:\/\/www.diarioimagen.net\/index.php?rest_route=\/wp\/v2\/types\/post"}],"author":[{"embeddable":true,"href":"https:\/\/www.diarioimagen.net\/index.php?rest_route=\/wp\/v2\/users\/3"}],"replies":[{"embeddable":true,"href":"https:\/\/www.diarioimagen.net\/index.php?rest_route=%2Fwp%2Fv2%2Fcomments&post=254017"}],"version-history":[{"count":0,"href":"https:\/\/www.diarioimagen.net\/index.php?rest_route=\/wp\/v2\/posts\/254017\/revisions"}],"wp:featuredmedia":[{"embeddable":true,"href":"https:\/\/www.diarioimagen.net\/index.php?rest_route=\/wp\/v2\/media\/254135"}],"wp:attachment":[{"href":"https:\/\/www.diarioimagen.net\/index.php?rest_route=%2Fwp%2Fv2%2Fmedia&parent=254017"}],"wp:term":[{"taxonomy":"category","embeddable":true,"href":"https:\/\/www.diarioimagen.net\/index.php?rest_route=%2Fwp%2Fv2%2Fcategories&post=254017"},{"taxonomy":"post_tag","embeddable":true,"href":"https:\/\/www.diarioimagen.net\/index.php?rest_route=%2Fwp%2Fv2%2Ftags&post=254017"}],"curies":[{"name":"wp","href":"https:\/\/api.w.org\/{rel}","templated":true}]}}