{"id":254046,"date":"2016-02-04T00:06:02","date_gmt":"2016-02-04T06:06:02","guid":{"rendered":"http:\/\/www.diarioimagen.net\/?p=254046"},"modified":"2016-02-04T03:08:49","modified_gmt":"2016-02-04T09:08:49","slug":"capacitan-en-ecatepec-a-700-voluntarios-para-visita-papal","status":"publish","type":"post","link":"https:\/\/www.diarioimagen.net\/?p=254046","title":{"rendered":"Capacitan en Ecatepec a 700 voluntarios para visita papal"},"content":{"rendered":"<ul>\n<li><strong><em>Labores de asistencia m\u00e9dica<\/em><\/strong><\/li>\n<\/ul>\n<p>&nbsp;<\/p>\n<div id=\"attachment_254085\" style=\"width: 430px\" class=\"wp-caption aligncenter\"><a href=\"http:\/\/www.diarioimagen.net\/?attachment_id=254085\" rel=\"attachment wp-att-254085\"><img loading=\"lazy\" decoding=\"async\" aria-describedby=\"caption-attachment-254085\" class=\"size-large wp-image-254085\" src=\"http:\/\/www.diarioimagen.net\/wp-content\/uploads\/2016\/02\/ECATEPEC-2797-420x236.jpg\" alt=\"La Direcci\u00f3n de Protecci\u00f3n Civil y Bomberos capacit\u00f3 a 700 voluntarios que se sumar\u00e1n a las labores de asistencia m\u00e9dica y de resguardo de asistentes a misa multitudinaria.\" width=\"420\" height=\"236\" srcset=\"https:\/\/www.diarioimagen.net\/wp-content\/uploads\/2016\/02\/ECATEPEC-2797-420x236.jpg 420w, https:\/\/www.diarioimagen.net\/wp-content\/uploads\/2016\/02\/ECATEPEC-2797-240x135.jpg 240w, https:\/\/www.diarioimagen.net\/wp-content\/uploads\/2016\/02\/ECATEPEC-2797-235x132.jpg 235w, https:\/\/www.diarioimagen.net\/wp-content\/uploads\/2016\/02\/ECATEPEC-2797-202x114.jpg 202w, https:\/\/www.diarioimagen.net\/wp-content\/uploads\/2016\/02\/ECATEPEC-2797-350x196.jpg 350w, https:\/\/www.diarioimagen.net\/wp-content\/uploads\/2016\/02\/ECATEPEC-2797-220x123.jpg 220w, https:\/\/www.diarioimagen.net\/wp-content\/uploads\/2016\/02\/ECATEPEC-2797-237x132.jpg 237w, https:\/\/www.diarioimagen.net\/wp-content\/uploads\/2016\/02\/ECATEPEC-2797.jpg 480w\" sizes=\"auto, (max-width: 420px) 100vw, 420px\" \/><\/a><p id=\"caption-attachment-254085\" class=\"wp-caption-text\">La Direcci\u00f3n de Protecci\u00f3n Civil y Bomberos capacit\u00f3 a 700 voluntarios que se sumar\u00e1n a las labores de asistencia m\u00e9dica y de resguardo de asistentes a misa multitudinaria.<\/p><\/div>\n<p>&nbsp;<\/p>\n<p><strong>Ecatepec, Estado de M\u00e9xico<\/strong>.- Debido a que se esperan a m\u00e1s de 2 millones de personas en la visita del papa Francisco,\u00a0el gobierno local, a trav\u00e9s de la Direcci\u00f3n de Protecci\u00f3n Civil y Bomberos,\u00a0 capacit\u00f3 a 700 voluntarios para que se sumen a las labores de asistencia m\u00e9dica y de resguardo de los asistentes.<\/p>\n<p>Las personas que recibieron el adiestramiento pertenecen a 10 di\u00f3cesis de distintos municipios del Estado de M\u00e9xico y de otras entidades del pa\u00eds, quienes a su vez, se encargar\u00e1n de ense\u00f1ar esos conocimientos a los grupos a su cargo, con lo cual se podr\u00e1 contar con 3 mil 500 voluntarios aptos para auxiliar a los feligreses.<\/p>\n<p>Los voluntarios pertenecen a las di\u00f3cesis de Tlalnepantla, Nezahualc\u00f3yotl, Texcoco, Teotihuac\u00e1n, Cuautitl\u00e1n Izcalli, Cuautitl\u00e1n M\u00e9xico, Toluca, as\u00ed como el municipio de L\u00e1zaro C\u00e1rdenas, en Michoac\u00e1n,\u00a0y de Monterrey, Nuevo Le\u00f3n.<\/p>\n<p>Indalecio R\u00edos Vel\u00e1zquez, presidente municipal, inform\u00f3 que los temas aprendidos por los voluntarios son en atenci\u00f3n a personas con discapacidad o alguna enfermedad cr\u00f3nica, adultos mayores y mujeres embarazadas; ubicaci\u00f3n de puntos de reuni\u00f3n y manejo de masas, as\u00ed como detecci\u00f3n de riesgos como \u00a0 \u00a0-incidentes e incendios-; realizar evacuaciones controladas y manejar diferentes tipos crisis.<\/p>\n<p>\u201cAnte un evento de tal magnitud, como gobierno tenemos la responsabilidad de otorgar las mejores medidas preventivas, por ello, el\u00a0personal del Protecci\u00f3n Civil cre\u00f3 un programa de acci\u00f3n e informaci\u00f3n, el cual impartieron a estos voluntarios de 10 diferentes di\u00f3cesis del pa\u00eds\u201d, dijo el edil.<\/p>\n<p>En el curso impartido por la Direcci\u00f3n de Protecci\u00f3n Civil municipal los voluntarios tambi\u00e9n aprendieron medidas de seguridad necesarias como la localizaci\u00f3n de rutas de evacuaci\u00f3n, identificaci\u00f3n de los puestos de auxilio e hidrataci\u00f3n, as\u00ed como cuidado propio que incluye \u00a0la alimentaci\u00f3n adecuada.<\/p>\n","protected":false},"excerpt":{"rendered":"<p>Debido a que se esperan a m\u00e1s de 2 millones de personas en la visita del papa Francisco, el gobierno local, a trav\u00e9s de la Direcci\u00f3n de Protecci\u00f3n Civil y Bomberos,  capacit\u00f3 a 700 voluntarios para que se sumen a las labores de asistencia m\u00e9dica y de resguardo de los asistentes.<\/p>\n","protected":false},"author":3,"featured_media":254085,"comment_status":"open","ping_status":"open","sticky":false,"template":"","format":"standard","meta":{"_monsterinsights_skip_tracking":false,"_monsterinsights_sitenote_active":false,"_monsterinsights_sitenote_note":"","_monsterinsights_sitenote_category":0,"footnotes":""},"categories":[35155],"tags":[454,43675,27237,29873,15501],"class_list":["post-254046","post","type-post","status-publish","format-standard","has-post-thumbnail","hentry","category-estado-de-mexico-estado-de-mexico","tag-ecatepec","tag-estado-de-mexico","tag-francisco","tag-papa","tag-visita"],"_links":{"self":[{"href":"https:\/\/www.diarioimagen.net\/index.php?rest_route=\/wp\/v2\/posts\/254046","targetHints":{"allow":["GET"]}}],"collection":[{"href":"https:\/\/www.diarioimagen.net\/index.php?rest_route=\/wp\/v2\/posts"}],"about":[{"href":"https:\/\/www.diarioimagen.net\/index.php?rest_route=\/wp\/v2\/types\/post"}],"author":[{"embeddable":true,"href":"https:\/\/www.diarioimagen.net\/index.php?rest_route=\/wp\/v2\/users\/3"}],"replies":[{"embeddable":true,"href":"https:\/\/www.diarioimagen.net\/index.php?rest_route=%2Fwp%2Fv2%2Fcomments&post=254046"}],"version-history":[{"count":0,"href":"https:\/\/www.diarioimagen.net\/index.php?rest_route=\/wp\/v2\/posts\/254046\/revisions"}],"wp:featuredmedia":[{"embeddable":true,"href":"https:\/\/www.diarioimagen.net\/index.php?rest_route=\/wp\/v2\/media\/254085"}],"wp:attachment":[{"href":"https:\/\/www.diarioimagen.net\/index.php?rest_route=%2Fwp%2Fv2%2Fmedia&parent=254046"}],"wp:term":[{"taxonomy":"category","embeddable":true,"href":"https:\/\/www.diarioimagen.net\/index.php?rest_route=%2Fwp%2Fv2%2Fcategories&post=254046"},{"taxonomy":"post_tag","embeddable":true,"href":"https:\/\/www.diarioimagen.net\/index.php?rest_route=%2Fwp%2Fv2%2Ftags&post=254046"}],"curies":[{"name":"wp","href":"https:\/\/api.w.org\/{rel}","templated":true}]}}