{"id":254048,"date":"2016-02-04T00:05:18","date_gmt":"2016-02-04T06:05:18","guid":{"rendered":"http:\/\/www.diarioimagen.net\/?p=254048"},"modified":"2016-02-04T03:10:31","modified_gmt":"2016-02-04T09:10:31","slug":"llevan-a-atizapan-exposicion-sobre-cuerpo-humano","status":"publish","type":"post","link":"https:\/\/www.diarioimagen.net\/?p=254048","title":{"rendered":"Llevan a Atizap\u00e1n exposici\u00f3n sobre cuerpo humano"},"content":{"rendered":"<ul>\n<li><strong><em>Cuidado de la salud<\/em><\/strong><\/li>\n<\/ul>\n<p>&nbsp;<\/p>\n<div id=\"attachment_254088\" style=\"width: 430px\" class=\"wp-caption aligncenter\"><a href=\"http:\/\/www.diarioimagen.net\/?attachment_id=254088\" rel=\"attachment wp-att-254088\"><img loading=\"lazy\" decoding=\"async\" aria-describedby=\"caption-attachment-254088\" class=\"size-large wp-image-254088\" src=\"http:\/\/www.diarioimagen.net\/wp-content\/uploads\/2016\/02\/ATIZAPAN-2797-420x236.jpg\" alt=\"Fetos, \u00f3rganos, articulaciones, vertebras, entre otros\u00a0sistemas estar\u00e1n expuestos de manera real en el patio central del Palacio Municipal del 2 al 17 de febrero.\" width=\"420\" height=\"236\" srcset=\"https:\/\/www.diarioimagen.net\/wp-content\/uploads\/2016\/02\/ATIZAPAN-2797-420x236.jpg 420w, https:\/\/www.diarioimagen.net\/wp-content\/uploads\/2016\/02\/ATIZAPAN-2797-240x135.jpg 240w, https:\/\/www.diarioimagen.net\/wp-content\/uploads\/2016\/02\/ATIZAPAN-2797-235x132.jpg 235w, https:\/\/www.diarioimagen.net\/wp-content\/uploads\/2016\/02\/ATIZAPAN-2797-202x114.jpg 202w, https:\/\/www.diarioimagen.net\/wp-content\/uploads\/2016\/02\/ATIZAPAN-2797-350x196.jpg 350w, https:\/\/www.diarioimagen.net\/wp-content\/uploads\/2016\/02\/ATIZAPAN-2797-220x123.jpg 220w, https:\/\/www.diarioimagen.net\/wp-content\/uploads\/2016\/02\/ATIZAPAN-2797-237x132.jpg 237w, https:\/\/www.diarioimagen.net\/wp-content\/uploads\/2016\/02\/ATIZAPAN-2797.jpg 480w\" sizes=\"auto, (max-width: 420px) 100vw, 420px\" \/><\/a><p id=\"caption-attachment-254088\" class=\"wp-caption-text\">Fetos, \u00f3rganos, articulaciones, vertebras, entre otros\u00a0sistemas estar\u00e1n expuestos de manera real en el patio central del Palacio Municipal del 2 al 17 de febrero.<\/p><\/div>\n<p>&nbsp;<\/p>\n<p><strong>Atizap\u00e1n, Estado de M\u00e9xico<\/strong>.- Con el prop\u00f3sito de conocer el cuerpo humano y concientizar sobre la importancia de cuidar nuestra salud,\u00a0el H. Ayuntamiento, a trav\u00e9s de la Direcci\u00f3n de Cultura Arte y Recreaci\u00f3n trae la exposici\u00f3n\u00a0\u201cLa Fascinante Expresi\u00f3n de la Vida, el Cuerpo Humano\u201d,\u00a0conformada por\u00a040 partes expuestas del cuerpo humano.<\/p>\n<p>Gracias a los estudios e investigaciones de la\u00a0Universidad Tominaga Nakamoto\u00a0y de la fundaci\u00f3n del mismo nombre,\u00a0esta exposici\u00f3n representa una visi\u00f3n al interior del cuerpo humano\u00a0que contribuye al conocimiento sobre las distintas partes del mismo y su funcionamiento y que forman parte de una colecci\u00f3n de 75 piezas.<\/p>\n<p>Durante la inauguraci\u00f3n de esta exposici\u00f3n, el titular de la Direcci\u00f3n de Cultura, Arte y Recreaci\u00f3n, Edgar Rainier Palacios Landeros, explica el compromiso\u00a0\u00a0que tiene la alcaldesa Ana Mar\u00eda Balderas Trejo, en difundir la cultura\u00a0\u00a0en el municipio como nunca antes se hab\u00eda observado.<\/p>\n<p>Durante la exposici\u00f3n,\u00a0la doctora Mildred Manjarrez coordinadora de la fundaci\u00f3n, explic\u00f3 que la importancia de tratar temas como salud y cuerpo humano radica en conocer que\u00a0cada \u00f3rgano y sistema que lo conforman tienen una funci\u00f3n elemental.<\/p>\n","protected":false},"excerpt":{"rendered":"<p>Con el prop\u00f3sito de conocer el cuerpo humano y concientizar sobre la importancia de cuidar nuestra salud, el H. Ayuntamiento, a trav\u00e9s de la Direcci\u00f3n de Cultura Arte y Recreaci\u00f3n trae la exposici\u00f3n \u201cLa Fascinante Expresi\u00f3n de la Vida, el Cuerpo Humano\u201d, conformada por 40 partes expuestas del cuerpo humano.<\/p>\n","protected":false},"author":3,"featured_media":254088,"comment_status":"open","ping_status":"open","sticky":false,"template":"","format":"standard","meta":{"_monsterinsights_skip_tracking":false,"_monsterinsights_sitenote_active":false,"_monsterinsights_sitenote_note":"","_monsterinsights_sitenote_category":0,"footnotes":""},"categories":[35155],"tags":[969,43675,46918],"class_list":["post-254048","post","type-post","status-publish","format-standard","has-post-thumbnail","hentry","category-estado-de-mexico-estado-de-mexico","tag-atizapan","tag-estado-de-mexico","tag-exposicion"],"_links":{"self":[{"href":"https:\/\/www.diarioimagen.net\/index.php?rest_route=\/wp\/v2\/posts\/254048","targetHints":{"allow":["GET"]}}],"collection":[{"href":"https:\/\/www.diarioimagen.net\/index.php?rest_route=\/wp\/v2\/posts"}],"about":[{"href":"https:\/\/www.diarioimagen.net\/index.php?rest_route=\/wp\/v2\/types\/post"}],"author":[{"embeddable":true,"href":"https:\/\/www.diarioimagen.net\/index.php?rest_route=\/wp\/v2\/users\/3"}],"replies":[{"embeddable":true,"href":"https:\/\/www.diarioimagen.net\/index.php?rest_route=%2Fwp%2Fv2%2Fcomments&post=254048"}],"version-history":[{"count":0,"href":"https:\/\/www.diarioimagen.net\/index.php?rest_route=\/wp\/v2\/posts\/254048\/revisions"}],"wp:featuredmedia":[{"embeddable":true,"href":"https:\/\/www.diarioimagen.net\/index.php?rest_route=\/wp\/v2\/media\/254088"}],"wp:attachment":[{"href":"https:\/\/www.diarioimagen.net\/index.php?rest_route=%2Fwp%2Fv2%2Fmedia&parent=254048"}],"wp:term":[{"taxonomy":"category","embeddable":true,"href":"https:\/\/www.diarioimagen.net\/index.php?rest_route=%2Fwp%2Fv2%2Fcategories&post=254048"},{"taxonomy":"post_tag","embeddable":true,"href":"https:\/\/www.diarioimagen.net\/index.php?rest_route=%2Fwp%2Fv2%2Ftags&post=254048"}],"curies":[{"name":"wp","href":"https:\/\/api.w.org\/{rel}","templated":true}]}}