{"id":254051,"date":"2016-02-04T00:04:06","date_gmt":"2016-02-04T06:04:06","guid":{"rendered":"http:\/\/www.diarioimagen.net\/?p=254051"},"modified":"2016-02-04T03:12:40","modified_gmt":"2016-02-04T09:12:40","slug":"llama-metepec-a-empoderar-a-la-mujer","status":"publish","type":"post","link":"https:\/\/www.diarioimagen.net\/?p=254051","title":{"rendered":"Llama Metepec a empoderar a la mujer"},"content":{"rendered":"<ul>\n<li><strong><em>Se re\u00fanen representantes de 22 municipios<\/em><\/strong><\/li>\n<\/ul>\n<p>&nbsp;<\/p>\n<div id=\"attachment_254093\" style=\"width: 430px\" class=\"wp-caption aligncenter\"><a href=\"http:\/\/www.diarioimagen.net\/?attachment_id=254093\" rel=\"attachment wp-att-254093\"><img loading=\"lazy\" decoding=\"async\" aria-describedby=\"caption-attachment-254093\" class=\"size-large wp-image-254093\" src=\"http:\/\/www.diarioimagen.net\/wp-content\/uploads\/2016\/02\/Metepec-2797-420x236.jpg\" alt=\"La directora de Equidad de G\u00e9nero de Metepec, Mar\u00eda del Carmen Camacho Lira, particip\u00f3 en la primera reuni\u00f3n con titulares de las instancias municipales de la mujer de la regi\u00f3n VI.\" width=\"420\" height=\"236\" srcset=\"https:\/\/www.diarioimagen.net\/wp-content\/uploads\/2016\/02\/Metepec-2797-420x236.jpg 420w, https:\/\/www.diarioimagen.net\/wp-content\/uploads\/2016\/02\/Metepec-2797-240x135.jpg 240w, https:\/\/www.diarioimagen.net\/wp-content\/uploads\/2016\/02\/Metepec-2797-235x132.jpg 235w, https:\/\/www.diarioimagen.net\/wp-content\/uploads\/2016\/02\/Metepec-2797-202x114.jpg 202w, https:\/\/www.diarioimagen.net\/wp-content\/uploads\/2016\/02\/Metepec-2797-350x196.jpg 350w, https:\/\/www.diarioimagen.net\/wp-content\/uploads\/2016\/02\/Metepec-2797-220x123.jpg 220w, https:\/\/www.diarioimagen.net\/wp-content\/uploads\/2016\/02\/Metepec-2797-237x132.jpg 237w, https:\/\/www.diarioimagen.net\/wp-content\/uploads\/2016\/02\/Metepec-2797.jpg 480w\" sizes=\"auto, (max-width: 420px) 100vw, 420px\" \/><\/a><p id=\"caption-attachment-254093\" class=\"wp-caption-text\">La directora de Equidad de G\u00e9nero de Metepec, Mar\u00eda del Carmen Camacho Lira, particip\u00f3 en la primera reuni\u00f3n con titulares de las instancias municipales de la mujer de la regi\u00f3n VI.<\/p><\/div>\n<p>&nbsp;<\/p>\n<p><strong>Metepec, Estado de M\u00e9xico<\/strong>.- En el marco de la primera reuni\u00f3n con titulares de las instancias municipales de la mujer de la regi\u00f3n VI, representantes de 22 municipios se dieron cita en Metepec para reiterar la suma de trabajo en coordinaci\u00f3n con el Consejo Estatal de la Mujer y Bienestar Social (CEMyBS).<\/p>\n<p>La directora de Equidad de G\u00e9nero de Metepec, Mar\u00eda del Carmen Camacho Lira, agradeci\u00f3 al gobierno estatal por permitir que Metepec y otros municipios como Mexicaltzingo, Chapultepec, Santa Mar\u00eda Ray\u00f3n, Tenango del Valle, puedan acercar a la poblaci\u00f3n los programas que operan en el CEMyBS.<\/p>\n<p>\u201cEn Metepec, las mujeres tienen un aliado, porque unidas podemos hacer un trabajo muy grande con logros precisos. Necesitamos impulsar a la mujer. Con estas acciones en las que trabajamos,\u00a0 logramos empoderar a la mujer, mediante capacitaciones\u201d, destac\u00f3 en entrevista Mar\u00eda del Carmen Camacho Lira.<\/p>\n<p>En el evento estuvo presente la delegada del CEMyBS en la regi\u00f3n VI Toluca, Diana Garza Mej\u00eda, adem\u00e1s de representantes de las \u00e1reas m\u00e1s importantes del CEMyBS para dar a conocer temas de \u00a0transversalidad, equidad de g\u00e9nero, el D\u00eda Naranja, jornadas, p\u00f3lizas, asistencia jur\u00eddica y\u00a0 psicol\u00f3gica.<\/p>\n","protected":false},"excerpt":{"rendered":"<p>En el marco de la primera reuni\u00f3n con titulares de las instancias municipales de la mujer de la regi\u00f3n VI, representantes de 22 municipios se dieron cita en Metepec para reiterar la suma de trabajo en coordinaci\u00f3n con el Consejo Estatal de la Mujer y Bienestar Social (CEMyBS).<\/p>\n","protected":false},"author":3,"featured_media":254093,"comment_status":"open","ping_status":"open","sticky":false,"template":"","format":"standard","meta":{"_monsterinsights_skip_tracking":false,"_monsterinsights_sitenote_active":false,"_monsterinsights_sitenote_note":"","_monsterinsights_sitenote_category":0,"footnotes":""},"categories":[35155],"tags":[43675,876,7254],"class_list":["post-254051","post","type-post","status-publish","format-standard","has-post-thumbnail","hentry","category-estado-de-mexico-estado-de-mexico","tag-estado-de-mexico","tag-metepec","tag-mujer"],"_links":{"self":[{"href":"https:\/\/www.diarioimagen.net\/index.php?rest_route=\/wp\/v2\/posts\/254051","targetHints":{"allow":["GET"]}}],"collection":[{"href":"https:\/\/www.diarioimagen.net\/index.php?rest_route=\/wp\/v2\/posts"}],"about":[{"href":"https:\/\/www.diarioimagen.net\/index.php?rest_route=\/wp\/v2\/types\/post"}],"author":[{"embeddable":true,"href":"https:\/\/www.diarioimagen.net\/index.php?rest_route=\/wp\/v2\/users\/3"}],"replies":[{"embeddable":true,"href":"https:\/\/www.diarioimagen.net\/index.php?rest_route=%2Fwp%2Fv2%2Fcomments&post=254051"}],"version-history":[{"count":0,"href":"https:\/\/www.diarioimagen.net\/index.php?rest_route=\/wp\/v2\/posts\/254051\/revisions"}],"wp:featuredmedia":[{"embeddable":true,"href":"https:\/\/www.diarioimagen.net\/index.php?rest_route=\/wp\/v2\/media\/254093"}],"wp:attachment":[{"href":"https:\/\/www.diarioimagen.net\/index.php?rest_route=%2Fwp%2Fv2%2Fmedia&parent=254051"}],"wp:term":[{"taxonomy":"category","embeddable":true,"href":"https:\/\/www.diarioimagen.net\/index.php?rest_route=%2Fwp%2Fv2%2Fcategories&post=254051"},{"taxonomy":"post_tag","embeddable":true,"href":"https:\/\/www.diarioimagen.net\/index.php?rest_route=%2Fwp%2Fv2%2Ftags&post=254051"}],"curies":[{"name":"wp","href":"https:\/\/api.w.org\/{rel}","templated":true}]}}