{"id":254053,"date":"2016-02-04T00:03:51","date_gmt":"2016-02-04T06:03:51","guid":{"rendered":"http:\/\/www.diarioimagen.net\/?p=254053"},"modified":"2016-02-04T03:14:13","modified_gmt":"2016-02-04T09:14:13","slug":"remozaran-planteles-escolares-en-tultitlan","status":"publish","type":"post","link":"https:\/\/www.diarioimagen.net\/?p=254053","title":{"rendered":"Remozar\u00e1n planteles escolares en Tultitl\u00e1n"},"content":{"rendered":"<ul>\n<li><strong><em>Programa \u201cUna Obra o Acci\u00f3n por Escuela\u201d<\/em><\/strong><\/li>\n<\/ul>\n<p>&nbsp;<\/p>\n<div id=\"attachment_254098\" style=\"width: 430px\" class=\"wp-caption aligncenter\"><a href=\"http:\/\/www.diarioimagen.net\/?attachment_id=254098\" rel=\"attachment wp-att-254098\"><img loading=\"lazy\" decoding=\"async\" aria-describedby=\"caption-attachment-254098\" class=\"size-large wp-image-254098\" src=\"http:\/\/www.diarioimagen.net\/wp-content\/uploads\/2016\/02\/TULTITLAN-2797-420x280.jpg\" alt=\"Ricardo Iriarte Mercado asisti\u00f3 en representaci\u00f3n del presidente municipal, Jorge Ad\u00e1n Barr\u00f3n Elizalde, al inicio del semestre en el CETIS 95 \u201cMariano Escobedo\u201d.\" width=\"420\" height=\"280\" srcset=\"https:\/\/www.diarioimagen.net\/wp-content\/uploads\/2016\/02\/TULTITLAN-2797-420x280.jpg 420w, https:\/\/www.diarioimagen.net\/wp-content\/uploads\/2016\/02\/TULTITLAN-2797-240x160.jpg 240w, https:\/\/www.diarioimagen.net\/wp-content\/uploads\/2016\/02\/TULTITLAN-2797.jpg 700w\" sizes=\"auto, (max-width: 420px) 100vw, 420px\" \/><\/a><p id=\"caption-attachment-254098\" class=\"wp-caption-text\">Ricardo Iriarte Mercado asisti\u00f3 en representaci\u00f3n del presidente municipal, Jorge Ad\u00e1n Barr\u00f3n Elizalde, al inicio del semestre en el CETIS 95 \u201cMariano Escobedo\u201d.<\/p><\/div>\n<p>&nbsp;<\/p>\n<p><strong>Tultitl\u00e1n, Estado de M\u00e9xico<\/strong>.- El secretario del Ayuntamiento, Ricardo Iriarte Mercado, afirm\u00f3 que el gobierno que preside Jorge Ad\u00e1n Barr\u00f3n Elizalde, tiene como prioridades el tema educativo, por lo que en los pr\u00f3ximos d\u00edas, a trav\u00e9s del programa \u201cUna Obra o Acci\u00f3n por Escuela\u201d implementar\u00e1 diversas acciones que contribuyan al mejoramiento de 100 instituciones\u00a0p\u00fablicas de la demarcaci\u00f3n durante el primer a\u00f1o de gobierno.<\/p>\n<p>Asimismo, dijo que en reconocimiento al desempe\u00f1o educativo de los alumnos, la administraci\u00f3n 2016-2018, estar\u00e1 entregando becas educativas a la comunidad estudiantil de nivel b\u00e1sico, las cuales beneficiar\u00e1n tanto escuelas federalizadas como estatales que existen en el municipio.<\/p>\n<p>Al asistir en representaci\u00f3n del presidente municipal, Jorge Ad\u00e1n Barr\u00f3n Elizalde, al inicio del semestre en el Centro de Estudios Tecnol\u00f3gicos Industrial y de Servicios (CETIS) 95 \u201cMariano Escobedo\u201d, el cual se ubica en la zona sur del municipio, Iriarte Mercado pidi\u00f3 a la comunidad estudiantil a seguir adelante con su preparaci\u00f3n acad\u00e9mica, al tiempo que subray\u00f3 que el estudio es la base en la formaci\u00f3n de todo ser humano.<\/p>\n<p>Acompa\u00f1ado por el director del (CETIS) 95 \u201cMariano Escobedo\u201d, Tom\u00e1s Moreno Hern\u00e1ndez y Ricardo Iriarte, inauguraron un aula virtual para estudiantes con capacidades diferentes que asisten a este plantel adem\u00e1s del laboratorio de qu\u00edmica.<\/p>\n<p>Cabe se\u00f1alar que a este plantel de educaci\u00f3n media superior, asisten alumnos con\u00a0 capacidades diferentes, quienes al igual que el resto de los alumnos se les brindan las bases para un mejor futuro.<\/p>\n","protected":false},"excerpt":{"rendered":"<p> El secretario del Ayuntamiento, Ricardo Iriarte Mercado, afirm\u00f3 que el gobierno que preside Jorge Ad\u00e1n Barr\u00f3n Elizalde, tiene como prioridades el tema educativo, por lo que en los pr\u00f3ximos d\u00edas, a trav\u00e9s del programa \u201cUna Obra o Acci\u00f3n por Escuela\u201d implementar\u00e1 diversas acciones que contribuyan al mejoramiento de 100 instituciones p\u00fablicas de la demarcaci\u00f3n durante el primer a\u00f1o de gobierno.<\/p>\n","protected":false},"author":3,"featured_media":254098,"comment_status":"open","ping_status":"open","sticky":false,"template":"","format":"standard","meta":{"_monsterinsights_skip_tracking":false,"_monsterinsights_sitenote_active":false,"_monsterinsights_sitenote_note":"","_monsterinsights_sitenote_category":0,"footnotes":""},"categories":[35155],"tags":[43675,578],"class_list":["post-254053","post","type-post","status-publish","format-standard","has-post-thumbnail","hentry","category-estado-de-mexico-estado-de-mexico","tag-estado-de-mexico","tag-tultitlan"],"_links":{"self":[{"href":"https:\/\/www.diarioimagen.net\/index.php?rest_route=\/wp\/v2\/posts\/254053","targetHints":{"allow":["GET"]}}],"collection":[{"href":"https:\/\/www.diarioimagen.net\/index.php?rest_route=\/wp\/v2\/posts"}],"about":[{"href":"https:\/\/www.diarioimagen.net\/index.php?rest_route=\/wp\/v2\/types\/post"}],"author":[{"embeddable":true,"href":"https:\/\/www.diarioimagen.net\/index.php?rest_route=\/wp\/v2\/users\/3"}],"replies":[{"embeddable":true,"href":"https:\/\/www.diarioimagen.net\/index.php?rest_route=%2Fwp%2Fv2%2Fcomments&post=254053"}],"version-history":[{"count":0,"href":"https:\/\/www.diarioimagen.net\/index.php?rest_route=\/wp\/v2\/posts\/254053\/revisions"}],"wp:featuredmedia":[{"embeddable":true,"href":"https:\/\/www.diarioimagen.net\/index.php?rest_route=\/wp\/v2\/media\/254098"}],"wp:attachment":[{"href":"https:\/\/www.diarioimagen.net\/index.php?rest_route=%2Fwp%2Fv2%2Fmedia&parent=254053"}],"wp:term":[{"taxonomy":"category","embeddable":true,"href":"https:\/\/www.diarioimagen.net\/index.php?rest_route=%2Fwp%2Fv2%2Fcategories&post=254053"},{"taxonomy":"post_tag","embeddable":true,"href":"https:\/\/www.diarioimagen.net\/index.php?rest_route=%2Fwp%2Fv2%2Ftags&post=254053"}],"curies":[{"name":"wp","href":"https:\/\/api.w.org\/{rel}","templated":true}]}}