{"id":254055,"date":"2016-02-04T00:02:37","date_gmt":"2016-02-04T06:02:37","guid":{"rendered":"http:\/\/www.diarioimagen.net\/?p=254055"},"modified":"2016-02-04T03:16:44","modified_gmt":"2016-02-04T09:16:44","slug":"reanudaran-programa-de-becas-en-tlalnepantla","status":"publish","type":"post","link":"https:\/\/www.diarioimagen.net\/?p=254055","title":{"rendered":"Reanudar\u00e1n programa de becas en Tlalnepantla"},"content":{"rendered":"<ul>\n<li><strong><em>Impulso a la educaci\u00f3n<\/em><\/strong><\/li>\n<\/ul>\n<p>&nbsp;<\/p>\n<div id=\"attachment_254103\" style=\"width: 430px\" class=\"wp-caption aligncenter\"><a href=\"http:\/\/www.diarioimagen.net\/?attachment_id=254103\" rel=\"attachment wp-att-254103\"><img loading=\"lazy\" decoding=\"async\" aria-describedby=\"caption-attachment-254103\" class=\"size-large wp-image-254103\" src=\"http:\/\/www.diarioimagen.net\/wp-content\/uploads\/2016\/02\/TLALNEPANTLA-2797-420x275.jpg\" alt=\"La alcaldesa Denisse Ugalde Alegr\u00eda entreg\u00f3 los trabajos de rehabilitaci\u00f3n integral de la escuela primaria \u201cIgnacio Zaragoza\u201d, en el fraccionamiento Ex Hacienda de Santa M\u00f3nica.\" width=\"420\" height=\"275\" srcset=\"https:\/\/www.diarioimagen.net\/wp-content\/uploads\/2016\/02\/TLALNEPANTLA-2797-420x275.jpg 420w, https:\/\/www.diarioimagen.net\/wp-content\/uploads\/2016\/02\/TLALNEPANTLA-2797-240x157.jpg 240w, https:\/\/www.diarioimagen.net\/wp-content\/uploads\/2016\/02\/TLALNEPANTLA-2797.jpg 700w\" sizes=\"auto, (max-width: 420px) 100vw, 420px\" \/><\/a><p id=\"caption-attachment-254103\" class=\"wp-caption-text\">La alcaldesa Denisse Ugalde Alegr\u00eda entreg\u00f3 los trabajos de rehabilitaci\u00f3n integral de la escuela primaria \u201cIgnacio Zaragoza\u201d, en el fraccionamiento Ex Hacienda de Santa M\u00f3nica.<\/p><\/div>\n<p>&nbsp;<\/p>\n<p><strong>Tlalnepantla, Estado de M\u00e9xico<\/strong>.- La presidenta municipal Denisse Ugalde Alegr\u00eda inform\u00f3 que el pr\u00f3ximo 26 de febrero se reanudar\u00e1 el programa de becas escolares, el cual qued\u00f3 pendiente desde la pasada administraci\u00f3n y en apoyo a las sociedades de padres de familia,\u00a0 se realizar\u00e1n los pagos respectivos a los conserjes de los planteles educativos a partir del 10 de este mes.<\/p>\n<p>Al hacer entrega de los trabajos de rehabilitaci\u00f3n integral de la escuela primaria \u201cIgnacio Zaragoza\u201d, en el fraccionamiento Ex Hacienda de Santa M\u00f3nica, la afirm\u00f3 que el impulso a la educaci\u00f3n permite sentar las bases para la superaci\u00f3n personal, moral y profesional de los ni\u00f1os y j\u00f3venes del municipio.<\/p>\n<p>Subray\u00f3 que \u201cel principal esfuerzo de las instituciones p\u00fablicas y sus representantes va enfocado a los \u00a0ni\u00f1os,\u00a0 porque ser\u00e1n ellos los que construyan ese M\u00e9xico de logros, de equidad social, de justicia y de oportunidades\u201d.<\/p>\n<p>Acompa\u00f1ada por autoridades educativas y municipales, Ugalde Alegr\u00eda\u00a0 puso \u00a0en marcha el programa \u201cMe Muevo Sano, Culto y Feliz\u201d, a trav\u00e9s del cual se fomentar\u00e1n actividades deportivas y culturales en todas las escuelas del municipio, para reforzar el desarrollo educativo de los estudiantes.<\/p>\n<p>\u201cPara nosotros no s\u00f3lo es importante una mejor infraestructura en las escuelas, sino tambi\u00e9n la cultura, el deporte y la educaci\u00f3n son fundamentales para tener ni\u00f1os sanos, inteligentes y desarrollados que puedan aspirar a mejores condiciones de vida y mayores oportunidades\u201d, enfatiz\u00f3.<\/p>\n<p>A\u00f1adi\u00f3 que \u201clas escuelas m\u00e1s bonitas, donde los ni\u00f1os se portan mejor y son m\u00e1s participativos, son aquellas donde trabajan y hacen equipo los pap\u00e1s, las autoridades educativas y el gobierno\u201d.<\/p>\n","protected":false},"excerpt":{"rendered":"<p>La presidenta municipal Denisse Ugalde Alegr\u00eda inform\u00f3 que el pr\u00f3ximo 26 de febrero se reanudar\u00e1 el programa de becas escolares, el cual qued\u00f3 pendiente desde la pasada administraci\u00f3n y en apoyo a las sociedades de padres de familia,  se realizar\u00e1n los pagos respectivos a los conserjes de los planteles educativos a partir del 10 de este mes.<\/p>\n","protected":false},"author":3,"featured_media":254103,"comment_status":"open","ping_status":"open","sticky":false,"template":"","format":"standard","meta":{"_monsterinsights_skip_tracking":false,"_monsterinsights_sitenote_active":false,"_monsterinsights_sitenote_note":"","_monsterinsights_sitenote_category":0,"footnotes":""},"categories":[35155],"tags":[11642,45490,43675,169],"class_list":["post-254055","post","type-post","status-publish","format-standard","has-post-thumbnail","hentry","category-estado-de-mexico-estado-de-mexico","tag-becas","tag-denisse-ugalde-alegria","tag-estado-de-mexico","tag-tlalnepantla"],"_links":{"self":[{"href":"https:\/\/www.diarioimagen.net\/index.php?rest_route=\/wp\/v2\/posts\/254055","targetHints":{"allow":["GET"]}}],"collection":[{"href":"https:\/\/www.diarioimagen.net\/index.php?rest_route=\/wp\/v2\/posts"}],"about":[{"href":"https:\/\/www.diarioimagen.net\/index.php?rest_route=\/wp\/v2\/types\/post"}],"author":[{"embeddable":true,"href":"https:\/\/www.diarioimagen.net\/index.php?rest_route=\/wp\/v2\/users\/3"}],"replies":[{"embeddable":true,"href":"https:\/\/www.diarioimagen.net\/index.php?rest_route=%2Fwp%2Fv2%2Fcomments&post=254055"}],"version-history":[{"count":0,"href":"https:\/\/www.diarioimagen.net\/index.php?rest_route=\/wp\/v2\/posts\/254055\/revisions"}],"wp:featuredmedia":[{"embeddable":true,"href":"https:\/\/www.diarioimagen.net\/index.php?rest_route=\/wp\/v2\/media\/254103"}],"wp:attachment":[{"href":"https:\/\/www.diarioimagen.net\/index.php?rest_route=%2Fwp%2Fv2%2Fmedia&parent=254055"}],"wp:term":[{"taxonomy":"category","embeddable":true,"href":"https:\/\/www.diarioimagen.net\/index.php?rest_route=%2Fwp%2Fv2%2Fcategories&post=254055"},{"taxonomy":"post_tag","embeddable":true,"href":"https:\/\/www.diarioimagen.net\/index.php?rest_route=%2Fwp%2Fv2%2Ftags&post=254055"}],"curies":[{"name":"wp","href":"https:\/\/api.w.org\/{rel}","templated":true}]}}