{"id":254227,"date":"2016-02-04T23:35:09","date_gmt":"2016-02-05T05:35:09","guid":{"rendered":"http:\/\/www.diarioimagen.net\/?p=254227"},"modified":"2016-02-05T06:01:15","modified_gmt":"2016-02-05T12:01:15","slug":"playa-limbo-logra-sold-out-para-su-proximo-concierto-en-el-metropolitan","status":"publish","type":"post","link":"https:\/\/www.diarioimagen.net\/?p=254227","title":{"rendered":"Playa Limbo logra <em>Sold Out<\/em> para su pr\u00f3ximo concierto en el Metrop\u00f3litan"},"content":{"rendered":"<ul>\n<li><strong><em>Este es el segundo lleno total del cuarteto en este recinto, despu\u00e9s de su concierto del pasado 19 de septiembre<\/em><\/strong><\/li>\n<li><strong><em>Sasha, Benny y Erik, as\u00ed como Las Tres Grandes: Guadalupe Pineda, Eugenia Le\u00f3n y Tania Libertad ser\u00e1n los invitados de lujo en esa gran noche<\/em><\/strong><\/li>\n<\/ul>\n<p>&nbsp;<\/p>\n<div id=\"attachment_254228\" style=\"width: 430px\" class=\"wp-caption aligncenter\"><a href=\"http:\/\/www.diarioimagen.net\/?attachment_id=254228\" rel=\"attachment wp-att-254228\"><img loading=\"lazy\" decoding=\"async\" aria-describedby=\"caption-attachment-254228\" class=\"wp-image-254228 size-large\" src=\"http:\/\/www.diarioimagen.net\/wp-content\/uploads\/2016\/02\/playa-PORTAL-420x245.jpg\" alt=\"La banda agradece a todos sus fans por el enorme apoyo y promete una velada inolvidable.\" width=\"420\" height=\"245\" srcset=\"https:\/\/www.diarioimagen.net\/wp-content\/uploads\/2016\/02\/playa-PORTAL-420x245.jpg 420w, https:\/\/www.diarioimagen.net\/wp-content\/uploads\/2016\/02\/playa-PORTAL-240x140.jpg 240w, https:\/\/www.diarioimagen.net\/wp-content\/uploads\/2016\/02\/playa-PORTAL.jpg 480w\" sizes=\"auto, (max-width: 420px) 100vw, 420px\" \/><\/a><p id=\"caption-attachment-254228\" class=\"wp-caption-text\">La banda agradece a todos sus fans por el enorme apoyo y promete una velada inolvidable.<\/p><\/div>\n<p>&nbsp;<\/p>\n<p>Playa Limbo es actualmente el grupo pop m\u00e1s importante de M\u00e9xico y lo confirma con el anuncio de su segunda fecha <em>Sold Out<\/em> en el Teatro Metrop\u00f3litan, el pr\u00f3ximo 12 de febrero, despu\u00e9s del lleno total del pasado 19 de septiembre en este mismo recinto. La banda agradece a todos sus fans por el enorme apoyo y promete una velada inolvidable.<\/p>\n<p>Este 12 de febrero, Playa Limbo ofrecer\u00e1 un <em>show<\/em> completamente renovado y espectacular en el Teatro Metrop\u00f3litan, en el cual adem\u00e1s contar\u00e1n con unos inivitados de superlujo: Sasha, Benny Erik, con quienes interpretar\u00e1n un par de canciones, entre ellas \u201cAmor amor\u201d, tema in\u00e9dito grabado en vivo durante los conciertos que Sasha, Benny Erik ofrecieron el pasado noviembre en el Auditorio Nacional y que formar\u00e1 parte del material en vivo que el tr\u00edo lanzar\u00e1 pr\u00f3ximamente.<\/p>\n<p>Adem\u00e1s de Sasha, Benny Erik, Playa Limbo contar\u00e1 con la presencia de Las Tres Grandes: Guadalupe Pineda, Eugenia Le\u00f3n y Tania Libertad, con quienes Mar\u00eda Le\u00f3n ya hab\u00eda colaborado durante el show que las cantantes ofrecieron en el Auditorio Nacional el pasado noviembre. Ahora, ser\u00e1 el escenario del Teatro Metrop\u00f3litan el lugar donde compartir\u00e1n su talento y voces.<\/p>\n<p>Regina Bland\u00f3n tambi\u00e9n estar\u00e1 presente para cantar con el cuarteto, y el grupo Tren a Marte ser\u00e1 el acto abridor.<\/p>\n<p>La Edici\u00f3n Especial de \u201cDe d\u00edas y de noches\u201d (Disco de Oro por m\u00e1s de 30 mil copias vendidas) saldr\u00e1 a la venta tambi\u00e9n el 12 de febrero, y adem\u00e1s del <em>show<\/em> en audio y video que viene en el CD+DVD lanzado el a\u00f1o pasado, esta nueva versi\u00f3n incluir\u00e1 grandes sorpresas para sus fans, entre ellas el nuevo sencillo \u201cSola\u201d, que ya est\u00e1 sonando en las estaciones de radio m\u00e1s importantes de M\u00e9xico.<\/p>\n<p>Con \u00a0todo esto, Playa Limbo quiere agradecer a sus fans el enorme apoyo y cari\u00f1o que ha recibido a lo largo de estos ya m\u00e1s de 10 a\u00f1os de carrera y sin el cual no ser\u00edan uno de los grupos pop m\u00e1s importantes del momento en nuestro pa\u00eds.<\/p>\n<p>En 2015, Playa Limbo se ubic\u00f3 en el #1 de la radio en M\u00e9xico con el tema \u201cPi\u00e9rdeme el respeto\u201d y obtuvo m\u00e1s de 14 millones de views en su canal de YouTube. El \u00e1lbum \u201cDe d\u00edas y de noches\u201d se coloc\u00f3 en el #1 de ventas en iTunes, #2 en ventas f\u00edsicas, as\u00ed como #3 en Amprofon. Hoy es Disco de Oro por m\u00e1s de 30 mil copias vendidas.<\/p>\n<p>\u201cDe d\u00edas y de noches\u201d fue grabado en la Sala Telef\u00f3nica del Centro Cultural Roberto Cantoral, en la Ciudad de M\u00e9xico, el 13 de octubre de 2014, bajo la producci\u00f3n de Armando \u00c1vila y Playa Limbo. Es la cuarta producci\u00f3n discogr\u00e1fica en la carrera de Playa Limbo y Disco de Oro por sus altas ventas.<\/p>\n","protected":false},"excerpt":{"rendered":"<p>Playa Limbo es actualmente el grupo pop m\u00e1s importante de M\u00e9xico y lo confirma con el anuncio de su segunda fecha <em>Sold Out<\/em> en el Teatro Metrop\u00f3litan, el pr\u00f3ximo 12 de febrero, despu\u00e9s del lleno total del pasado 19 de septiembre en este mismo recinto. La banda agradece a todos sus fans por el enorme apoyo y promete una velada inolvidable.<\/p>\n","protected":false},"author":5,"featured_media":254228,"comment_status":"open","ping_status":"open","sticky":false,"template":"","format":"standard","meta":{"_monsterinsights_skip_tracking":false,"_monsterinsights_sitenote_active":false,"_monsterinsights_sitenote_note":"","_monsterinsights_sitenote_category":0,"footnotes":""},"categories":[17,12],"tags":[43682,16547,6425],"class_list":["post-254227","post","type-post","status-publish","format-standard","has-post-thumbnail","hentry","category-especiales","category-espectaculos","tag-espectaculos","tag-playa-limbo","tag-teatro-metropolitan"],"_links":{"self":[{"href":"https:\/\/www.diarioimagen.net\/index.php?rest_route=\/wp\/v2\/posts\/254227","targetHints":{"allow":["GET"]}}],"collection":[{"href":"https:\/\/www.diarioimagen.net\/index.php?rest_route=\/wp\/v2\/posts"}],"about":[{"href":"https:\/\/www.diarioimagen.net\/index.php?rest_route=\/wp\/v2\/types\/post"}],"author":[{"embeddable":true,"href":"https:\/\/www.diarioimagen.net\/index.php?rest_route=\/wp\/v2\/users\/5"}],"replies":[{"embeddable":true,"href":"https:\/\/www.diarioimagen.net\/index.php?rest_route=%2Fwp%2Fv2%2Fcomments&post=254227"}],"version-history":[{"count":0,"href":"https:\/\/www.diarioimagen.net\/index.php?rest_route=\/wp\/v2\/posts\/254227\/revisions"}],"wp:featuredmedia":[{"embeddable":true,"href":"https:\/\/www.diarioimagen.net\/index.php?rest_route=\/wp\/v2\/media\/254228"}],"wp:attachment":[{"href":"https:\/\/www.diarioimagen.net\/index.php?rest_route=%2Fwp%2Fv2%2Fmedia&parent=254227"}],"wp:term":[{"taxonomy":"category","embeddable":true,"href":"https:\/\/www.diarioimagen.net\/index.php?rest_route=%2Fwp%2Fv2%2Fcategories&post=254227"},{"taxonomy":"post_tag","embeddable":true,"href":"https:\/\/www.diarioimagen.net\/index.php?rest_route=%2Fwp%2Fv2%2Ftags&post=254227"}],"curies":[{"name":"wp","href":"https:\/\/api.w.org\/{rel}","templated":true}]}}