{"id":254244,"date":"2016-02-05T00:10:40","date_gmt":"2016-02-05T06:10:40","guid":{"rendered":"http:\/\/www.diarioimagen.net\/?p=254244"},"modified":"2016-02-05T04:16:15","modified_gmt":"2016-02-05T10:16:15","slug":"el-gem-lleva-primer-lugar-en-becas-para-el-extranjero","status":"publish","type":"post","link":"https:\/\/www.diarioimagen.net\/?p=254244","title":{"rendered":"El GEM lleva primer lugar en becas para el extranjero"},"content":{"rendered":"<ul>\n<li><strong><em>El Washington Center ha recibido a 150 mexiquenses en 2 a\u00f1os y medio<\/em><\/strong><\/li>\n<\/ul>\n<p>&nbsp;<\/p>\n<div id=\"attachment_254306\" style=\"width: 430px\" class=\"wp-caption aligncenter\"><a href=\"http:\/\/www.diarioimagen.net\/?attachment_id=254306\" rel=\"attachment wp-att-254306\"><img loading=\"lazy\" decoding=\"async\" aria-describedby=\"caption-attachment-254306\" class=\"size-large wp-image-254306\" src=\"http:\/\/www.diarioimagen.net\/wp-content\/uploads\/2016\/02\/becas-2798-420x236.jpg\" alt=\"Eruviel \u00c1vila - Entregando infraestructura de la Universidad Tecnol\u00f3gica Fidel Vel\u00e1zquez.\" width=\"420\" height=\"236\" srcset=\"https:\/\/www.diarioimagen.net\/wp-content\/uploads\/2016\/02\/becas-2798-420x236.jpg 420w, https:\/\/www.diarioimagen.net\/wp-content\/uploads\/2016\/02\/becas-2798-240x135.jpg 240w, https:\/\/www.diarioimagen.net\/wp-content\/uploads\/2016\/02\/becas-2798-235x132.jpg 235w, https:\/\/www.diarioimagen.net\/wp-content\/uploads\/2016\/02\/becas-2798-202x114.jpg 202w, https:\/\/www.diarioimagen.net\/wp-content\/uploads\/2016\/02\/becas-2798-350x196.jpg 350w, https:\/\/www.diarioimagen.net\/wp-content\/uploads\/2016\/02\/becas-2798-220x123.jpg 220w, https:\/\/www.diarioimagen.net\/wp-content\/uploads\/2016\/02\/becas-2798-237x132.jpg 237w, https:\/\/www.diarioimagen.net\/wp-content\/uploads\/2016\/02\/becas-2798.jpg 480w\" sizes=\"auto, (max-width: 420px) 100vw, 420px\" \/><\/a><p id=\"caption-attachment-254306\" class=\"wp-caption-text\">Eruviel \u00c1vila &#8211; Entregando infraestructura de la Universidad Tecnol\u00f3gica Fidel Vel\u00e1zquez.<\/p><\/div>\n<p>&nbsp;<\/p>\n<p><strong>Nicol\u00e1s Romero, Estado de M\u00e9xico<\/strong>.- El Estado de M\u00e9xico est\u00e1 a la vanguardia nacional en cuanto a estudiantes universitarios becados al extranjero, pues son m\u00e1s de mil 300 enviados a 10 pa\u00edses para ampliar su formaci\u00f3n profesional, dijo el gobernador Eruviel \u00c1vila Villegas durante la inauguraci\u00f3n de un edificio de docencia y un gimnasio-auditorio en la Universidad Tecnol\u00f3gica Fidel Vel\u00e1zquez, donde tambi\u00e9n entreg\u00f3 35 becas al Washington Center, de Estados Unidos, para tener mexiquenses mejor preparados.<\/p>\n<p>Al respecto, Federico Ling, director de Iniciativas de Gobierno y Seminarios Internacionales de Washington Center, inform\u00f3 que se han recibido en poco m\u00e1s de dos a\u00f1os y medio a 150 estudiantes del Estado de M\u00e9xico, y los que acudir\u00e1n en esta ocasi\u00f3n, representan ya la quinta generaci\u00f3n de mexiquenses que se preparan en esa instituci\u00f3n sin fines de lucro,<\/p>\n<p>\u201cPor eso, se\u00f1or gobernador, por supuesto, Washington Center lo quiere reconocer como el gobernador que m\u00e1s estudiantes ha enviado a lo largo de estos a\u00f1os. Tiene ya el n\u00famero uno en el n\u00famero de estudiantes a lo largo de toda la historia del programa con estados de M\u00e9xico\u201d, afirm\u00f3 Federico Ling.<\/p>\n<p>Adelant\u00f3 que en octubre de este a\u00f1o el gobernador Eruviel \u00c1vila recibir\u00e1 un reconocimiento durante la m\u00e1xima gala anual de esa instituci\u00f3n que recibe a estudiantes de 18 pa\u00edses.<\/p>\n<p>El titular del Ejecutivo mexiquense agradeci\u00f3 el reconocimiento que le hace Washington Center al Estado de M\u00e9xico y destac\u00f3 la colaboraci\u00f3n y apoyo para alcanzar estos logros, que s\u00f3lo se alcanzan trabajando en equipo. Manifest\u00f3 que ya son m\u00e1s de mil 300 alumnos que se han ido becados no s\u00f3lo a Estados Unidos, sino tambi\u00e9n a Inglaterra, Chile, Espa\u00f1a, Jap\u00f3n, China y Canad\u00e1, entre otras naciones.<\/p>\n<p>\u201cEs un apoyo econ\u00f3mico, desde luego, se est\u00e1 pagando el costo del programa de estudios, hospedaje, alimentaci\u00f3n, boletos de avi\u00f3n. Su seguro de viaje hasta gastos de vi\u00e1ticos de 20 mil pesos. Su kit de viaje, mochila para la laptop, playera, carpeta, entre otros\u201d, detall\u00f3.<\/p>\n<p>Por otra parte, al entregar a la comunidad universitaria un edificio de docencia para mil alumnos y el gimnasio auditorio para 300 personas con cancha reglamentaria de basquetbol, vestidores y ba\u00f1os, el gobernador dijo que estas instalaciones se suman a la infraestructura educativa que tiene el Estado de M\u00e9xico, donde ya son m\u00e1s de mil 300 espacios con estas caracter\u00edsticas que se han construido, reconstruido y remodelado en diferentes instituciones educativas de la entidad.<\/p>\n","protected":false},"excerpt":{"rendered":"<p>El Estado de M\u00e9xico est\u00e1 a la vanguardia nacional en cuanto a estudiantes universitarios becados al extranjero, pues son m\u00e1s de mil 300 enviados a 10 pa\u00edses para ampliar su formaci\u00f3n profesional, dijo el gobernador Eruviel \u00c1vila Villegas durante la inauguraci\u00f3n de un edificio de docencia y un gimnasio-auditorio en la Universidad Tecnol\u00f3gica Fidel Vel\u00e1zquez, donde tambi\u00e9n entreg\u00f3 35 becas al Washington Center, de Estados Unidos, para tener mexiquenses mejor preparados.<\/p>\n","protected":false},"author":3,"featured_media":254306,"comment_status":"open","ping_status":"open","sticky":false,"template":"","format":"standard","meta":{"_monsterinsights_skip_tracking":false,"_monsterinsights_sitenote_active":false,"_monsterinsights_sitenote_note":"","_monsterinsights_sitenote_category":0,"footnotes":""},"categories":[5],"tags":[11642,5828,43675,752],"class_list":["post-254244","post","type-post","status-publish","format-standard","has-post-thumbnail","hentry","category-estado-de-mexico","tag-becas","tag-eruviel-avila-villegas","tag-estado-de-mexico","tag-nicolas-romero"],"_links":{"self":[{"href":"https:\/\/www.diarioimagen.net\/index.php?rest_route=\/wp\/v2\/posts\/254244","targetHints":{"allow":["GET"]}}],"collection":[{"href":"https:\/\/www.diarioimagen.net\/index.php?rest_route=\/wp\/v2\/posts"}],"about":[{"href":"https:\/\/www.diarioimagen.net\/index.php?rest_route=\/wp\/v2\/types\/post"}],"author":[{"embeddable":true,"href":"https:\/\/www.diarioimagen.net\/index.php?rest_route=\/wp\/v2\/users\/3"}],"replies":[{"embeddable":true,"href":"https:\/\/www.diarioimagen.net\/index.php?rest_route=%2Fwp%2Fv2%2Fcomments&post=254244"}],"version-history":[{"count":0,"href":"https:\/\/www.diarioimagen.net\/index.php?rest_route=\/wp\/v2\/posts\/254244\/revisions"}],"wp:featuredmedia":[{"embeddable":true,"href":"https:\/\/www.diarioimagen.net\/index.php?rest_route=\/wp\/v2\/media\/254306"}],"wp:attachment":[{"href":"https:\/\/www.diarioimagen.net\/index.php?rest_route=%2Fwp%2Fv2%2Fmedia&parent=254244"}],"wp:term":[{"taxonomy":"category","embeddable":true,"href":"https:\/\/www.diarioimagen.net\/index.php?rest_route=%2Fwp%2Fv2%2Fcategories&post=254244"},{"taxonomy":"post_tag","embeddable":true,"href":"https:\/\/www.diarioimagen.net\/index.php?rest_route=%2Fwp%2Fv2%2Ftags&post=254244"}],"curies":[{"name":"wp","href":"https:\/\/api.w.org\/{rel}","templated":true}]}}