{"id":254246,"date":"2016-02-05T00:09:46","date_gmt":"2016-02-05T06:09:46","guid":{"rendered":"http:\/\/www.diarioimagen.net\/?p=254246"},"modified":"2016-02-05T04:12:37","modified_gmt":"2016-02-05T10:12:37","slug":"nuevo-equipo-a-los-talleres-y-planteles-del-icati","status":"publish","type":"post","link":"https:\/\/www.diarioimagen.net\/?p=254246","title":{"rendered":"Nuevo equipo a los talleres y planteles del ICATI"},"content":{"rendered":"<ul>\n<li><strong><em>Almoloya del R\u00edo, Estado de M\u00e9xico<br \/>\n<\/em><\/strong><\/li>\n<\/ul>\n<p>&nbsp;<\/p>\n<p><a href=\"http:\/\/www.diarioimagen.net\/?attachment_id=254303\" rel=\"attachment wp-att-254303\"><img loading=\"lazy\" decoding=\"async\" class=\"aligncenter size-large wp-image-254303\" src=\"http:\/\/www.diarioimagen.net\/wp-content\/uploads\/2016\/02\/icati-2798-420x236.jpg\" alt=\"icati-2798\" width=\"420\" height=\"236\" srcset=\"https:\/\/www.diarioimagen.net\/wp-content\/uploads\/2016\/02\/icati-2798-420x236.jpg 420w, https:\/\/www.diarioimagen.net\/wp-content\/uploads\/2016\/02\/icati-2798-240x135.jpg 240w, https:\/\/www.diarioimagen.net\/wp-content\/uploads\/2016\/02\/icati-2798-235x132.jpg 235w, https:\/\/www.diarioimagen.net\/wp-content\/uploads\/2016\/02\/icati-2798-202x114.jpg 202w, https:\/\/www.diarioimagen.net\/wp-content\/uploads\/2016\/02\/icati-2798-350x196.jpg 350w, https:\/\/www.diarioimagen.net\/wp-content\/uploads\/2016\/02\/icati-2798-220x123.jpg 220w, https:\/\/www.diarioimagen.net\/wp-content\/uploads\/2016\/02\/icati-2798-237x132.jpg 237w, https:\/\/www.diarioimagen.net\/wp-content\/uploads\/2016\/02\/icati-2798.jpg 480w\" sizes=\"auto, (max-width: 420px) 100vw, 420px\" \/><\/a><\/p>\n<p>&nbsp;<\/p>\n<p><strong>Almoloya del R\u00edo, Estado de M\u00e9xico<\/strong>.- Durante 2016 el Instituto de Capacitaci\u00f3n y Adiestramiento para el Trabajo Industrial (ICATI) invertir\u00e1 m\u00e1s de 14 millones de pesos para dar mantenimiento y reequipar los talleres que ya tienen algunos a\u00f1os de operaci\u00f3n, en 27 de las 44 escuelas a su cargo, esto con la finalidad de que se mantengan a la vanguardia tecnol\u00f3gica y ser m\u00e1s eficientes en la capacitaci\u00f3n de los mexiquenses.<\/p>\n<p>El director general del ICATI, Eduardo Blanco Rodr\u00edguez, asisti\u00f3 a la clausura de cursos del semestre septiembre 2015-febrero 2016, donde recibi\u00f3 de manos del alcalde Margarito Tejas Arcadio, la Escritura P\u00fablica de la EDAYO Almoloya del R\u00edo, que avala al ICATI como propietario del inmueble.<\/p>\n<p>En este sentido, indic\u00f3 que en este tema se ha registrado un avance significativo, ya que durante esta administraci\u00f3n, que encabeza el gobernador Eruviel \u00c1vila Villegas,de los 19 planteles que cuentan con escritura p\u00fablica, 9 han sido gestionados en estos cuatro a\u00f1os de gobierno; comenzando la regularizaci\u00f3n de predios en 2011 con la escuela de Acambay; en 2012, Cuautitl\u00e1n Izcalli y Coacalco; en 2013, Lerma, Cuautitl\u00e1n M\u00e9xico e Ixtlahuaca; en 2014 Almoloya de Alquisiras; mientras que el a\u00f1o pasado se escritur\u00f3 la Edayo Ocoyoacac, y ahora en 2016 \u00e9sta de Almoloya del R\u00edo; las 26 escuelas restantes se encuentran en proceso de escrituraci\u00f3n.<\/p>\n","protected":false},"excerpt":{"rendered":"<p>Durante 2016 el Instituto de Capacitaci\u00f3n y Adiestramiento para el Trabajo Industrial (ICATI) invertir\u00e1 m\u00e1s de 14 millones de pesos para dar mantenimiento y reequipar los talleres que ya tienen algunos a\u00f1os de operaci\u00f3n, en 27 de las 44 escuelas a su cargo, esto con la finalidad de que se mantengan a la vanguardia tecnol\u00f3gica y ser m\u00e1s eficientes en la capacitaci\u00f3n de los mexiquenses.<\/p>\n","protected":false},"author":3,"featured_media":254303,"comment_status":"open","ping_status":"open","sticky":false,"template":"","format":"standard","meta":{"_monsterinsights_skip_tracking":false,"_monsterinsights_sitenote_active":false,"_monsterinsights_sitenote_note":"","_monsterinsights_sitenote_category":0,"footnotes":""},"categories":[5],"tags":[17798,43675],"class_list":["post-254246","post","type-post","status-publish","format-standard","has-post-thumbnail","hentry","category-estado-de-mexico","tag-almoloya-del-rio","tag-estado-de-mexico"],"_links":{"self":[{"href":"https:\/\/www.diarioimagen.net\/index.php?rest_route=\/wp\/v2\/posts\/254246","targetHints":{"allow":["GET"]}}],"collection":[{"href":"https:\/\/www.diarioimagen.net\/index.php?rest_route=\/wp\/v2\/posts"}],"about":[{"href":"https:\/\/www.diarioimagen.net\/index.php?rest_route=\/wp\/v2\/types\/post"}],"author":[{"embeddable":true,"href":"https:\/\/www.diarioimagen.net\/index.php?rest_route=\/wp\/v2\/users\/3"}],"replies":[{"embeddable":true,"href":"https:\/\/www.diarioimagen.net\/index.php?rest_route=%2Fwp%2Fv2%2Fcomments&post=254246"}],"version-history":[{"count":0,"href":"https:\/\/www.diarioimagen.net\/index.php?rest_route=\/wp\/v2\/posts\/254246\/revisions"}],"wp:featuredmedia":[{"embeddable":true,"href":"https:\/\/www.diarioimagen.net\/index.php?rest_route=\/wp\/v2\/media\/254303"}],"wp:attachment":[{"href":"https:\/\/www.diarioimagen.net\/index.php?rest_route=%2Fwp%2Fv2%2Fmedia&parent=254246"}],"wp:term":[{"taxonomy":"category","embeddable":true,"href":"https:\/\/www.diarioimagen.net\/index.php?rest_route=%2Fwp%2Fv2%2Fcategories&post=254246"},{"taxonomy":"post_tag","embeddable":true,"href":"https:\/\/www.diarioimagen.net\/index.php?rest_route=%2Fwp%2Fv2%2Ftags&post=254246"}],"curies":[{"name":"wp","href":"https:\/\/api.w.org\/{rel}","templated":true}]}}