{"id":254250,"date":"2016-02-05T00:07:27","date_gmt":"2016-02-05T06:07:27","guid":{"rendered":"http:\/\/www.diarioimagen.net\/?p=254250"},"modified":"2016-02-05T04:19:31","modified_gmt":"2016-02-05T10:19:31","slug":"dan-color-a-ecatepec-para-recibir-al-papa-francisco","status":"publish","type":"post","link":"https:\/\/www.diarioimagen.net\/?p=254250","title":{"rendered":"Dan color a Ecatepec para recibir al Papa Francisco"},"content":{"rendered":"<p><a href=\"http:\/\/www.diarioimagen.net\/?attachment_id=254311\" rel=\"attachment wp-att-254311\"><img loading=\"lazy\" decoding=\"async\" class=\"aligncenter size-large wp-image-254311\" src=\"http:\/\/www.diarioimagen.net\/wp-content\/uploads\/2016\/02\/ecatepec-papa-2798-420x236.jpg\" alt=\"ecatepec-papa-2798\" width=\"420\" height=\"236\" srcset=\"https:\/\/www.diarioimagen.net\/wp-content\/uploads\/2016\/02\/ecatepec-papa-2798-420x236.jpg 420w, https:\/\/www.diarioimagen.net\/wp-content\/uploads\/2016\/02\/ecatepec-papa-2798-240x135.jpg 240w, https:\/\/www.diarioimagen.net\/wp-content\/uploads\/2016\/02\/ecatepec-papa-2798-235x132.jpg 235w, https:\/\/www.diarioimagen.net\/wp-content\/uploads\/2016\/02\/ecatepec-papa-2798-202x114.jpg 202w, https:\/\/www.diarioimagen.net\/wp-content\/uploads\/2016\/02\/ecatepec-papa-2798-350x196.jpg 350w, https:\/\/www.diarioimagen.net\/wp-content\/uploads\/2016\/02\/ecatepec-papa-2798-220x123.jpg 220w, https:\/\/www.diarioimagen.net\/wp-content\/uploads\/2016\/02\/ecatepec-papa-2798-237x132.jpg 237w, https:\/\/www.diarioimagen.net\/wp-content\/uploads\/2016\/02\/ecatepec-papa-2798.jpg 480w\" sizes=\"auto, (max-width: 420px) 100vw, 420px\" \/><\/a><\/p>\n<p>&nbsp;<\/p>\n<p><strong>Ecatepec, Estado de M\u00e9xico.-<\/strong> El Estado de M\u00e9xico dar\u00e1 la bienvenida al Papa Francisco el pr\u00f3ximo 14 de febrero, entre coloridos <em>graffitis<\/em> y murales urbanos creados por cerca de 50 j\u00f3venes; los dibujos est\u00e1n ubicados en la ruta que seguir\u00e1 el Sumo Pont\u00edfice para que admire el significado de su visita a trav\u00e9s del arte.<\/p>\n<p>La convocatoria del \u201cConcurso de Arte Urbano en las modalidades de Mural-Graffiti\u201d bajo la tem\u00e1tica \u201cEl Papa y la Juventud\u201d, fue una iniciativa de la Secretar\u00eda de Cultura, para que los artistas urbanos, originarios o residentes de la entidad, expresaran en bardas seleccionadas, su visi\u00f3n sobre la relaci\u00f3n entre el Papa y la comunidad graffitera.<\/p>\n","protected":false},"excerpt":{"rendered":"<p>El Estado de M\u00e9xico dar\u00e1 la bienvenida al Papa Francisco el pr\u00f3ximo 14 de febrero, entre coloridos graffitis y murales urbanos creados por cerca de 50 j\u00f3venes; los dibujos est\u00e1n ubicados en la ruta que seguir\u00e1 el Sumo Pont\u00edfice para que admire el significado de su visita a trav\u00e9s del arte. <\/p>\n","protected":false},"author":3,"featured_media":254311,"comment_status":"open","ping_status":"open","sticky":false,"template":"","format":"standard","meta":{"_monsterinsights_skip_tracking":false,"_monsterinsights_sitenote_active":false,"_monsterinsights_sitenote_note":"","_monsterinsights_sitenote_category":0,"footnotes":""},"categories":[35155],"tags":[454,43675,27237,29873,15501],"class_list":["post-254250","post","type-post","status-publish","format-standard","has-post-thumbnail","hentry","category-estado-de-mexico-estado-de-mexico","tag-ecatepec","tag-estado-de-mexico","tag-francisco","tag-papa","tag-visita"],"_links":{"self":[{"href":"https:\/\/www.diarioimagen.net\/index.php?rest_route=\/wp\/v2\/posts\/254250","targetHints":{"allow":["GET"]}}],"collection":[{"href":"https:\/\/www.diarioimagen.net\/index.php?rest_route=\/wp\/v2\/posts"}],"about":[{"href":"https:\/\/www.diarioimagen.net\/index.php?rest_route=\/wp\/v2\/types\/post"}],"author":[{"embeddable":true,"href":"https:\/\/www.diarioimagen.net\/index.php?rest_route=\/wp\/v2\/users\/3"}],"replies":[{"embeddable":true,"href":"https:\/\/www.diarioimagen.net\/index.php?rest_route=%2Fwp%2Fv2%2Fcomments&post=254250"}],"version-history":[{"count":0,"href":"https:\/\/www.diarioimagen.net\/index.php?rest_route=\/wp\/v2\/posts\/254250\/revisions"}],"wp:featuredmedia":[{"embeddable":true,"href":"https:\/\/www.diarioimagen.net\/index.php?rest_route=\/wp\/v2\/media\/254311"}],"wp:attachment":[{"href":"https:\/\/www.diarioimagen.net\/index.php?rest_route=%2Fwp%2Fv2%2Fmedia&parent=254250"}],"wp:term":[{"taxonomy":"category","embeddable":true,"href":"https:\/\/www.diarioimagen.net\/index.php?rest_route=%2Fwp%2Fv2%2Fcategories&post=254250"},{"taxonomy":"post_tag","embeddable":true,"href":"https:\/\/www.diarioimagen.net\/index.php?rest_route=%2Fwp%2Fv2%2Ftags&post=254250"}],"curies":[{"name":"wp","href":"https:\/\/api.w.org\/{rel}","templated":true}]}}