{"id":254261,"date":"2016-02-05T00:06:43","date_gmt":"2016-02-05T06:06:43","guid":{"rendered":"http:\/\/www.diarioimagen.net\/?p=254261"},"modified":"2016-02-05T04:21:37","modified_gmt":"2016-02-05T10:21:37","slug":"arranca-en-tlalnepantla-el-trenzaton-2016","status":"publish","type":"post","link":"https:\/\/www.diarioimagen.net\/?p=254261","title":{"rendered":"Arranca en Tlalnepantla el \u201cTrenzat\u00f3n 2016\u201d"},"content":{"rendered":"<ul>\n<li><strong><em>Campa\u00f1a contra el c\u00e1ncer<\/em><\/strong><\/li>\n<\/ul>\n<p>&nbsp;<\/p>\n<div id=\"attachment_254317\" style=\"width: 430px\" class=\"wp-caption aligncenter\"><a href=\"http:\/\/www.diarioimagen.net\/?attachment_id=254317\" rel=\"attachment wp-att-254317\"><img loading=\"lazy\" decoding=\"async\" aria-describedby=\"caption-attachment-254317\" class=\"size-large wp-image-254317\" src=\"http:\/\/www.diarioimagen.net\/wp-content\/uploads\/2016\/02\/trenzaton-2798-420x236.jpg\" alt=\"La presidenta municipal de Tlalnepantla, Denisse Ugalde Alegr\u00eda, acompa\u00f1\u00f3 a la presidenta del DIF Estado de M\u00e9xico, Isis \u00c1vila, en el arranque del \u201cTrenzat\u00f3n 2016\u201d.\" width=\"420\" height=\"236\" srcset=\"https:\/\/www.diarioimagen.net\/wp-content\/uploads\/2016\/02\/trenzaton-2798-420x236.jpg 420w, https:\/\/www.diarioimagen.net\/wp-content\/uploads\/2016\/02\/trenzaton-2798-240x135.jpg 240w, https:\/\/www.diarioimagen.net\/wp-content\/uploads\/2016\/02\/trenzaton-2798-235x132.jpg 235w, https:\/\/www.diarioimagen.net\/wp-content\/uploads\/2016\/02\/trenzaton-2798-202x114.jpg 202w, https:\/\/www.diarioimagen.net\/wp-content\/uploads\/2016\/02\/trenzaton-2798-350x196.jpg 350w, https:\/\/www.diarioimagen.net\/wp-content\/uploads\/2016\/02\/trenzaton-2798-220x123.jpg 220w, https:\/\/www.diarioimagen.net\/wp-content\/uploads\/2016\/02\/trenzaton-2798-237x132.jpg 237w, https:\/\/www.diarioimagen.net\/wp-content\/uploads\/2016\/02\/trenzaton-2798.jpg 480w\" sizes=\"auto, (max-width: 420px) 100vw, 420px\" \/><\/a><p id=\"caption-attachment-254317\" class=\"wp-caption-text\">La presidenta municipal de Tlalnepantla, Denisse Ugalde Alegr\u00eda, acompa\u00f1\u00f3 a la presidenta del DIF Estado de M\u00e9xico, Isis \u00c1vila, en el arranque del \u201cTrenzat\u00f3n 2016\u201d.<\/p><\/div>\n<p>&nbsp;<\/p>\n<p><strong>Tlalnepantla, Estado de M\u00e9xico<\/strong>.- La alcaldesa Denisse Ugalde Alegr\u00eda acompa\u00f1\u00f3 a la presidenta del DIF Estado de M\u00e9xico, Isis \u00c1vila, en el arranque del \u201cTrenzat\u00f3n 2016\u201d, evento realizado en este municipio y cuyo objetivo es recaudar trenzas de cabello para la elaboraci\u00f3n de pelucas que, posteriormente, son donadas a pacientes que padecen c\u00e1ncer.<\/p>\n<p>Acompa\u00f1ada de la directora del DIFEM, Carolina Alan\u00eds y la presidenta de la Fundaci\u00f3n \u201cM\u00e9xico Sonr\u00ede\u201d, Ugalde Alegr\u00eda puntualiz\u00f3 que el DIF Tlalnepantla se sumar\u00e1 a esta campa\u00f1a estatal para promover la donaci\u00f3n de trenzas que beneficien a un mayor n\u00famero de personas, sobre todo mujeres y ni\u00f1as.<\/p>\n<p>Enfatiz\u00f3 que \u201cpara mejorar la calidad de vida de las comunidades resulta indispensable el esfuerzo de todos y con la incorporaci\u00f3n de personas responsables y comprometidas\u00a0 podemos alcanzar los logros que todos queremos en favor de quienes padecen alguna enfermedad\u201d.<\/p>\n<p>En el evento efectuado en las instalaciones de la fundaci\u00f3n \u201cM\u00e9xico Sonr\u00ede\u201d, en la colonia La Loma, la alcaldesa anunci\u00f3 que desde las distintas \u00e1reas municipales se promover\u00e1n pol\u00edticas p\u00fablicas que garanticen una mejor calidad de vida para los sectores m\u00e1s vulnerables.<\/p>\n<p>Por su parte, Isis \u00c1vila extern\u00f3 su satisfacci\u00f3n por arrancar en Tlalnepantla el \u201cTrenzat\u00f3n 2016\u201d y\u00a0 reconoci\u00f3 la voluntad de Denisse Ugalde para sumarse a esta campa\u00f1a que se realiza en toda la entidad mexiquense.<\/p>\n<p>Puntualiz\u00f3 que de acuerdo a la Organizaci\u00f3n Mundial de la Salud (OMS), cada a\u00f1o el c\u00e1ncer cobra m\u00e1s de 8 millones de vidas en todo el mundo y en el Estado de M\u00e9xico se presentan 12 de cada 100 casos, lo que motiv\u00f3 al DIFEM a realizar esta campa\u00f1a.<\/p>\n<p>Recalc\u00f3 que para esta tercera edici\u00f3n, adem\u00e1s de la recolecci\u00f3n de trenzas, se capacitar\u00e1 a las pacientes y sus familiares para que sean ellos mismos quienes elaboren las pelucas oncol\u00f3gicas y tengan un ingreso extra para cubrir sus gastos m\u00e9dicos.<\/p>\n<p>Luego de conocer el proceso de elaboraci\u00f3n de las pelucas, Isis \u00c1vila y Denisse Ugalde hicieron entrega de las mismas a pacientes que actualmente reciben tratamiento oncol\u00f3gico.<\/p>\n<p>Las mujeres interesadas en donar su trenza de cabello pueden hacerlo en las oficinas del DIF municipal, ubicado en Convento de Santa M\u00f3nica, esquina Convento de San Fernando, en Jardines de Santa M\u00f3nica.<\/p>\n","protected":false},"excerpt":{"rendered":"<p>La alcaldesa Denisse Ugalde Alegr\u00eda acompa\u00f1\u00f3 a la presidenta del DIF Estado de M\u00e9xico, Isis \u00c1vila, en el arranque del \u201cTrenzat\u00f3n 2016\u201d, evento realizado en este municipio y cuyo objetivo es recaudar trenzas de cabello para la elaboraci\u00f3n de pelucas que, posteriormente, son donadas a pacientes que padecen c\u00e1ncer.<\/p>\n","protected":false},"author":3,"featured_media":254317,"comment_status":"open","ping_status":"open","sticky":false,"template":"","format":"standard","meta":{"_monsterinsights_skip_tracking":false,"_monsterinsights_sitenote_active":false,"_monsterinsights_sitenote_note":"","_monsterinsights_sitenote_category":0,"footnotes":""},"categories":[35155],"tags":[45490,43675,169],"class_list":["post-254261","post","type-post","status-publish","format-standard","has-post-thumbnail","hentry","category-estado-de-mexico-estado-de-mexico","tag-denisse-ugalde-alegria","tag-estado-de-mexico","tag-tlalnepantla"],"_links":{"self":[{"href":"https:\/\/www.diarioimagen.net\/index.php?rest_route=\/wp\/v2\/posts\/254261","targetHints":{"allow":["GET"]}}],"collection":[{"href":"https:\/\/www.diarioimagen.net\/index.php?rest_route=\/wp\/v2\/posts"}],"about":[{"href":"https:\/\/www.diarioimagen.net\/index.php?rest_route=\/wp\/v2\/types\/post"}],"author":[{"embeddable":true,"href":"https:\/\/www.diarioimagen.net\/index.php?rest_route=\/wp\/v2\/users\/3"}],"replies":[{"embeddable":true,"href":"https:\/\/www.diarioimagen.net\/index.php?rest_route=%2Fwp%2Fv2%2Fcomments&post=254261"}],"version-history":[{"count":0,"href":"https:\/\/www.diarioimagen.net\/index.php?rest_route=\/wp\/v2\/posts\/254261\/revisions"}],"wp:featuredmedia":[{"embeddable":true,"href":"https:\/\/www.diarioimagen.net\/index.php?rest_route=\/wp\/v2\/media\/254317"}],"wp:attachment":[{"href":"https:\/\/www.diarioimagen.net\/index.php?rest_route=%2Fwp%2Fv2%2Fmedia&parent=254261"}],"wp:term":[{"taxonomy":"category","embeddable":true,"href":"https:\/\/www.diarioimagen.net\/index.php?rest_route=%2Fwp%2Fv2%2Fcategories&post=254261"},{"taxonomy":"post_tag","embeddable":true,"href":"https:\/\/www.diarioimagen.net\/index.php?rest_route=%2Fwp%2Fv2%2Ftags&post=254261"}],"curies":[{"name":"wp","href":"https:\/\/api.w.org\/{rel}","templated":true}]}}