{"id":254290,"date":"2016-02-05T00:04:07","date_gmt":"2016-02-05T06:04:07","guid":{"rendered":"http:\/\/www.diarioimagen.net\/?p=254290"},"modified":"2016-02-05T06:10:00","modified_gmt":"2016-02-05T12:10:00","slug":"consignadas-46-personas-por-la-fuga-de-el-chapo","status":"publish","type":"post","link":"https:\/\/www.diarioimagen.net\/?p=254290","title":{"rendered":"Consignadas, 46 personas por la fuga de \u201cEl Chapo\u201d"},"content":{"rendered":"<ul>\n<li><strong><em>Cinco procesos penales<\/em><\/strong><\/li>\n<\/ul>\n<p>&nbsp;<\/p>\n<div id=\"attachment_254403\" style=\"width: 430px\" class=\"wp-caption aligncenter\"><a href=\"http:\/\/www.diarioimagen.net\/?attachment_id=254403\" rel=\"attachment wp-att-254403\"><img loading=\"lazy\" decoding=\"async\" aria-describedby=\"caption-attachment-254403\" class=\"size-large wp-image-254403\" src=\"http:\/\/www.diarioimagen.net\/wp-content\/uploads\/2016\/02\/chapo-2798-420x236.jpg\" alt=\"La procuradora general de la Rep\u00fablica, Arely G\u00f3mez Gonz\u00e1lez, inform\u00f3 que hasta el momento se han consignado 46 personas por la fuga de Joaqu\u00edn \u201cEl Chapo\u201d Guzm\u00e1n.\" width=\"420\" height=\"236\" srcset=\"https:\/\/www.diarioimagen.net\/wp-content\/uploads\/2016\/02\/chapo-2798-420x236.jpg 420w, https:\/\/www.diarioimagen.net\/wp-content\/uploads\/2016\/02\/chapo-2798-240x135.jpg 240w, https:\/\/www.diarioimagen.net\/wp-content\/uploads\/2016\/02\/chapo-2798-235x132.jpg 235w, https:\/\/www.diarioimagen.net\/wp-content\/uploads\/2016\/02\/chapo-2798-202x114.jpg 202w, https:\/\/www.diarioimagen.net\/wp-content\/uploads\/2016\/02\/chapo-2798-350x196.jpg 350w, https:\/\/www.diarioimagen.net\/wp-content\/uploads\/2016\/02\/chapo-2798-220x123.jpg 220w, https:\/\/www.diarioimagen.net\/wp-content\/uploads\/2016\/02\/chapo-2798-237x132.jpg 237w, https:\/\/www.diarioimagen.net\/wp-content\/uploads\/2016\/02\/chapo-2798.jpg 480w\" sizes=\"auto, (max-width: 420px) 100vw, 420px\" \/><\/a><p id=\"caption-attachment-254403\" class=\"wp-caption-text\">La procuradora general de la Rep\u00fablica, Arely G\u00f3mez Gonz\u00e1lez, inform\u00f3 que hasta el momento se han consignado 46 personas por la fuga de Joaqu\u00edn \u201cEl Chapo\u201d Guzm\u00e1n.<\/p><\/div>\n<p>&nbsp;<\/p>\n<p>Sobre la fuga y recaptura de Joaqu\u00edn Guzm\u00e1n Loera se tienen cinco procesos penales, todos ellos con autos de formal prisi\u00f3n, en todas las consignaciones se dieron \u00f3rdenes de aprehensi\u00f3n y tres personas no han podido ser detenidas, inform\u00f3 la titular de la Procuradur\u00eda General de la Rep\u00fablica (PGR), Arely G\u00f3mez Gonz\u00e1lez.<\/p>\n<p>Indic\u00f3 que hasta el momento se ha consignado a 46 personas por las investigaciones que se siguen y que la investigaci\u00f3n no est\u00e1 cerrada, fueron 37 por la fuga y los dem\u00e1s por la reaprehensi\u00f3n. \u201cContamos con 41 autos de formal prisi\u00f3n\u201d.<\/p>\n<p>Confirm\u00f3 la procuradora la orden de localizaci\u00f3n y presentaci\u00f3n girada en contra de Kate del Castillo para que comparezca ante \u201cel Ministerio P\u00fablico de la Federaci\u00f3n a rendir declaraci\u00f3n en calidad, en este momento, de testigo\u201d sobre los presuntos nexos que existen con Joaqu\u00edn Guzm\u00e1n Loera.<\/p>\n<p style=\"text-align: center;\"><strong>Tres amparos protegen a \u201cchapodiputada\u201d<\/strong><\/p>\n<p>A\u00fan cuando ya hizo su primera declaraci\u00f3n ante la SEIDO, la \u201cchapodiputada\u201d Guadalupe S\u00e1nchez L\u00f3pez lleva promovidas tres demandas de amparo ante la justicia federal para evitar \u00f3 su aprehensi\u00f3n, presentaci\u00f3n o cualquier requerimiento que implique la privaci\u00f3n de su libertad.<\/p>\n<p>Su abogado Rub\u00e9n Tamayo confirm\u00f3 ayer dos de sus procedimientos ante juzgados federales de Sinaloa y otro m\u00e1s en la ciudad de M\u00e9xico, pero se abstuvo de precisar los actos reclamados en cada solicitud y si en ellos se le requirieron garant\u00edas.<\/p>\n<p>La Judicatura Federal confirm\u00f3 lo mismo, el primero fue interpuesto ante el Juez Tercero de Distrito, Marcelino \u00c1ngel Fern\u00e1ndez, con sede en Culiac\u00e1n, quien concedi\u00f3 de inmediato a la legisladora la suspensi\u00f3n provisional contra cualquier acto de la PGR y fij\u00f3 para el d\u00eda 23 la celebraci\u00f3n de la audiencia constitucional, para determinar si se le concede o no la protecci\u00f3n de la justicia federal.<\/p>\n<p>El segundo amparo solicitado fue presentado ante el D\u00e9cimo Primer Distrito en Amparo Penal en el Distrito Federal y se le dio entrada.<\/p>\n<p>La PGR se ha reservado la solicitud del \u201cJuicio de Procedencia\u201d ante el Congreso de Sinaloa, que es en Derecho lo l\u00f3gico para que se le retire el fuero constitucional del cual goza como legisladora, pues mientras tanto el agente del ministerio p\u00fablico est\u00e1 impedido de actuar o dictar cualquier orden de aprehensi\u00f3n. La acusaci\u00f3n a la diputada es por haber utilizado documentos falsos para pasar a visitar a Joaqu\u00edn Guzm\u00e1n en el penal del Altiplano.<\/p>\n<p>Precis\u00f3 que la autoridad \u201cagotar\u00e1 todas las posibilidades legales para encontrar cu\u00e1l es la verdad en cualquier caso que se le presente, pero siempre es el estricto apego a los derechos humanos y a un debido proceso y la presunci\u00f3n de inocencia\u201d.<\/p>\n","protected":false},"excerpt":{"rendered":"<p>Sobre la fuga y recaptura de Joaqu\u00edn Guzm\u00e1n Loera se tienen cinco procesos penales, todos ellos con autos de formal prisi\u00f3n, en todas las consignaciones se dieron \u00f3rdenes de aprehensi\u00f3n y tres personas no han podido ser detenidas, inform\u00f3 la titular de la Procuradur\u00eda General de la Rep\u00fablica (PGR), Arely G\u00f3mez Gonz\u00e1lez.<\/p>\n","protected":false},"author":3,"featured_media":254403,"comment_status":"open","ping_status":"open","sticky":false,"template":"","format":"standard","meta":{"_monsterinsights_skip_tracking":false,"_monsterinsights_sitenote_active":false,"_monsterinsights_sitenote_note":"","_monsterinsights_sitenote_category":0,"footnotes":""},"categories":[7],"tags":[9960,19157,2765,43673,232],"class_list":["post-254290","post","type-post","status-publish","format-standard","has-post-thumbnail","hentry","category-seguridad","tag-arely-gomez-gonzalez","tag-fuga","tag-joaquin-el-chapo-guzman-loera","tag-nacional","tag-pgr"],"_links":{"self":[{"href":"https:\/\/www.diarioimagen.net\/index.php?rest_route=\/wp\/v2\/posts\/254290","targetHints":{"allow":["GET"]}}],"collection":[{"href":"https:\/\/www.diarioimagen.net\/index.php?rest_route=\/wp\/v2\/posts"}],"about":[{"href":"https:\/\/www.diarioimagen.net\/index.php?rest_route=\/wp\/v2\/types\/post"}],"author":[{"embeddable":true,"href":"https:\/\/www.diarioimagen.net\/index.php?rest_route=\/wp\/v2\/users\/3"}],"replies":[{"embeddable":true,"href":"https:\/\/www.diarioimagen.net\/index.php?rest_route=%2Fwp%2Fv2%2Fcomments&post=254290"}],"version-history":[{"count":0,"href":"https:\/\/www.diarioimagen.net\/index.php?rest_route=\/wp\/v2\/posts\/254290\/revisions"}],"wp:featuredmedia":[{"embeddable":true,"href":"https:\/\/www.diarioimagen.net\/index.php?rest_route=\/wp\/v2\/media\/254403"}],"wp:attachment":[{"href":"https:\/\/www.diarioimagen.net\/index.php?rest_route=%2Fwp%2Fv2%2Fmedia&parent=254290"}],"wp:term":[{"taxonomy":"category","embeddable":true,"href":"https:\/\/www.diarioimagen.net\/index.php?rest_route=%2Fwp%2Fv2%2Fcategories&post=254290"},{"taxonomy":"post_tag","embeddable":true,"href":"https:\/\/www.diarioimagen.net\/index.php?rest_route=%2Fwp%2Fv2%2Ftags&post=254290"}],"curies":[{"name":"wp","href":"https:\/\/api.w.org\/{rel}","templated":true}]}}