{"id":254360,"date":"2016-02-05T00:06:53","date_gmt":"2016-02-05T06:06:53","guid":{"rendered":"http:\/\/www.diarioimagen.net\/?p=254360"},"modified":"2016-02-08T02:05:39","modified_gmt":"2016-02-08T08:05:39","slug":"ventilan-vinculaciones-narcopoliticas","status":"publish","type":"post","link":"https:\/\/www.diarioimagen.net\/?p=254360","title":{"rendered":"Ventilan vinculaciones narcopol\u00edticas"},"content":{"rendered":"<h2>Punto por punto<\/h2>\n<h5>Augusto Corro<\/h5>\n<p>&nbsp;<\/p>\n<p>Empezamos una temporada preelectoral en la que los aspirantes a cargos de representaci\u00f3n popular son acusados de delincuentes, sin mayor miramiento.<\/p>\n<p>Claro, el desprestigio da\u00f1a temporalmente y no pasa nada.<\/p>\n<p>Los se\u00f1alados como corruptos, narcopol\u00edticos, rateros, etc., son expuestos unos d\u00edas ante la opini\u00f3n p\u00fablica y luego todo se olvida.<\/p>\n<p>Por supuesto, tenemos las excepciones del caso, pero en el fondo, los candidatos no son llevados ante la justicia por las denuncias de que fueron objeto durante las campa\u00f1as.<\/p>\n<p>\u00bfOcurrir\u00e1 lo mismo con el senador Francisco Javier Garc\u00eda Cabeza de Vaca, el precandidato del Partido Acci\u00f3n Nacional (PAN) al gobierno de Tamaulipas?<\/p>\n<p>El aspirante blanquiazul fue acusado de recibir dinero de parte del C\u00e1rtel del Golfo. Esto fue afirmado por el narco H\u00e9ctor Crescencio de Le\u00f3n Fonseca \u201cEl R3\u201d, a la polic\u00eda que lo captur\u00f3.<\/p>\n<p>Dijo De Le\u00f3n Fonseca que su jefe Marco Antonio Haro Rodr\u00edguez, \u201cEl R2\u201d \u201cle revel\u00f3 que parte del dinero que recolectaban de sus diversas actividades il\u00edcitas iban a manos de Garc\u00eda Cabeza de Vaca\u201d.<\/p>\n<p>Por su parte, el senador neg\u00f3 ser sujeto de una investigaci\u00f3n por parte de la Procuradur\u00eda General de la Rep\u00fablica (PGR). Obvio, no iba a aceptar alguna culpabilidad.<\/p>\n<p>Lo anterior, es un ejemplo del lodazal de las precampa\u00f1as y campa\u00f1as electorales.<\/p>\n<p style=\"text-align: center;\"><strong>C\u00d3MO LLEG\u00d3 LUCERO A DIPUTADA<\/strong><\/p>\n<p>El caso de la diputada panista Lucero S\u00e1nchez parece que cay\u00f3 en el limbo.<\/p>\n<p>Nadie en el Partido Acci\u00f3n Nacional (PAN) aparece como el responsable que la ayuda a ingresar a las filas blanquiazules y luego ganar la elecci\u00f3n de diputada.<\/p>\n<p>Lucero S\u00e1nchez salt\u00f3 al esc\u00e1ndalo luego de entr\u00f3 a visitar a Joaqu\u00edn \u201cEl Chapo\u201d Guzm\u00e1n en el Altiplano, con una identificaci\u00f3n falsa.<\/p>\n<p>Posteriormente, se reuni\u00f3 con el capo pr\u00f3fugo para esperar el A\u00f1o Nuevo 2016.<\/p>\n<p>Esa relaci\u00f3n de una legisladora con \u201cEl Chapo\u201d fue un golpe duro que recibieron los dirigentes panistas empe\u00f1ados en una lucha anticorrupci\u00f3n, sin pies ni cabeza.<\/p>\n<p>El l\u00edder panista, Ricardo Anaya, tuvo que enfrentar el problema y de entrada anunci\u00f3 la expulsi\u00f3n del partido a aquellos que defiendan a la diputada. Pero el tema importante es saber qui\u00e9n o qui\u00e9nes la ayudaron a ingresar al PAN y hacerla candidata triunfadora.<\/p>\n<p>Gustavo Madero, el ex dirigente panista, se lav\u00f3 las manos. Dijo que la legisladora salv\u00f3 todos los filtros para llegar al cargo.<\/p>\n<p>\u00bfTuvo alguna responsabilidad Madero? Eso solamente lo conoce la jerarqu\u00eda panista, que no estar\u00e1 dispuesta a castigar a uno de sus ex dirigentes, para no dividir a ese instituto pol\u00edtico.<\/p>\n<p>\u00bfEsto quiere decir que no habr\u00e1 ning\u00fan castigado m\u00e1s?<\/p>\n<p>El hilo m\u00e1s delgado se revent\u00f3 en el Congreso de Sinaloa. La dirigencia panista acord\u00f3 destituir al coordinador del partido en el Congreso local, Guadalupe Carrizoza, por la defensa que hizo de Lucero S\u00e1nchez.<\/p>\n<p>Y todo hace suponer que el desafuero de la diputada seguir\u00e1 su camino sin obst\u00e1culos y qui\u00e9n sabe cu\u00e1nto tiempo le lleve. A la c\u00fapula panista le urge que se cierre ese asunto, porque en temporada de elecciones recurrir al tema de la narcopol\u00edtica en el PAN no le dar\u00e1 m\u00e1s electores a su causa.<\/p>\n<p style=\"text-align: center;\"><strong>EN CHIHUAHUA<\/strong><\/p>\n<p>El Partido Acci\u00f3n Nacional (PAN) nombr\u00f3 al senador Javier Corral como su candidato a la gubernatura de Chihuahua.<\/p>\n<p>El legislador, de acuerdo con las encuestas, result\u00f3 con mejor aceptaci\u00f3n electoral que Teresa Ortu\u00f1o, Carlos Angulo, Carlos Borruel y Juan Blanco, los otros aspirantes blanquiazules.<\/p>\n<p>Javier Corral es un pol\u00edtico controvertido, que por segunda ocasi\u00f3n intentar\u00e1 convertirse en gobernador. Sin duda, se trata de uno de los dirigentes panistas m\u00e1s aguerridos en la c\u00fapula del poder.<\/p>\n<p>As\u00ed lo demostraron sus enfrentamientos con el propio Felipe Calder\u00f3n Hinojosa, ex presidente de M\u00e9xico, a quien critic\u00f3, sin miramiento alguno, su pol\u00edtica en telecomunicaciones, radio y televisi\u00f3n.<\/p>\n<p>Se trata pues de un senador que siempre estuvo en el frente de batalla pol\u00edtica, a\u00fan contra las opiniones y el modo de pensar de los dirigentes de su partido.<\/p>\n<p>Javier Corral realizar\u00e1 su campa\u00f1a electoral en una entidad gobernada por el pri\u00edsta, C\u00e9sar Duarte, quien luego de dedicarse a la venta de autos usados, ahora es uno de los hombres m\u00e1s ricos del estado.<\/p>\n<p>Tambi\u00e9n competir\u00e1 contra el alcalde tricolor de Ciudad Ju\u00e1rez, Enrique Serrano, y el aspirante independiente, Jos\u00e9 Luis Barraza, ex presidente del Consejo Coordinador Empresarial (CCE).<\/p>\n<p style=\"text-align: right;\"><em>Feliz fin de semana.<\/em><\/p>\n<p><em><a href=\"mailto:aco2742@hotmail.com\" target=\"_blank\">aco2742@hotmail.com<\/a><\/em><\/p>\n","protected":false},"excerpt":{"rendered":"<p><span style=\"color: #005497;\"><strong>Augusto Corro<\/strong><\/span><\/p>\n","protected":false},"author":3,"featured_media":0,"comment_status":"open","ping_status":"open","sticky":false,"template":"","format":"standard","meta":{"_monsterinsights_skip_tracking":false,"_monsterinsights_sitenote_active":false,"_monsterinsights_sitenote_note":"","_monsterinsights_sitenote_category":0,"footnotes":""},"categories":[157],"tags":[43686,43674,11515],"class_list":["post-254360","post","type-post","status-publish","format-standard","hentry","category-augusto-corro","tag-augusto-corro","tag-opinion","tag-punto-por-punto"],"_links":{"self":[{"href":"https:\/\/www.diarioimagen.net\/index.php?rest_route=\/wp\/v2\/posts\/254360","targetHints":{"allow":["GET"]}}],"collection":[{"href":"https:\/\/www.diarioimagen.net\/index.php?rest_route=\/wp\/v2\/posts"}],"about":[{"href":"https:\/\/www.diarioimagen.net\/index.php?rest_route=\/wp\/v2\/types\/post"}],"author":[{"embeddable":true,"href":"https:\/\/www.diarioimagen.net\/index.php?rest_route=\/wp\/v2\/users\/3"}],"replies":[{"embeddable":true,"href":"https:\/\/www.diarioimagen.net\/index.php?rest_route=%2Fwp%2Fv2%2Fcomments&post=254360"}],"version-history":[{"count":0,"href":"https:\/\/www.diarioimagen.net\/index.php?rest_route=\/wp\/v2\/posts\/254360\/revisions"}],"wp:attachment":[{"href":"https:\/\/www.diarioimagen.net\/index.php?rest_route=%2Fwp%2Fv2%2Fmedia&parent=254360"}],"wp:term":[{"taxonomy":"category","embeddable":true,"href":"https:\/\/www.diarioimagen.net\/index.php?rest_route=%2Fwp%2Fv2%2Fcategories&post=254360"},{"taxonomy":"post_tag","embeddable":true,"href":"https:\/\/www.diarioimagen.net\/index.php?rest_route=%2Fwp%2Fv2%2Ftags&post=254360"}],"curies":[{"name":"wp","href":"https:\/\/api.w.org\/{rel}","templated":true}]}}