{"id":254498,"date":"2016-02-08T00:05:22","date_gmt":"2016-02-08T06:05:22","guid":{"rendered":"http:\/\/www.diarioimagen.net\/?p=254498"},"modified":"2016-02-09T02:53:48","modified_gmt":"2016-02-09T08:53:48","slug":"cdmx-llevara-a-corte-litigio-por-chapultepec","status":"publish","type":"post","link":"https:\/\/www.diarioimagen.net\/?p=254498","title":{"rendered":"CDMX llevar\u00e1 a Corte litigio por Chapultepec"},"content":{"rendered":"<ul>\n<li><strong><em>Predio en disputa<\/em><\/strong><\/li>\n<\/ul>\n<p>&nbsp;<\/p>\n<div id=\"attachment_254613\" style=\"width: 430px\" class=\"wp-caption aligncenter\"><a href=\"http:\/\/www.diarioimagen.net\/?attachment_id=254613\" rel=\"attachment wp-att-254613\"><img loading=\"lazy\" decoding=\"async\" aria-describedby=\"caption-attachment-254613\" class=\"size-large wp-image-254613\" src=\"http:\/\/www.diarioimagen.net\/wp-content\/uploads\/2016\/02\/CHAPULTEPEC-2799-420x236.jpg\" alt=\"\u00a0Est\u00e1 en disputa un terreno de cuatro mil 799 metros cuadrados de la tercera secci\u00f3n del bosque de Chapultepec.\" width=\"420\" height=\"236\" srcset=\"https:\/\/www.diarioimagen.net\/wp-content\/uploads\/2016\/02\/CHAPULTEPEC-2799-420x236.jpg 420w, https:\/\/www.diarioimagen.net\/wp-content\/uploads\/2016\/02\/CHAPULTEPEC-2799-240x135.jpg 240w, https:\/\/www.diarioimagen.net\/wp-content\/uploads\/2016\/02\/CHAPULTEPEC-2799-235x132.jpg 235w, https:\/\/www.diarioimagen.net\/wp-content\/uploads\/2016\/02\/CHAPULTEPEC-2799-202x114.jpg 202w, https:\/\/www.diarioimagen.net\/wp-content\/uploads\/2016\/02\/CHAPULTEPEC-2799-350x196.jpg 350w, https:\/\/www.diarioimagen.net\/wp-content\/uploads\/2016\/02\/CHAPULTEPEC-2799-220x123.jpg 220w, https:\/\/www.diarioimagen.net\/wp-content\/uploads\/2016\/02\/CHAPULTEPEC-2799-237x132.jpg 237w, https:\/\/www.diarioimagen.net\/wp-content\/uploads\/2016\/02\/CHAPULTEPEC-2799.jpg 480w\" sizes=\"auto, (max-width: 420px) 100vw, 420px\" \/><\/a><p id=\"caption-attachment-254613\" class=\"wp-caption-text\">Est\u00e1 en disputa un terreno de cuatro mil 799 metros cuadrados de la tercera secci\u00f3n del bosque de Chapultepec.<\/p><\/div>\n<p>&nbsp;<\/p>\n<p>El gobierno capitalino llevar\u00e1 ante la Suprema Corte de Justicia de la Naci\u00f3n (SCJN) el caso del predio de Montes Apalaches 525, en Bosque de Chapultepec, para que se reconozca como un \u00e1rea de valor ambiental, inform\u00f3 el consejero jur\u00eddico y de Servicios Legales capitalino, Manuel Granados Covarrubias.<\/p>\n<p>En una reuni\u00f3n con vecinos de esa zona, adelant\u00f3 que la dependencia a su cargo llevar\u00e1 el caso a la Corte mediante un incidente de inejecuci\u00f3n de sentencia para que revise los fundamentos jur\u00eddicos que le permitan preservar su car\u00e1cter de \u00e1rea verde. Lo anterior, detall\u00f3, con el argumento de que el terreno de 4 mil 799 metros cuadrados, aun antes de que fuera expropiado, ya ten\u00eda esa vocaci\u00f3n.<\/p>\n<p>Vecinos de la colonia Lomas de Chapultepec se oponen al cambio de uso de suelo del predio, pues en fechas recientes el Tribunal de lo Contencioso Administrativo del Distrito Federal orden\u00f3 que fuera restituido a la inmobiliaria Trepi.<\/p>\n<p>Al respecto, el funcionario dijo que pedir\u00e1n al alto tribunal una revisi\u00f3n exhaustiva del caso porque para la administraci\u00f3n local los asuntos de car\u00e1cter inmobiliario nunca han estado por encima de la defensa del derecho al medio ambiente.<\/p>\n<p>En el encuentro, donde estuvieron l\u00edderes ambientalistas de la delegaci\u00f3n Miguel Hidalgo, Granados Covarrubias recalc\u00f3 que la estrategia jur\u00eddica del gobierno local es de largo alcance y considerar\u00e1 todos los amparos que, eventualmente, pudieran interponerse en la defensa del Bosque de Chapultepec.<\/p>\n<p>\u201cTengan la confianza de que estaremos muy pendientes de darle puntual seguimiento al asunto\u201d, asegur\u00f3 al se\u00f1alar que continuar\u00e1 reuni\u00e9ndose con los vecinos de esta zona para definir los plazos en los que se iniciar\u00e1 el procedimiento ante la Suprema Corte.<\/p>\n<p>Asimismo, la delegada en Miguel Hidalgo, X\u00f3chitl G\u00e1lvez, adem\u00e1s de diputados de la Asamblea Legislativa del Distrito Federal (ALDF), de los partidos Morena y Acci\u00f3n Nacional (PAN), cerraron filas con los vecinos.<\/p>\n","protected":false},"excerpt":{"rendered":"<p>El gobierno capitalino llevar\u00e1 ante la Suprema Corte de Justicia de la Naci\u00f3n (SCJN) el caso del predio de Montes Apalaches 525, en Bosque de Chapultepec, para que se reconozca como un \u00e1rea de valor ambiental, inform\u00f3 el consejero jur\u00eddico y de Servicios Legales capitalino, Manuel Granados Covarrubias.<\/p>\n","protected":false},"author":3,"featured_media":254613,"comment_status":"open","ping_status":"open","sticky":false,"template":"","format":"standard","meta":{"_monsterinsights_skip_tracking":false,"_monsterinsights_sitenote_active":false,"_monsterinsights_sitenote_note":"","_monsterinsights_sitenote_category":0,"footnotes":""},"categories":[6],"tags":[6787,43673,2852,1584],"class_list":["post-254498","post","type-post","status-publish","format-standard","has-post-thumbnail","hentry","category-cd-de-mexico","tag-bosque-de-chapultepec","tag-nacional","tag-scjn","tag-suprema-corte-de-justicia-de-la-nacion"],"_links":{"self":[{"href":"https:\/\/www.diarioimagen.net\/index.php?rest_route=\/wp\/v2\/posts\/254498","targetHints":{"allow":["GET"]}}],"collection":[{"href":"https:\/\/www.diarioimagen.net\/index.php?rest_route=\/wp\/v2\/posts"}],"about":[{"href":"https:\/\/www.diarioimagen.net\/index.php?rest_route=\/wp\/v2\/types\/post"}],"author":[{"embeddable":true,"href":"https:\/\/www.diarioimagen.net\/index.php?rest_route=\/wp\/v2\/users\/3"}],"replies":[{"embeddable":true,"href":"https:\/\/www.diarioimagen.net\/index.php?rest_route=%2Fwp%2Fv2%2Fcomments&post=254498"}],"version-history":[{"count":0,"href":"https:\/\/www.diarioimagen.net\/index.php?rest_route=\/wp\/v2\/posts\/254498\/revisions"}],"wp:featuredmedia":[{"embeddable":true,"href":"https:\/\/www.diarioimagen.net\/index.php?rest_route=\/wp\/v2\/media\/254613"}],"wp:attachment":[{"href":"https:\/\/www.diarioimagen.net\/index.php?rest_route=%2Fwp%2Fv2%2Fmedia&parent=254498"}],"wp:term":[{"taxonomy":"category","embeddable":true,"href":"https:\/\/www.diarioimagen.net\/index.php?rest_route=%2Fwp%2Fv2%2Fcategories&post=254498"},{"taxonomy":"post_tag","embeddable":true,"href":"https:\/\/www.diarioimagen.net\/index.php?rest_route=%2Fwp%2Fv2%2Ftags&post=254498"}],"curies":[{"name":"wp","href":"https:\/\/api.w.org\/{rel}","templated":true}]}}