{"id":254507,"date":"2016-02-08T00:07:37","date_gmt":"2016-02-08T06:07:37","guid":{"rendered":"http:\/\/www.diarioimagen.net\/?p=254507"},"modified":"2016-02-09T02:54:08","modified_gmt":"2016-02-09T08:54:08","slug":"escuelas-al-cien-apoyara-a-16-mil-planteles-este-ano","status":"publish","type":"post","link":"https:\/\/www.diarioimagen.net\/?p=254507","title":{"rendered":"Escuelas al Cien apoyar\u00e1 a 16 mil planteles este a\u00f1o"},"content":{"rendered":"<ul>\n<li><strong><em>Beneficio a 5.2 millones de alumnos<\/em><\/strong><\/li>\n<\/ul>\n<p>&nbsp;<\/p>\n<div id=\"attachment_254605\" style=\"width: 430px\" class=\"wp-caption aligncenter\"><a href=\"http:\/\/www.diarioimagen.net\/?attachment_id=254605\" rel=\"attachment wp-att-254605\"><img loading=\"lazy\" decoding=\"async\" aria-describedby=\"caption-attachment-254605\" class=\"size-large wp-image-254605\" src=\"http:\/\/www.diarioimagen.net\/wp-content\/uploads\/2016\/02\/escuelas-2799-420x236.jpg\" alt=\"El programa \u201cEscuelas al Cien beneficiar\u00e1 a m\u00e1s de 5.2 millones de estudiantes en aproximadamente 2 mil municipios de todo el pa\u00eds\u201d.\" width=\"420\" height=\"236\" srcset=\"https:\/\/www.diarioimagen.net\/wp-content\/uploads\/2016\/02\/escuelas-2799-420x236.jpg 420w, https:\/\/www.diarioimagen.net\/wp-content\/uploads\/2016\/02\/escuelas-2799-240x135.jpg 240w, https:\/\/www.diarioimagen.net\/wp-content\/uploads\/2016\/02\/escuelas-2799-235x132.jpg 235w, https:\/\/www.diarioimagen.net\/wp-content\/uploads\/2016\/02\/escuelas-2799-202x114.jpg 202w, https:\/\/www.diarioimagen.net\/wp-content\/uploads\/2016\/02\/escuelas-2799-350x196.jpg 350w, https:\/\/www.diarioimagen.net\/wp-content\/uploads\/2016\/02\/escuelas-2799-220x123.jpg 220w, https:\/\/www.diarioimagen.net\/wp-content\/uploads\/2016\/02\/escuelas-2799-237x132.jpg 237w, https:\/\/www.diarioimagen.net\/wp-content\/uploads\/2016\/02\/escuelas-2799.jpg 480w\" sizes=\"auto, (max-width: 420px) 100vw, 420px\" \/><\/a><p id=\"caption-attachment-254605\" class=\"wp-caption-text\">El programa \u201cEscuelas al Cien beneficiar\u00e1 a m\u00e1s de 5.2 millones de estudiantes en aproximadamente 2 mil municipios de todo el pa\u00eds\u201d.<\/p><\/div>\n<p>&nbsp;<\/p>\n<p>Unos 16 mil planteles ser\u00e1n apoyados durante 2016 en mejora de infraestructura por la SEP, a trav\u00e9s del programa Escuelas al Cien, que durante los pr\u00f3ximos tres a\u00f1os atender\u00e1 a m\u00e1s de 33 mil centros educativos.<\/p>\n<p>El titular del Instituto Nacional de la Infraestructura F\u00edsica Educativa (Inifed), H\u00e9ctor Guti\u00e9rrez de la Garza, resalt\u00f3 que en total se beneficiar\u00e1 a m\u00e1s de 5.2 millones de estudiantes en aproximadamente 2 mil municipios de todo el pa\u00eds.<\/p>\n<p>\u201cA finales de 2016, m\u00e1s de 16 mil planteles educativos a nivel nacional disfrutar\u00e1n de los trabajos ejecutados a trav\u00e9s de Escuelas al Cien\u201d, dijo en un comunicado la dependencia.<\/p>\n<p>\u201cA mes y medio del arranque del Programa, las acciones de mejoramiento ya se ven reflejadas en los planteles educativos incluidos en los listados 2015\u201d, agreg\u00f3.<\/p>\n<p>\u201cAl d\u00eda de hoy ya se comienzan a reflejar los avances de Escuelas al Cien, con estas obras avanzamos juntos en la implementaci\u00f3n de la reforma educativa, con inversi\u00f3n en la rehabilitaci\u00f3n y mejoramiento de la infraestructura educativa\u201d, puntualiz\u00f3.<\/p>\n<p style=\"text-align: center;\"><strong>Destacan avances en rehabilitaci\u00f3n y mejoramiento de escuelas <\/strong><\/p>\n<p>A partir del banderazo oficial para poner en marcha el programa Escuelas al Cien, todas las entidades federativas dieron inicio en diciembre pasado la ejecuci\u00f3n de acciones en los planteles educativos participantes.<\/p>\n<p>La SEP expuso que esas instituciones educativas se encuentran en los listados oficiales publicados en el portal www.\u00adinifed\u00ad.gob.\u00admx\/escuelasalcien.<\/p>\n<p>El titular de Inifed inform\u00f3 que a partir de esta fecha iniciaron las labores de rehabilitaci\u00f3n y mejoramiento de escuelas, y al d\u00eda de hoy ya se comienzan a reflejar los avances de Escuelas al Cien.<\/p>\n<p>\u201cCon estas obras avanzamos juntos en la implementaci\u00f3n de la reforma educativa, con inversi\u00f3n en la rehabilitaci\u00f3n y mejoramiento de la infraestructura\u201d, puntualiz\u00f3.<\/p>\n<p>Con Escuelas al Cien, la SEP atender\u00e1 a m\u00e1s de 33 mil planteles educativos, lo que beneficia a m\u00e1s de 5.2 millones de estudiantes en al menos dos mil municipios de todo el pa\u00eds.<\/p>\n<p>La dependencia agreg\u00f3 que a finales de 2016, m\u00e1s de 16 mil planteles educativos a nivel nacional disfrutar\u00e1n de los trabajos ejecutados a trav\u00e9s de Escuelas al Cien.<\/p>\n","protected":false},"excerpt":{"rendered":"<p>Unos 16 mil planteles ser\u00e1n apoyados durante 2016 en mejora de infraestructura por la SEP, a trav\u00e9s del programa Escuelas al Cien, que durante los pr\u00f3ximos tres a\u00f1os atender\u00e1 a m\u00e1s de 33 mil centros educativos.<\/p>\n","protected":false},"author":3,"featured_media":254605,"comment_status":"open","ping_status":"open","sticky":false,"template":"","format":"standard","meta":{"_monsterinsights_skip_tracking":false,"_monsterinsights_sitenote_active":false,"_monsterinsights_sitenote_note":"","_monsterinsights_sitenote_category":0,"footnotes":""},"categories":[3],"tags":[30144,48650,43673,459],"class_list":["post-254507","post","type-post","status-publish","format-standard","has-post-thumbnail","hentry","category-nacional","tag-aurelio-nuno-mayer","tag-escuelas-al-cien","tag-nacional","tag-sep"],"_links":{"self":[{"href":"https:\/\/www.diarioimagen.net\/index.php?rest_route=\/wp\/v2\/posts\/254507","targetHints":{"allow":["GET"]}}],"collection":[{"href":"https:\/\/www.diarioimagen.net\/index.php?rest_route=\/wp\/v2\/posts"}],"about":[{"href":"https:\/\/www.diarioimagen.net\/index.php?rest_route=\/wp\/v2\/types\/post"}],"author":[{"embeddable":true,"href":"https:\/\/www.diarioimagen.net\/index.php?rest_route=\/wp\/v2\/users\/3"}],"replies":[{"embeddable":true,"href":"https:\/\/www.diarioimagen.net\/index.php?rest_route=%2Fwp%2Fv2%2Fcomments&post=254507"}],"version-history":[{"count":0,"href":"https:\/\/www.diarioimagen.net\/index.php?rest_route=\/wp\/v2\/posts\/254507\/revisions"}],"wp:featuredmedia":[{"embeddable":true,"href":"https:\/\/www.diarioimagen.net\/index.php?rest_route=\/wp\/v2\/media\/254605"}],"wp:attachment":[{"href":"https:\/\/www.diarioimagen.net\/index.php?rest_route=%2Fwp%2Fv2%2Fmedia&parent=254507"}],"wp:term":[{"taxonomy":"category","embeddable":true,"href":"https:\/\/www.diarioimagen.net\/index.php?rest_route=%2Fwp%2Fv2%2Fcategories&post=254507"},{"taxonomy":"post_tag","embeddable":true,"href":"https:\/\/www.diarioimagen.net\/index.php?rest_route=%2Fwp%2Fv2%2Ftags&post=254507"}],"curies":[{"name":"wp","href":"https:\/\/api.w.org\/{rel}","templated":true}]}}