{"id":254536,"date":"2016-02-08T00:03:36","date_gmt":"2016-02-08T06:03:36","guid":{"rendered":"http:\/\/www.diarioimagen.net\/?p=254536"},"modified":"2016-02-10T02:47:16","modified_gmt":"2016-02-10T08:47:16","slug":"promulgan-el-bando-municipal-2016-de-atizapan-de-zaragoza","status":"publish","type":"post","link":"https:\/\/www.diarioimagen.net\/?p=254536","title":{"rendered":"Promulgan el Bando Municipal 2016 de Atizap\u00e1n de Zaragoza"},"content":{"rendered":"<ul>\n<li><strong><em>Fortalecen bases de convivencia en todos los \u00e1mbitos<\/em><\/strong><\/li>\n<\/ul>\n<p>&nbsp;<\/p>\n<div id=\"attachment_254578\" style=\"width: 430px\" class=\"wp-caption aligncenter\"><a href=\"http:\/\/www.diarioimagen.net\/?attachment_id=254578\" rel=\"attachment wp-att-254578\"><img loading=\"lazy\" decoding=\"async\" aria-describedby=\"caption-attachment-254578\" class=\"size-large wp-image-254578\" src=\"http:\/\/www.diarioimagen.net\/wp-content\/uploads\/2016\/02\/atizapan-2799-420x236.jpg\" alt=\"El Bando Municipal est\u00e1 orientado a las necesidades espec\u00edficas de Atizap\u00e1n, queremos integrar en este documento las bases que nos regir\u00e1n y que permitir\u00e1n que la poblaci\u00f3n cuente con las instancias adecuadas para la atenci\u00f3n de sus requerimientos\u201d: Ana Mar\u00eda Balderas Trejo.\" width=\"420\" height=\"236\" srcset=\"https:\/\/www.diarioimagen.net\/wp-content\/uploads\/2016\/02\/atizapan-2799-420x236.jpg 420w, https:\/\/www.diarioimagen.net\/wp-content\/uploads\/2016\/02\/atizapan-2799-240x135.jpg 240w, https:\/\/www.diarioimagen.net\/wp-content\/uploads\/2016\/02\/atizapan-2799-235x132.jpg 235w, https:\/\/www.diarioimagen.net\/wp-content\/uploads\/2016\/02\/atizapan-2799-202x114.jpg 202w, https:\/\/www.diarioimagen.net\/wp-content\/uploads\/2016\/02\/atizapan-2799-350x196.jpg 350w, https:\/\/www.diarioimagen.net\/wp-content\/uploads\/2016\/02\/atizapan-2799-220x123.jpg 220w, https:\/\/www.diarioimagen.net\/wp-content\/uploads\/2016\/02\/atizapan-2799-237x132.jpg 237w, https:\/\/www.diarioimagen.net\/wp-content\/uploads\/2016\/02\/atizapan-2799.jpg 480w\" sizes=\"auto, (max-width: 420px) 100vw, 420px\" \/><\/a><p id=\"caption-attachment-254578\" class=\"wp-caption-text\">El Bando Municipal est\u00e1 orientado a las necesidades espec\u00edficas de Atizap\u00e1n, queremos integrar en este documento las bases que nos regir\u00e1n y que permitir\u00e1n que la poblaci\u00f3n cuente con las instancias adecuadas para la atenci\u00f3n de sus requerimientos\u201d: Ana Mar\u00eda Balderas Trejo.<\/p><\/div>\n<p>&nbsp;<\/p>\n<p><strong>Atizap\u00e1n, Estado de M\u00e9xico<\/strong>.- La presidenta municipal, Ana Mar\u00eda Balderas Trejo, acompa\u00f1ada del cuerpo edilicio encabez\u00f3 la ceremonia de promulgaci\u00f3n del Bando Municipal 2016, mismo que tiene el objetivo de fortalecer las bases de convivencia en el \u00e1mbito pol\u00edtico, social, econ\u00f3mico y cultural, conforme a lo dispuesto en la Constituci\u00f3n Pol\u00edtica de los Estados Unidos Mexicanos.<\/p>\n<p>Para mejorar las condiciones de vida de los atizapenses, el 26 de enero del a\u00f1o en curso el cabildo aprob\u00f3 por unanimidad el Bando Municipal 2016, que establece las normas generales b\u00e1sicas para orientar el r\u00e9gimen de gobierno, la organizaci\u00f3n y funcionamiento de la administraci\u00f3n p\u00fablica local.<\/p>\n<p>En su mensaje la alcaldesa Ana Balderas refiri\u00f3 ante los integrantes del cuerpo edilicio que las modificaciones importantes al bando son en materia de derechos humanos sentando bases para cumplimiento de este tema, equidad de g\u00e9nero, desarrollo de las mujeres, prevenci\u00f3n de la discriminaci\u00f3n, atenci\u00f3n a grupos vulnerables, mejora regulatoria, protecci\u00f3n de acceso a la informaci\u00f3n y datos personales.<\/p>\n<p>Balderas Trejo mencion\u00f3 que se busca mejorar el medio ambiente, juventud, educaci\u00f3n y cultura, cultura f\u00edsica y deporte, fortalecimiento de la hacienda p\u00fablica municipal, utilizaci\u00f3n de nuevas tecnolog\u00edas en el gobierno, entre otras.<\/p>\n<p>Enfatiz\u00f3 que con esta modificaci\u00f3n al Bando Municipal se tienen las normas de conducci\u00f3n del gobierno e invit\u00f3 a los ciudadanos a conocerlo, leerlo y apegarse a las normas marcadas en este; toda vez que pidi\u00f3 a los presentes ayuden en la difusi\u00f3n del mismo.<\/p>\n<p>En su oportunidad y tras hacer un\u00a0recuento hist\u00f3rico sobre la Constituci\u00f3n Pol\u00edtica, el secretario del Ayuntamiento, Mauro Granjas Jim\u00e9nez, destac\u00f3 que sin duda alguna con la promulgaci\u00f3n del Bando Municipal se pone a la administraci\u00f3n a la vanguardia en la toma de decisiones y de servicios.<\/p>\n","protected":false},"excerpt":{"rendered":"<p>La presidenta municipal, Ana Mar\u00eda Balderas Trejo, acompa\u00f1ada del cuerpo edilicio encabez\u00f3 la ceremonia de promulgaci\u00f3n del Bando Municipal 2016, mismo que tiene el objetivo de fortalecer las bases de convivencia en el \u00e1mbito pol\u00edtico, social, econ\u00f3mico y cultural, conforme a lo dispuesto en la Constituci\u00f3n Pol\u00edtica de los Estados Unidos Mexicanos.<\/p>\n","protected":false},"author":3,"featured_media":254578,"comment_status":"open","ping_status":"open","sticky":false,"template":"","format":"standard","meta":{"_monsterinsights_skip_tracking":false,"_monsterinsights_sitenote_active":false,"_monsterinsights_sitenote_note":"","_monsterinsights_sitenote_category":0,"footnotes":""},"categories":[35155],"tags":[47219,969,48409,43675],"class_list":["post-254536","post","type-post","status-publish","format-standard","has-post-thumbnail","hentry","category-estado-de-mexico-estado-de-mexico","tag-ana-maria-balderas-trejo","tag-atizapan","tag-bando-municipal","tag-estado-de-mexico"],"_links":{"self":[{"href":"https:\/\/www.diarioimagen.net\/index.php?rest_route=\/wp\/v2\/posts\/254536","targetHints":{"allow":["GET"]}}],"collection":[{"href":"https:\/\/www.diarioimagen.net\/index.php?rest_route=\/wp\/v2\/posts"}],"about":[{"href":"https:\/\/www.diarioimagen.net\/index.php?rest_route=\/wp\/v2\/types\/post"}],"author":[{"embeddable":true,"href":"https:\/\/www.diarioimagen.net\/index.php?rest_route=\/wp\/v2\/users\/3"}],"replies":[{"embeddable":true,"href":"https:\/\/www.diarioimagen.net\/index.php?rest_route=%2Fwp%2Fv2%2Fcomments&post=254536"}],"version-history":[{"count":0,"href":"https:\/\/www.diarioimagen.net\/index.php?rest_route=\/wp\/v2\/posts\/254536\/revisions"}],"wp:featuredmedia":[{"embeddable":true,"href":"https:\/\/www.diarioimagen.net\/index.php?rest_route=\/wp\/v2\/media\/254578"}],"wp:attachment":[{"href":"https:\/\/www.diarioimagen.net\/index.php?rest_route=%2Fwp%2Fv2%2Fmedia&parent=254536"}],"wp:term":[{"taxonomy":"category","embeddable":true,"href":"https:\/\/www.diarioimagen.net\/index.php?rest_route=%2Fwp%2Fv2%2Fcategories&post=254536"},{"taxonomy":"post_tag","embeddable":true,"href":"https:\/\/www.diarioimagen.net\/index.php?rest_route=%2Fwp%2Fv2%2Ftags&post=254536"}],"curies":[{"name":"wp","href":"https:\/\/api.w.org\/{rel}","templated":true}]}}