{"id":254678,"date":"2016-02-09T00:05:26","date_gmt":"2016-02-09T06:05:26","guid":{"rendered":"http:\/\/www.diarioimagen.net\/?p=254678"},"modified":"2016-02-10T00:41:41","modified_gmt":"2016-02-10T06:41:41","slug":"ajuste-preventivo-al-gasto-en-2017-anuncia-hacienda","status":"publish","type":"post","link":"https:\/\/www.diarioimagen.net\/?p=254678","title":{"rendered":"Ajuste al gasto operativo en 2017, anuncia Luis Videgaray"},"content":{"rendered":"<ul>\n<li><strong><em>Empezar\u00e1n por Pemex este a\u00f1o<\/em><\/strong><\/li>\n<\/ul>\n<p>&nbsp;<\/p>\n<div id=\"attachment_254679\" style=\"width: 430px\" class=\"wp-caption aligncenter\"><a href=\"http:\/\/www.diarioimagen.net\/?attachment_id=254679\" rel=\"attachment wp-att-254679\"><img loading=\"lazy\" decoding=\"async\" aria-describedby=\"caption-attachment-254679\" class=\"wp-image-254679 size-large\" src=\"http:\/\/www.diarioimagen.net\/wp-content\/uploads\/2016\/02\/GASTO-portal-420x245.jpg\" alt=\"El ajuste preventivo al gasto comenzar\u00e1 en Pemex, anuncia el secretario de Hacienda, Luis Videgaray Caso.\" width=\"420\" height=\"245\" srcset=\"https:\/\/www.diarioimagen.net\/wp-content\/uploads\/2016\/02\/GASTO-portal-420x245.jpg 420w, https:\/\/www.diarioimagen.net\/wp-content\/uploads\/2016\/02\/GASTO-portal-240x140.jpg 240w, https:\/\/www.diarioimagen.net\/wp-content\/uploads\/2016\/02\/GASTO-portal.jpg 480w\" sizes=\"auto, (max-width: 420px) 100vw, 420px\" \/><\/a><p id=\"caption-attachment-254679\" class=\"wp-caption-text\">El ajuste preventivo al gasto comenzar\u00e1 en Pemex, anuncia el secretario de Hacienda, Luis Videgaray Caso.<\/p><\/div>\n<p>&nbsp;<\/p>\n<p>Dado el entorno en precios internacionales del petr\u00f3leo es necesario realizar un ajuste preventivo al gasto p\u00fablico en 2017, empezando por el de Petr\u00f3leos Mexicanos (Pemex) este a\u00f1o, anunci\u00f3 el secretario de Hacienda, Luis Videgaray Caso.<\/p>\n<p>Se\u00f1al\u00f3 que existe absoluta coincidencia con la visi\u00f3n de Banco de M\u00e9xico (Banxico), instituto que en d\u00edas pasados se\u00f1al\u00f3 que ante la ca\u00edda del precio del petr\u00f3leo es fundamental mantener un marco macroecon\u00f3mico s\u00f3lido en M\u00e9xico, para lo cual \u201cser\u00e1 necesario llevar a cabo los ajustes requeridos en las finanzas p\u00fablicas, incluyendo a Pemex\u201d.<\/p>\n<p>Estas medidas son necesarias ante la necesidad de enfrentar la volatilidad y aversi\u00f3n al riesgo que existe con respecto a los mercados emergentes, utilizando de manera integral y bien coordinada los diferentes instrumentos de pol\u00edtica econ\u00f3mica, como la pol\u00edtica fiscal y monetaria, seg\u00fan las declaraciones de Videgaray Caso, difundas por la Secretar\u00eda de Hacienda en un comunicado.<\/p>\n<p>El ajuste al gasto empezar\u00eda en Pemex, que deber\u00e1 tomarse al interior del Consejo de Administraci\u00f3n, dado que es donde se tiene en este momento la mayor dificultad en virtud de la ca\u00edda de los precios del petr\u00f3leo.<\/p>\n<p>La Secretar\u00eda de Hacienda refiere que para 2016 las finanzas p\u00fablicas se encuentran protegidas por la cobertura petrolera contratada.<\/p>\n<p>Sostuvo que se mantendr\u00e1 en estrecha comunicaci\u00f3n con el Banxico para tomar, de manera responsable y a tiempo, las medidas que permitan preservar la estabilidad macroecon\u00f3mica de M\u00e9xico, con el fin de proteger la econom\u00eda de las familias mexicanas.<\/p>\n<p style=\"text-align: center;\"><strong>La alerta de Banxico<\/strong><\/p>\n<p>La semana pasada, el gobernador del Banco de M\u00e9xico, Agust\u00edn Carstens, alert\u00f3 que de no hacer un recorte al gasto p\u00fablico, sobre todo en Pemex se tendr\u00edan consecuencias lamentables, porque se deber\u00e1 apretar m\u00e1s la pol\u00edtica monetaria.<strong><br \/>\n<\/strong><\/p>\n","protected":false},"excerpt":{"rendered":"<p>Dado el entorno en precios internacionales del petr\u00f3leo es necesario realizar un ajuste preventivo al gasto p\u00fablico en 2017, empezando por el de Petr\u00f3leos Mexicanos (Pemex) este a\u00f1o, anunci\u00f3 el secretario de Hacienda, Luis Videgaray Caso.<\/p>\n","protected":false},"author":5,"featured_media":254679,"comment_status":"open","ping_status":"open","sticky":false,"template":"","format":"standard","meta":{"_monsterinsights_skip_tracking":false,"_monsterinsights_sitenote_active":false,"_monsterinsights_sitenote_note":"","_monsterinsights_sitenote_category":0,"footnotes":""},"categories":[3],"tags":[31248,7517,43673,292,1102],"class_list":["post-254678","post","type-post","status-publish","format-standard","has-post-thumbnail","hentry","category-nacional","tag-gasto","tag-luis-videgaray-caso","tag-nacional","tag-pemex","tag-shcp"],"_links":{"self":[{"href":"https:\/\/www.diarioimagen.net\/index.php?rest_route=\/wp\/v2\/posts\/254678","targetHints":{"allow":["GET"]}}],"collection":[{"href":"https:\/\/www.diarioimagen.net\/index.php?rest_route=\/wp\/v2\/posts"}],"about":[{"href":"https:\/\/www.diarioimagen.net\/index.php?rest_route=\/wp\/v2\/types\/post"}],"author":[{"embeddable":true,"href":"https:\/\/www.diarioimagen.net\/index.php?rest_route=\/wp\/v2\/users\/5"}],"replies":[{"embeddable":true,"href":"https:\/\/www.diarioimagen.net\/index.php?rest_route=%2Fwp%2Fv2%2Fcomments&post=254678"}],"version-history":[{"count":0,"href":"https:\/\/www.diarioimagen.net\/index.php?rest_route=\/wp\/v2\/posts\/254678\/revisions"}],"wp:featuredmedia":[{"embeddable":true,"href":"https:\/\/www.diarioimagen.net\/index.php?rest_route=\/wp\/v2\/media\/254679"}],"wp:attachment":[{"href":"https:\/\/www.diarioimagen.net\/index.php?rest_route=%2Fwp%2Fv2%2Fmedia&parent=254678"}],"wp:term":[{"taxonomy":"category","embeddable":true,"href":"https:\/\/www.diarioimagen.net\/index.php?rest_route=%2Fwp%2Fv2%2Fcategories&post=254678"},{"taxonomy":"post_tag","embeddable":true,"href":"https:\/\/www.diarioimagen.net\/index.php?rest_route=%2Fwp%2Fv2%2Ftags&post=254678"}],"curies":[{"name":"wp","href":"https:\/\/api.w.org\/{rel}","templated":true}]}}