{"id":254733,"date":"2016-02-09T00:06:52","date_gmt":"2016-02-09T06:06:52","guid":{"rendered":"http:\/\/www.diarioimagen.net\/?p=254733"},"modified":"2016-02-10T00:41:46","modified_gmt":"2016-02-10T06:41:46","slug":"mas-apoyo-en-edomex-a-deportistas","status":"publish","type":"post","link":"https:\/\/www.diarioimagen.net\/?p=254733","title":{"rendered":"M\u00e1s apoyo en Edomex a deportistas"},"content":{"rendered":"<h2>Arco Norte<\/h2>\n<h5>Jos\u00e9 Luis Monta\u00f1ez Aguilar<\/h5>\n<p>&nbsp;<\/p>\n<div id=\"attachment_254753\" style=\"width: 430px\" class=\"wp-caption aligncenter\"><a href=\"http:\/\/www.diarioimagen.net\/?attachment_id=254753\" rel=\"attachment wp-att-254753\"><img loading=\"lazy\" decoding=\"async\" aria-describedby=\"caption-attachment-254753\" class=\"size-large wp-image-254753\" src=\"http:\/\/www.diarioimagen.net\/wp-content\/uploads\/2016\/02\/arco-2800-420x236.jpg\" alt=\"Eruviel \u00c1vila - Inaugurando el gimnasio de combate Jos\u00e9 Sulaim\u00e1n.\" width=\"420\" height=\"236\" srcset=\"https:\/\/www.diarioimagen.net\/wp-content\/uploads\/2016\/02\/arco-2800-420x236.jpg 420w, https:\/\/www.diarioimagen.net\/wp-content\/uploads\/2016\/02\/arco-2800-240x135.jpg 240w, https:\/\/www.diarioimagen.net\/wp-content\/uploads\/2016\/02\/arco-2800-768x432.jpg 768w, https:\/\/www.diarioimagen.net\/wp-content\/uploads\/2016\/02\/arco-2800-480x270.jpg 480w, https:\/\/www.diarioimagen.net\/wp-content\/uploads\/2016\/02\/arco-2800-235x132.jpg 235w, https:\/\/www.diarioimagen.net\/wp-content\/uploads\/2016\/02\/arco-2800-202x114.jpg 202w, https:\/\/www.diarioimagen.net\/wp-content\/uploads\/2016\/02\/arco-2800-350x196.jpg 350w, https:\/\/www.diarioimagen.net\/wp-content\/uploads\/2016\/02\/arco-2800-220x123.jpg 220w, https:\/\/www.diarioimagen.net\/wp-content\/uploads\/2016\/02\/arco-2800-237x132.jpg 237w, https:\/\/www.diarioimagen.net\/wp-content\/uploads\/2016\/02\/arco-2800.jpg 1200w\" sizes=\"auto, (max-width: 420px) 100vw, 420px\" \/><\/a><p id=\"caption-attachment-254753\" class=\"wp-caption-text\">Eruviel \u00c1vila &#8211; Inaugurando el gimnasio de combate Jos\u00e9 Sulaim\u00e1n.<\/p><\/div>\n<p>&nbsp;<\/p>\n<p>Eruviel \u00c1vila Villegas inaugur\u00f3 el Gimnasio de Combate \u201cJos\u00e9 Sulaim\u00e1n Chagn\u00f3n\u201d, que se ubica en el Centro Ceremonial Otom\u00ed, que permitir\u00e1 que deportistas de alto rendimiento en disciplinas como boxeo, tae kwon do, atletismo, karate, ciclismo, tiro con arco, entre otras, tengan una mejor preparaci\u00f3n f\u00edsica y mental, ya que al ubicarse a 3 mil 200 metros de altura favorece el rendimiento de los atletas, desarrollando su resistencia aer\u00f3bica y el fortalecimiento m\u00fasculo-esquel\u00e9tico.<\/p>\n<p>Acompa\u00f1ado por Alfredo Castillo Cervantes, director general de la Comisi\u00f3n Nacional del Deporte (Conade); Mauricio Sulaim\u00e1n Sald\u00edvar, presidente del Consejo Mundial de Boxeo, y Don King, promotor de box, \u00a0Eruviel \u00c1vila destac\u00f3 que su administraci\u00f3n se sumar\u00e1 al proyecto que el CMB tiene con la Fundaci\u00f3n Scholas del Papa Francisco, cuya finalidad es impulsar la paz y los valores a trav\u00e9s del deporte, como lo es el box.<\/p>\n<p>En el acto, al que tambi\u00e9n asistieron campeones y ex campeones del Consejo Mundial de Boxeo (CMB) que han entrenado en el Centro Ceremonial Otom\u00ed, como Julio C\u00e9sar Ch\u00e1vez, y los mexiquenses Carlos Cuadras, Francisco Vargas, Jessica \u201cKika\u201d Ch\u00e1vez, Ibet \u201cRoca\u201d Zamora y Ana Arrazola, el gobernador mexiquense agradeci\u00f3 el apoyo de la Conade y del gobierno federal por destinar 33 millones de pesos para que el Centro Ceremonial Otom\u00ed cuente con mejores instalaciones deportivas y se convierta en un referente nacional.<\/p>\n<p>El gimnasio cuenta con dos plantas donde fueron distribuidos, un gimnasio, ba\u00f1os, vestidores, recepci\u00f3n, oficinas, jacuzzi, y un gimnasio secundario; adem\u00e1s de ring de boxeo y luchas, y equipo para karate y tae kwon do; tendr\u00e1 servicio m\u00e9dico y de medicina del deporte.<\/p>\n<p><em><a href=\"mailto:montanezaguilar@gmail.com\" target=\"_blank\">montanezaguilar@gmail.com<\/a><\/em><\/p>\n","protected":false},"excerpt":{"rendered":"<p><span style=\"color: #005497;\">Jos\u00e9 Luis Monta\u00f1ez Aguilar<\/span><br \/>\n<br \/>\nEruviel \u00c1vila Villegas inaugur\u00f3 el Gimnasio de Combate \u201cJos\u00e9 Sulaim\u00e1n Chagn\u00f3n\u201d, que se ubica en el Centro Ceremonial Otom\u00ed, que permitir\u00e1 que deportistas de alto rendimiento en disciplinas como boxeo, tae kwon do, atletismo, karate, ciclismo, tiro con arco, entre otras, tengan una mejor preparaci\u00f3n f\u00edsica y mental, ya que al ubicarse a 3 mil 200 metros de altura favorece el rendimiento de los atletas, desarrollando su resistencia aer\u00f3bica y el fortalecimiento m\u00fasculo-esquel\u00e9tico.<\/p>\n","protected":false},"author":3,"featured_media":254753,"comment_status":"open","ping_status":"open","sticky":false,"template":"","format":"standard","meta":{"_monsterinsights_skip_tracking":false,"_monsterinsights_sitenote_active":false,"_monsterinsights_sitenote_note":"","_monsterinsights_sitenote_category":0,"footnotes":""},"categories":[5],"tags":[13284,43704,43674],"class_list":["post-254733","post","type-post","status-publish","format-standard","has-post-thumbnail","hentry","category-estado-de-mexico","tag-arco-norte","tag-jose-luis-montanez-aguilar","tag-opinion"],"_links":{"self":[{"href":"https:\/\/www.diarioimagen.net\/index.php?rest_route=\/wp\/v2\/posts\/254733","targetHints":{"allow":["GET"]}}],"collection":[{"href":"https:\/\/www.diarioimagen.net\/index.php?rest_route=\/wp\/v2\/posts"}],"about":[{"href":"https:\/\/www.diarioimagen.net\/index.php?rest_route=\/wp\/v2\/types\/post"}],"author":[{"embeddable":true,"href":"https:\/\/www.diarioimagen.net\/index.php?rest_route=\/wp\/v2\/users\/3"}],"replies":[{"embeddable":true,"href":"https:\/\/www.diarioimagen.net\/index.php?rest_route=%2Fwp%2Fv2%2Fcomments&post=254733"}],"version-history":[{"count":0,"href":"https:\/\/www.diarioimagen.net\/index.php?rest_route=\/wp\/v2\/posts\/254733\/revisions"}],"wp:featuredmedia":[{"embeddable":true,"href":"https:\/\/www.diarioimagen.net\/index.php?rest_route=\/wp\/v2\/media\/254753"}],"wp:attachment":[{"href":"https:\/\/www.diarioimagen.net\/index.php?rest_route=%2Fwp%2Fv2%2Fmedia&parent=254733"}],"wp:term":[{"taxonomy":"category","embeddable":true,"href":"https:\/\/www.diarioimagen.net\/index.php?rest_route=%2Fwp%2Fv2%2Fcategories&post=254733"},{"taxonomy":"post_tag","embeddable":true,"href":"https:\/\/www.diarioimagen.net\/index.php?rest_route=%2Fwp%2Fv2%2Ftags&post=254733"}],"curies":[{"name":"wp","href":"https:\/\/api.w.org\/{rel}","templated":true}]}}