{"id":254739,"date":"2016-02-09T00:06:29","date_gmt":"2016-02-09T06:06:29","guid":{"rendered":"http:\/\/www.diarioimagen.net\/?p=254739"},"modified":"2016-02-09T02:58:51","modified_gmt":"2016-02-09T08:58:51","slug":"atizapan-varias-conductas-de-carcel-solo-faltas-administrativas","status":"publish","type":"post","link":"https:\/\/www.diarioimagen.net\/?p=254739","title":{"rendered":"Atizap\u00e1n: varias conductas de c\u00e1rcel, s\u00f3lo faltas administrativas"},"content":{"rendered":"<ul>\n<li><strong><em>Cambios al Bando Municipal<\/em><\/strong><\/li>\n<\/ul>\n<p>&nbsp;<\/p>\n<div id=\"attachment_254766\" style=\"width: 430px\" class=\"wp-caption aligncenter\"><a href=\"http:\/\/www.diarioimagen.net\/?attachment_id=254766\" rel=\"attachment wp-att-254766\"><img loading=\"lazy\" decoding=\"async\" aria-describedby=\"caption-attachment-254766\" class=\"size-large wp-image-254766\" src=\"http:\/\/www.diarioimagen.net\/wp-content\/uploads\/2016\/02\/ATIZAPAN-2800-420x236.jpg\" alt=\"En la develaci\u00f3n del Bando Municipal, la alcaldesa de Atizap\u00e1n, Ana Mar\u00eda Balderas Trejo, destac\u00f3 varios cambios.\" width=\"420\" height=\"236\" srcset=\"https:\/\/www.diarioimagen.net\/wp-content\/uploads\/2016\/02\/ATIZAPAN-2800-420x236.jpg 420w, https:\/\/www.diarioimagen.net\/wp-content\/uploads\/2016\/02\/ATIZAPAN-2800-240x135.jpg 240w, https:\/\/www.diarioimagen.net\/wp-content\/uploads\/2016\/02\/ATIZAPAN-2800-235x132.jpg 235w, https:\/\/www.diarioimagen.net\/wp-content\/uploads\/2016\/02\/ATIZAPAN-2800-202x114.jpg 202w, https:\/\/www.diarioimagen.net\/wp-content\/uploads\/2016\/02\/ATIZAPAN-2800-350x196.jpg 350w, https:\/\/www.diarioimagen.net\/wp-content\/uploads\/2016\/02\/ATIZAPAN-2800-220x123.jpg 220w, https:\/\/www.diarioimagen.net\/wp-content\/uploads\/2016\/02\/ATIZAPAN-2800-237x132.jpg 237w, https:\/\/www.diarioimagen.net\/wp-content\/uploads\/2016\/02\/ATIZAPAN-2800.jpg 480w\" sizes=\"auto, (max-width: 420px) 100vw, 420px\" \/><\/a><p id=\"caption-attachment-254766\" class=\"wp-caption-text\">En la develaci\u00f3n del Bando Municipal, la alcaldesa de Atizap\u00e1n, Ana Mar\u00eda Balderas Trejo, destac\u00f3 varios cambios.<\/p><\/div>\n<p>&nbsp;<\/p>\n<p><strong>Atizap\u00e1n, Estado de M\u00e9xico<\/strong>.- Con una visi\u00f3n progresista y vanguardista en materia de seguridad p\u00fablica, el Bando Municipal 2016 elimin\u00f3 conductas contempladas como delitos en el C\u00f3digo Penal del Estado de M\u00e9xico, a efecto de calificarlas como faltas administrativas.<\/p>\n<p>En la Develaci\u00f3n del Bando Municipal, la alcaldesa Ana Mar\u00eda Balderas Trejo destac\u00f3 que \u201cen el Cap\u00edtulo Cuarto De las Prohibiciones, del T\u00edtulo Tercero De la Poblaci\u00f3n del Municipio, se eliminaron las conductas contempladas como delitos en el C\u00f3digo Penal de la entidad, a efecto de calificarlas como faltas administrativas, con la finalidad de garantizar que la actuaci\u00f3n de la Direcci\u00f3n de Seguridad P\u00fablica y Tr\u00e1nsito, a cargo del Comisario Eduardo Gonz\u00e1lez Castillo y de la Oficial\u00eda Calificadora, se encuentren en el \u00e1mbito de su competencia\u201d.<\/p>\n<p>Y abund\u00f3: \u201cse detallaron las funciones de la Defensor\u00eda Municipal de Derechos Humanos, contemplando el inicio de procedimiento de queja por actos u omisiones en esta materia -por supuesto que cometan los servidores p\u00fablicos, municipales y estatales-, as\u00ed como la actuaci\u00f3n de los servidores p\u00fablicos adscritos a este \u00f3rgano aut\u00f3nomo ante casos de vulnerabilidad de derechos humanos\u201d, subray\u00f3.<\/p>\n<p>En el T\u00edtulo Tercero De la Poblaci\u00f3n del Municipio, Cap\u00edtulo Cuarto, De las Prohibiciones, Art\u00edculo 25, Fracci\u00f3n II se establece que queda estrictamente prohibido a los originarios, vecinos, habitantes o transe\u00fantes: \u201cIngerir bebidas alcoh\u00f3licas o inhalar solventes en la v\u00eda p\u00fablica; consumir cualquier tipo de enervantes o sustancia t\u00f3xica, en la v\u00eda p\u00fablica o lugares de uso com\u00fan.<\/p>\n<p>\u201cLas personas que incurran en las prohibiciones anteriores, ser\u00e1n remitidas a la autoridad municipal que corresponda, salvo aquellas que sean consideradas como delito y que deber\u00e1n ser presentadas ante el agente del Ministerio P\u00fablico, quien determinar\u00e1 si existe delito o dicha conducta es considerada como falta administrativa\u201d.<\/p>\n<p>La Fracci\u00f3n XIII proh\u00edbe \u201cconducir veh\u00edculos automotores por la v\u00eda p\u00fablica, si tiene una cantidad de alcohol en la sangre superior a 0.8 grados por litro y en aire expirado superior a 0.4 miligramos por litro o bajo el influjo de narc\u00f3ticos\u201d.<\/p>\n<p>Con la misma prospectiva, el Bando Municipal, en su T\u00edtulo Quinto De las Funciones y Servicios P\u00fablicos, Cap\u00edtulo Tercero De la Seguridad P\u00fablica en Vialidades, Art\u00edculo 63, Fracci\u00f3n II se establece que para resguardar la seguridad p\u00fablica y la integridad f\u00edsica de los conductores de veh\u00edculos y de terceros en las vialidades del municipio, el H. Ayuntamiento, a trav\u00e9s de las autoridades competentes, instrumentar\u00e1, las siguientes acciones: \u201cLa Direcci\u00f3n de Seguridad P\u00fablica y Tr\u00e1nsito Municipal aplicar\u00e1 los programas y medidas necesarias relacionadas con la foto infracci\u00f3n, para lo cual se auxiliar\u00e1 de radares detectores de velocidad, c\u00e1mara y dem\u00e1s instrumentos tecnol\u00f3gicos a su alcance\u201d.<\/p>\n<p>En el marco de la Conmemoraci\u00f3n del pasado 5 de febrero con motivo de la Promulgaci\u00f3n de la Constituci\u00f3n, la presidenta municipal, Ana Mar\u00eda Balderas Trejo, concluy\u00f3 que: \u201cel Bando Municipal nos rige, nos hace tener la norma y la manera en que nos debemos de conducir dentro de nuestro municipio\u201d.<\/p>\n<p>&nbsp;<\/p>\n","protected":false},"excerpt":{"rendered":"<p>Con una visi\u00f3n progresista y vanguardista en materia de seguridad p\u00fablica, el Bando Municipal 2016 elimin\u00f3 conductas contempladas como delitos en el C\u00f3digo Penal del Estado de M\u00e9xico, a efecto de calificarlas como faltas administrativas.<\/p>\n","protected":false},"author":3,"featured_media":254766,"comment_status":"open","ping_status":"open","sticky":false,"template":"","format":"standard","meta":{"_monsterinsights_skip_tracking":false,"_monsterinsights_sitenote_active":false,"_monsterinsights_sitenote_note":"","_monsterinsights_sitenote_category":0,"footnotes":""},"categories":[35155],"tags":[47219,969,48409,43675],"class_list":["post-254739","post","type-post","status-publish","format-standard","has-post-thumbnail","hentry","category-estado-de-mexico-estado-de-mexico","tag-ana-maria-balderas-trejo","tag-atizapan","tag-bando-municipal","tag-estado-de-mexico"],"_links":{"self":[{"href":"https:\/\/www.diarioimagen.net\/index.php?rest_route=\/wp\/v2\/posts\/254739","targetHints":{"allow":["GET"]}}],"collection":[{"href":"https:\/\/www.diarioimagen.net\/index.php?rest_route=\/wp\/v2\/posts"}],"about":[{"href":"https:\/\/www.diarioimagen.net\/index.php?rest_route=\/wp\/v2\/types\/post"}],"author":[{"embeddable":true,"href":"https:\/\/www.diarioimagen.net\/index.php?rest_route=\/wp\/v2\/users\/3"}],"replies":[{"embeddable":true,"href":"https:\/\/www.diarioimagen.net\/index.php?rest_route=%2Fwp%2Fv2%2Fcomments&post=254739"}],"version-history":[{"count":0,"href":"https:\/\/www.diarioimagen.net\/index.php?rest_route=\/wp\/v2\/posts\/254739\/revisions"}],"wp:featuredmedia":[{"embeddable":true,"href":"https:\/\/www.diarioimagen.net\/index.php?rest_route=\/wp\/v2\/media\/254766"}],"wp:attachment":[{"href":"https:\/\/www.diarioimagen.net\/index.php?rest_route=%2Fwp%2Fv2%2Fmedia&parent=254739"}],"wp:term":[{"taxonomy":"category","embeddable":true,"href":"https:\/\/www.diarioimagen.net\/index.php?rest_route=%2Fwp%2Fv2%2Fcategories&post=254739"},{"taxonomy":"post_tag","embeddable":true,"href":"https:\/\/www.diarioimagen.net\/index.php?rest_route=%2Fwp%2Fv2%2Ftags&post=254739"}],"curies":[{"name":"wp","href":"https:\/\/api.w.org\/{rel}","templated":true}]}}