{"id":254827,"date":"2016-02-09T00:09:46","date_gmt":"2016-02-09T06:09:46","guid":{"rendered":"http:\/\/www.diarioimagen.net\/?p=254827"},"modified":"2016-02-10T02:06:32","modified_gmt":"2016-02-10T08:06:32","slug":"y-carlos-joaquin-se-fue-del-pri","status":"publish","type":"post","link":"https:\/\/www.diarioimagen.net\/?p=254827","title":{"rendered":"Y Carlos Joaqu\u00edn se fue del PRI"},"content":{"rendered":"<h2>Tras la puerta del poder<\/h2>\n<h5>Roberto Vizca\u00edno<\/h5>\n<p>&nbsp;<\/p>\n<ul>\n<li><strong><em>Los embates del gobernador Borge derivaron en la salida de Carlos Joaqu\u00edn del PRI<\/em><\/strong><\/li>\n<li><strong><em>Como en un designio gen\u00e9tico el tercero de la dinast\u00eda cumple con el destino de su hermana Addy Joaqu\u00edn<\/em><\/strong><\/li>\n<li><strong><em>Pe\u00f1a Nieto hace ajustes en su equipo y mete a Jos\u00e9 Narro Robles en Salud<\/em><\/strong><\/li>\n<\/ul>\n<p>&nbsp;<\/p>\n<div id=\"attachment_254859\" style=\"width: 430px\" class=\"wp-caption aligncenter\"><a href=\"http:\/\/www.diarioimagen.net\/?attachment_id=254859\" rel=\"attachment wp-att-254859\"><img loading=\"lazy\" decoding=\"async\" aria-describedby=\"caption-attachment-254859\" class=\"size-large wp-image-254859\" src=\"http:\/\/www.diarioimagen.net\/wp-content\/uploads\/2016\/02\/carga-RAMON-2800-420x325.jpg\" alt=\"Carga... | Ram\u00f3n\" width=\"420\" height=\"325\" srcset=\"https:\/\/www.diarioimagen.net\/wp-content\/uploads\/2016\/02\/carga-RAMON-2800-420x325.jpg 420w, https:\/\/www.diarioimagen.net\/wp-content\/uploads\/2016\/02\/carga-RAMON-2800-240x186.jpg 240w, https:\/\/www.diarioimagen.net\/wp-content\/uploads\/2016\/02\/carga-RAMON-2800-768x594.jpg 768w, https:\/\/www.diarioimagen.net\/wp-content\/uploads\/2016\/02\/carga-RAMON-2800.jpg 1200w\" sizes=\"auto, (max-width: 420px) 100vw, 420px\" \/><\/a><p id=\"caption-attachment-254859\" class=\"wp-caption-text\">Carga&#8230; | Ram\u00f3n<\/p><\/div>\n<p>&nbsp;<\/p>\n<p>Quienes deb\u00edan saberlo, estaban seguros dentro y fuera de Quintana Roo que Carlos Joaqu\u00edn Gonz\u00e1lez no iba a ser el candidato del PRI a la gubernatura de este estado y que se ir\u00eda a competir por otro partido.<\/p>\n<p>Y para confirmar lo que desde hace meses ya todos sab\u00edan, durante el fin de la semana anterior, el hijo extramatrimonial de Don Nassim Joaqu\u00edn, y medio hermano del secretario de Energ\u00eda, Pedro Joaqu\u00edn Coldwell, present\u00f3 su renuncia al presidente del tricolor, al sonorense Manlio Fabio Beltrones y se arroj\u00f3 a los ansiosos brazos pol\u00edticos de Agust\u00edn Basave, l\u00edder del PRD y de Ricardo Anaya, dirigente a su vez del PAN.<\/p>\n<p>As\u00ed, luego de militar quiz\u00e1 unos 15 a\u00f1os en el Revolucionario Institucional y sin mayor carrera pol\u00edtica que la de haber sido alcalde de Solidaridad \u2013donde se encuentra Playa del Carmen-, una diputaci\u00f3n federal y una subsecretar\u00eda en Turismo federal, con la carrera de contador p\u00fablico y varias gerencias en empresas privadas, Carlos Joaqu\u00edn cumplir\u00e1 su sue\u00f1o de ser candidato a gobernador de Quintana Roo, pero por una coalici\u00f3n PAN-PRD o viceversa.<\/p>\n<p>Como en un <em>dej\u00e1-v\u00fa<\/em> familiar y pol\u00edtico, Carlos Joaqu\u00edn cumple hoy algo parecido a un designio gen\u00e9tico que ya antes, justo hace 11 a\u00f1os, en 2005 llev\u00f3 a su media hermana Addy Joaqu\u00edn a hacer lo mismo.<\/p>\n<p>Addy quer\u00eda ser gobernadora de Quintana Roo y amparada en el apellido y la fuerza econ\u00f3mica y pol\u00edtica de la familia de Don Nassim Joaqu\u00edn, que cobraba mayor fuerza porque su hermano Pedro Joaqu\u00edn Coldwell hab\u00eda sido ya, entre 1981 y 1987 mandatario de esa entidad, intent\u00f3, busc\u00f3, pele\u00f3 ser nominada por el tricolor en 1998.<\/p>\n<p>No lo logr\u00f3. Esa carrera y cargo se los gan\u00f3 Joaqu\u00edn Hendricks.<\/p>\n<p>En compensaci\u00f3n y para aliviar su resentimiento, fue nominada por el PRI como senadora en 2000 y desde esa posici\u00f3n volvi\u00f3 a buscar la nominaci\u00f3n en 2005.<\/p>\n<p>Tampoco lo logr\u00f3. La candidatura del tricolor se la arranc\u00f3 F\u00e9lix Gonz\u00e1lez Canto y ella renunci\u00f3 al PRI y se fue a buscar la gubernatura bajo las siglas del PAN y el Movimiento Ciudadano.<\/p>\n<p>Le fue p\u00e9simo. S\u00f3lo logr\u00f3 un 22% de los votos que la hizo quedar en un insoportable tercer lugar. Desde entonces vive casi fuera de la pol\u00edtica.<\/p>\n<p>Ese a\u00f1o fue cuando su medio hermano Carlos Joaqu\u00edn logr\u00f3 la alcald\u00eda de Solidaridad.<\/p>\n<p>Con esta historia y este contexto hoy Carlos Joaqu\u00edn ya casi es el candidato del PAN-PRD para Quintana Roo, lo que sin duda lo convertir\u00e1 en un <em>dolor de muelas<\/em> electoral para el PRI de Beltrones y para el gobernador saliente Roberto Borge.<\/p>\n<p>Con la dimisi\u00f3n de Carlos Joaqu\u00edn, el voluntarioso y poco tolerante mandatario saliente queda libre para impulsar la candidatura de su delf\u00edn, el diputado federal Jos\u00e9 Luis Toledo, mejor conocido como \u201c<em>Chanito<\/em>\u201d, mote que hered\u00f3 del padre, Don Marciano Toledo, a quien todos le dec\u00edan \u201c<em>Chano<\/em>\u201d.<\/p>\n<p>La verdad es que con todo este sainete propiciado casi en su totalidad por el embate del gobernador Borge contra Carlos Joaqu\u00edn \u2014a quien no soportaba ni fuera del estado-, Quintana Roo no gana m\u00e1s que problemas.<\/p>\n<p>Al igual que Carlos Joaqu\u00edn el diputado \u201c<em>Chanito<\/em>\u201d Toledo no tiene mayores antecedentes pol\u00edticos que el haber sido empleado de segundo nivel en el municipio de Solidaridad y diputado local y ahora diputado federal.<\/p>\n<p>Su predominio surge de su cercan\u00eda con el gobernador Borge. Nada m\u00e1s.<\/p>\n<p style=\"text-align: center;\"><strong>ACLARACIONES<\/strong><\/p>\n<p>Quiz\u00e1 viendo lo que eso significa, Manlio Fabio Beltrones y su equipo en el CEN del PRI dijeron lamentar la renuncia de Carlos Joaqu\u00edn Gonz\u00e1lez.<\/p>\n<p>Asimismo dej\u00f3 en claro que quiz\u00e1 la renuncia de Joaqu\u00edn Gonz\u00e1lez fue resultado de un acelere ya que el proceso de selecci\u00f3n del candidato del PRI a gobernador de Quintana Roo ni siquiera ha iniciado.<\/p>\n<p>Y eso es, dijo Beltrones a trav\u00e9s de un comunicado, porque la Constituci\u00f3n de aquella entidad se\u00f1ala que el proceso electoral deber\u00e1 comenzar el 15 de este febrero, para dar lugar a que durante los d\u00edas siguientes el PRI pueda emitir la convocatoria correspondiente.<\/p>\n<p>Y aclar\u00f3 que como este partido act\u00faa dentro de la legalidad, no puede forzar ni tiempos ni normas para adecuarlos a \u201clos deseos, emociones u obsesiones personales de ninguno de sus militantes\u201d.<\/p>\n<p>Con ello el sonorense confirma que son ciertos los trascendidos de que Carlos Joaqu\u00edn presionaba al PRI para que lo eligiera o desechara ya, fuera de los tiempos legales, como su candidato a Quintana Roo.<\/p>\n<p style=\"text-align: center;\"><strong>LIMPIAS 11 de 12<\/strong><\/p>\n<p>Con la renuncia al PRI de Carlos Joaqu\u00edn, el sonorense queda con un marcador de 11 de 12 candidaturas dentro del mecanismo de unidad y sin rompimientos.<\/p>\n<p>\u201cLogramos avanzar con unidad e inclusi\u00f3n en el proceso de selecci\u00f3n de nuestros candidatos a las gubernaturas correspondientes a la elecci\u00f3n de junio de 2016, a diferencia de otros partidos que viven en conflicto permanente y se al\u00edan para designar candidatos con antecedentes en el PRI\u201d, indic\u00f3 Beltrones.<\/p>\n<p>Dijo que en el caso de la candidatura de este partido a la gubernatura de Quintana Roo, a pesar de la dimisi\u00f3n, \u201cse seguir\u00e1 el mismo camino en el plazo que marca su calendario electoral, una vez que en los otros 11 estados ya dimos el paso decisivo para definir a nuestros candidatos\u201d.<\/p>\n<p>Hoy Esteban Villegas, candidato de unidad a la gubernatura de Durango, coment\u00f3 Beltrones, \u201cya fue ratificado en la asamblea correspondiente y otro, Marco Antonio Mena en Tlaxcala, lo est\u00e1 siendo el d\u00eda de hoy (ayer), y lo mismo ocurrir\u00e1 pr\u00f3ximamente en Aguascalientes, Chihuahua, Hidalgo, Oaxaca, Puebla, Sinaloa, Tamaulipas, Veracruz y Zacatecas.<\/p>\n<p>\u201cLo relevante es que consolidamos nuestra cohesi\u00f3n y logramos construir un amplio consenso partidista con base en el di\u00e1logo y un objetivo claro: ganar las elecciones para gobernar bien y construir un pa\u00eds m\u00e1s justo y equitativo, con mayor crecimiento econ\u00f3mico e instituciones modernas, s\u00f3lidas y democr\u00e1ticas.<\/p>\n<p>\u201cLos pri\u00edstas nos unimos en torno a ese proyecto y lo haremos realidad a partir de alianzas bien cimentadas y que aseguren triunfos electorales y despu\u00e9s gobiernos estables y de resultados, pues no se trata de ganar por ganar a cualquier costo. Por eso somos cuidadosos en el proceso de selecci\u00f3n de nuestros candidatos y establecimos filtros y evaluaciones sobre la base de un compromiso \u00e9tico. No delegamos la responsabilidad de los partidos\u201d, subray\u00f3 el sonorense.<\/p>\n<p style=\"text-align: center;\"><strong>NUEVOS AJUSTES<\/strong><\/p>\n<p>Mucho se ha hablado de que el presidente Enrique Pe\u00f1a Nieto har\u00eda ajustes en su equipo para adecuarlo a la situaci\u00f3n de aguda crisis econ\u00f3mica y financiera internacional derivada de la ca\u00edda del precio del petr\u00f3leo y de las maniobras financieras realizadas por China.<\/p>\n<p>Ayer mismo uno de los temas con que inici\u00f3 la semana, fue el comentario del gobernador del Banco de M\u00e9xico Agust\u00edn Carstens de que Luis Videgaray, titular de Hacienda, deber\u00eda hacer nuevos e insospechados ajustes presupuestales urgentes precisamente para evitar un descarrilamiento de la macroeconom\u00eda mexicana.<\/p>\n<p>En respuesta Videgaray sali\u00f3 ayer mismo a darle la raz\u00f3n a Carstens y el presidente Pe\u00f1a Nieto removi\u00f3 a Mercedes Juan L\u00f3pez de Salud y a Emilio Lozoya Austin de Pemex a la vez que pas\u00f3 a Jos\u00e9 Antonio Gonz\u00e1lez de la direcci\u00f3n del IMSS a la de Pemex.<\/p>\n<p>En este movimiento se cumpli\u00f3 finalmente con el nombramiento del ex rector de la UNAM, Jos\u00e9 Narro Robles en Salud y subi\u00f3 a Mikel Arreola de la Cofepris al IMSS.<\/p>\n<p>Quedan pendientes los nombramientos de los directores del Infonavit, cargo que dej\u00f3 abandonado Alejandro Murat para irse a buscar la gubernatura de Oaxaca y el de la Profeco, que tiene un encargado provisional desde que la dej\u00f3 Lorena Mart\u00ednez para ir como candidata del PRI a la gubernatura de Aguascalientes.<\/p>\n<p>Hasta anoche no se sab\u00eda si habr\u00eda cargo de compensaci\u00f3n para Mercedes Juan L\u00f3pez y Emilio Lozoya.<\/p>\n<p><em><a href=\"mailto:rvizcainoa@gmail.com\" target=\"_blank\">rvizcainoa@gmail.com<\/a><\/em><br \/>\n<em><a href=\"http:\/\/www.endirecto.com.mx\/\" target=\"_blank\">www.endirecto.com.mx<\/a><\/em><br \/>\n<em><a href=\"https:\/\/twitter.com\/_rvizcaino\" target=\"_blank\">@_RVizcaino<\/a><\/em><br \/>\n<a href=\"https:\/\/www.facebook.com\/rvizcainoa\" target=\"_blank\">f<em>acebook.com\/rvizcainoa<\/em><\/a><\/p>\n","protected":false},"excerpt":{"rendered":"<p><span style=\"color: #005497;\"><strong>Roberto Vizca\u00edno<\/strong><\/span><br \/>\n<br \/>\nQuienes deb\u00edan saberlo, estaban seguros dentro y fuera de Quintana Roo que Carlos Joaqu\u00edn Gonz\u00e1lez no iba a ser el candidato del PRI a la gubernatura de este estado y que se ir\u00eda a competir por otro partido.<\/p>\n","protected":false},"author":3,"featured_media":254859,"comment_status":"open","ping_status":"open","sticky":false,"template":"","format":"standard","meta":{"_monsterinsights_skip_tracking":false,"_monsterinsights_sitenote_active":false,"_monsterinsights_sitenote_note":"","_monsterinsights_sitenote_category":0,"footnotes":""},"categories":[136],"tags":[43674,93,94],"class_list":["post-254827","post","type-post","status-publish","format-standard","has-post-thumbnail","hentry","category-roberto-vizcaino-opinion","tag-opinion","tag-roberto-vizcaino","tag-tras-la-puerta-del-poder"],"_links":{"self":[{"href":"https:\/\/www.diarioimagen.net\/index.php?rest_route=\/wp\/v2\/posts\/254827","targetHints":{"allow":["GET"]}}],"collection":[{"href":"https:\/\/www.diarioimagen.net\/index.php?rest_route=\/wp\/v2\/posts"}],"about":[{"href":"https:\/\/www.diarioimagen.net\/index.php?rest_route=\/wp\/v2\/types\/post"}],"author":[{"embeddable":true,"href":"https:\/\/www.diarioimagen.net\/index.php?rest_route=\/wp\/v2\/users\/3"}],"replies":[{"embeddable":true,"href":"https:\/\/www.diarioimagen.net\/index.php?rest_route=%2Fwp%2Fv2%2Fcomments&post=254827"}],"version-history":[{"count":0,"href":"https:\/\/www.diarioimagen.net\/index.php?rest_route=\/wp\/v2\/posts\/254827\/revisions"}],"wp:featuredmedia":[{"embeddable":true,"href":"https:\/\/www.diarioimagen.net\/index.php?rest_route=\/wp\/v2\/media\/254859"}],"wp:attachment":[{"href":"https:\/\/www.diarioimagen.net\/index.php?rest_route=%2Fwp%2Fv2%2Fmedia&parent=254827"}],"wp:term":[{"taxonomy":"category","embeddable":true,"href":"https:\/\/www.diarioimagen.net\/index.php?rest_route=%2Fwp%2Fv2%2Fcategories&post=254827"},{"taxonomy":"post_tag","embeddable":true,"href":"https:\/\/www.diarioimagen.net\/index.php?rest_route=%2Fwp%2Fv2%2Ftags&post=254827"}],"curies":[{"name":"wp","href":"https:\/\/api.w.org\/{rel}","templated":true}]}}