{"id":254917,"date":"2016-02-09T23:55:24","date_gmt":"2016-02-10T05:55:24","guid":{"rendered":"http:\/\/www.diarioimagen.net\/?p=254917"},"modified":"2016-02-10T04:48:34","modified_gmt":"2016-02-10T10:48:34","slug":"jackeline-cardona-vende-productos-de-cocina","status":"publish","type":"post","link":"https:\/\/www.diarioimagen.net\/?p=254917","title":{"rendered":"Jackeline Cardona: Vende productos de cocina"},"content":{"rendered":"<div id=\"attachment_254918\" style=\"width: 278px\" class=\"wp-caption alignleft\"><a href=\"http:\/\/www.diarioimagen.net\/?attachment_id=254918\" rel=\"attachment wp-att-254918\"><img loading=\"lazy\" decoding=\"async\" aria-describedby=\"caption-attachment-254918\" class=\"size-large wp-image-254918\" src=\"http:\/\/www.diarioimagen.net\/wp-content\/uploads\/2016\/02\/jackeline-POOORTAL-268x420.jpg\" alt=\"Jackeline Cardona.\" width=\"268\" height=\"420\" srcset=\"https:\/\/www.diarioimagen.net\/wp-content\/uploads\/2016\/02\/jackeline-POOORTAL-268x420.jpg 268w, https:\/\/www.diarioimagen.net\/wp-content\/uploads\/2016\/02\/jackeline-POOORTAL-153x240.jpg 153w, https:\/\/www.diarioimagen.net\/wp-content\/uploads\/2016\/02\/jackeline-POOORTAL.jpg 700w\" sizes=\"auto, (max-width: 268px) 100vw, 268px\" \/><\/a><p id=\"caption-attachment-254918\" class=\"wp-caption-text\">Jackeline Cardona.<\/p><\/div>\n<p>Jackeline Cardona es una joven modelo de 28 a\u00f1os nacida en Antioquia, Colombia. De cabello casta\u00f1o, medidas 90-60-90 y una mirada cautivadora, la joven es considerada como una de las m\u00e1s lindas modelos del pa\u00eds sudamericano y en el resto del\u00a0mundo.<\/p>\n<p>Sin embargo, adem\u00e1s de ser una modelo reconocida, \u00a0sigui\u00f3 estudiando contadur\u00eda p\u00fablica en la Universidad de Medell\u00edn y dirige una empresa que importa productos de cocina.<\/p>\n","protected":false},"excerpt":{"rendered":"<p>Jackeline Cardona es una joven modelo de 28 a\u00f1os nacida en Antioquia, Colombia. De cabello casta\u00f1o, medidas 90-60-90 y una mirada cautivadora, la joven es considerada como una de las m\u00e1s lindas modelos del pa\u00eds sudamericano y en el resto del mundo.<\/p>\n","protected":false},"author":5,"featured_media":254919,"comment_status":"open","ping_status":"open","sticky":false,"template":"","format":"standard","meta":{"_monsterinsights_skip_tracking":false,"_monsterinsights_sitenote_active":false,"_monsterinsights_sitenote_note":"","_monsterinsights_sitenote_category":0,"footnotes":""},"categories":[17,12],"tags":[43682],"class_list":["post-254917","post","type-post","status-publish","format-standard","has-post-thumbnail","hentry","category-especiales","category-espectaculos","tag-espectaculos"],"_links":{"self":[{"href":"https:\/\/www.diarioimagen.net\/index.php?rest_route=\/wp\/v2\/posts\/254917","targetHints":{"allow":["GET"]}}],"collection":[{"href":"https:\/\/www.diarioimagen.net\/index.php?rest_route=\/wp\/v2\/posts"}],"about":[{"href":"https:\/\/www.diarioimagen.net\/index.php?rest_route=\/wp\/v2\/types\/post"}],"author":[{"embeddable":true,"href":"https:\/\/www.diarioimagen.net\/index.php?rest_route=\/wp\/v2\/users\/5"}],"replies":[{"embeddable":true,"href":"https:\/\/www.diarioimagen.net\/index.php?rest_route=%2Fwp%2Fv2%2Fcomments&post=254917"}],"version-history":[{"count":0,"href":"https:\/\/www.diarioimagen.net\/index.php?rest_route=\/wp\/v2\/posts\/254917\/revisions"}],"wp:featuredmedia":[{"embeddable":true,"href":"https:\/\/www.diarioimagen.net\/index.php?rest_route=\/wp\/v2\/media\/254919"}],"wp:attachment":[{"href":"https:\/\/www.diarioimagen.net\/index.php?rest_route=%2Fwp%2Fv2%2Fmedia&parent=254917"}],"wp:term":[{"taxonomy":"category","embeddable":true,"href":"https:\/\/www.diarioimagen.net\/index.php?rest_route=%2Fwp%2Fv2%2Fcategories&post=254917"},{"taxonomy":"post_tag","embeddable":true,"href":"https:\/\/www.diarioimagen.net\/index.php?rest_route=%2Fwp%2Fv2%2Ftags&post=254917"}],"curies":[{"name":"wp","href":"https:\/\/api.w.org\/{rel}","templated":true}]}}