{"id":254950,"date":"2016-02-10T00:06:08","date_gmt":"2016-02-10T06:06:08","guid":{"rendered":"http:\/\/www.diarioimagen.net\/?p=254950"},"modified":"2016-02-11T00:51:06","modified_gmt":"2016-02-11T06:51:06","slug":"edomex-esta-listo-para-recibir-al-papa-francisco","status":"publish","type":"post","link":"https:\/\/www.diarioimagen.net\/?p=254950","title":{"rendered":"Edomex est\u00e1 listo para recibir al Papa Francisco"},"content":{"rendered":"<ul>\n<li><strong><em>Activados todos los protocolos:\u2008Eruviel \u00c1vila<\/em><\/strong><\/li>\n<\/ul>\n<p>&nbsp;<\/p>\n<div id=\"attachment_255068\" style=\"width: 430px\" class=\"wp-caption aligncenter\"><a href=\"http:\/\/www.diarioimagen.net\/?attachment_id=255068\" rel=\"attachment wp-att-255068\"><img loading=\"lazy\" decoding=\"async\" aria-describedby=\"caption-attachment-255068\" class=\"size-large wp-image-255068\" src=\"http:\/\/www.diarioimagen.net\/wp-content\/uploads\/2016\/02\/supervision-2801-420x279.jpg\" alt=\"Eruviel \u00c1vila - Supervisando obras del t\u00fanel colector Emiliano Zapata.\" width=\"420\" height=\"279\" srcset=\"https:\/\/www.diarioimagen.net\/wp-content\/uploads\/2016\/02\/supervision-2801-420x279.jpg 420w, https:\/\/www.diarioimagen.net\/wp-content\/uploads\/2016\/02\/supervision-2801-240x159.jpg 240w, https:\/\/www.diarioimagen.net\/wp-content\/uploads\/2016\/02\/supervision-2801.jpg 640w\" sizes=\"auto, (max-width: 420px) 100vw, 420px\" \/><\/a><p id=\"caption-attachment-255068\" class=\"wp-caption-text\">Eruviel \u00c1vila &#8211; Supervisando obras del t\u00fanel colector Emiliano Zapata.<\/p><\/div>\n<p>&nbsp;<\/p>\n<p><strong>Ecatepec, Estado de M\u00e9xico<\/strong>.- El gobernador Eruviel \u00c1vila Villegas afirm\u00f3 que el Estado de M\u00e9xico est\u00e1 listo, con todos los protocolos activados y las acciones preventivas puestas en marcha, para la visita del Papa Francisco el pr\u00f3ximo domingo 14 de febrero en este municipio.<\/p>\n<p>\u201cHoy les puedo decir que estamos listos, que estamos preparados, que los protocolos y las acciones preventivas que hemos organizado desde hace ya varias semanas, cuando se nos notific\u00f3 la visita del Santo Padre, las hemos activado, siempre trabajando en equipo.<\/p>\n<p>\u201cAs\u00ed es que hoy le puedo decir a la poblaci\u00f3n que estamos preparados desde el punto de vista de protecci\u00f3n civil, seguridad, sanidad, salud y del cuidado de la gente, sobre todo de los que m\u00e1s requieran de un apoyo en particular, como pueden ser adultos mayores, ni\u00f1os, personas con discapacidad\u201d, afirm\u00f3.<\/p>\n<p>Al supervisar las obras del T\u00fanel Colector de Aguas Pluviales \u201cEmiliano Zapata\u201d, en San Pedro Xalostoc, el gobernador inform\u00f3 que el lunes pasado encabez\u00f3 una reuni\u00f3n de trabajo con el obispo de Ecatepec, \u00d3scar Roberto Dom\u00ednguez Couttolenc, y con los representantes del Estado Mayor Presidencial (EMP), del gobierno federal, del gobierno estatal y del presidente municipal de Ecatepec, Indalecio R\u00edos, para afinar detalles de la visita del Papa Francisco.<\/p>\n<p>Destac\u00f3 que, si bien la seguridad del Sumo Pont\u00edfice estar\u00e1 a cargo del Estado Mayor Presidencial, le corresponde a las autoridades civiles brindar apoyo y protecci\u00f3n a los m\u00e1s de 2 millones de feligreses que se espera asistan, ya sea a la misa o a la valla humana que habr\u00e1 de recibir al Papa durante su trayecto del helipuerto hasta el lugar de la ceremonia eclesi\u00e1stica en Las Am\u00e9ricas.<\/p>\n<p>Reiter\u00f3 que su gobierno tiene todos los protocolos activados para la visita y que habr\u00e1n de estar muy pendientes del desarrollo de los trabajos previos y especialmente de todos los detalles el domingo 14 de febrero.<\/p>\n<p>Sugiri\u00f3 a la poblaci\u00f3n que si no tiene boletos para poder acceder a la misa de 300 mil personas, los cuales se distribuyeron a trav\u00e9s de las parroquias, di\u00f3cesis y arquidi\u00f3cesis del Estado de M\u00e9xico y de otras partes del pa\u00eds, no intenten entrar y que mejor acudan a la valla humana en la ruta del trayecto del Papa, desde donde podr\u00e1n verlo pasar y recibir su bendici\u00f3n.<\/p>\n","protected":false},"excerpt":{"rendered":"<p>El gobernador Eruviel \u00c1vila Villegas afirm\u00f3 que el Estado de M\u00e9xico est\u00e1 listo, con todos los protocolos activados y las acciones preventivas puestas en marcha, para la visita del Papa Francisco el pr\u00f3ximo domingo 14 de febrero en este municipio.<\/p>\n","protected":false},"author":3,"featured_media":255068,"comment_status":"open","ping_status":"open","sticky":false,"template":"","format":"standard","meta":{"_monsterinsights_skip_tracking":false,"_monsterinsights_sitenote_active":false,"_monsterinsights_sitenote_note":"","_monsterinsights_sitenote_category":0,"footnotes":""},"categories":[5],"tags":[454,5828,43675,27237,29873,15501],"class_list":["post-254950","post","type-post","status-publish","format-standard","has-post-thumbnail","hentry","category-estado-de-mexico","tag-ecatepec","tag-eruviel-avila-villegas","tag-estado-de-mexico","tag-francisco","tag-papa","tag-visita"],"_links":{"self":[{"href":"https:\/\/www.diarioimagen.net\/index.php?rest_route=\/wp\/v2\/posts\/254950","targetHints":{"allow":["GET"]}}],"collection":[{"href":"https:\/\/www.diarioimagen.net\/index.php?rest_route=\/wp\/v2\/posts"}],"about":[{"href":"https:\/\/www.diarioimagen.net\/index.php?rest_route=\/wp\/v2\/types\/post"}],"author":[{"embeddable":true,"href":"https:\/\/www.diarioimagen.net\/index.php?rest_route=\/wp\/v2\/users\/3"}],"replies":[{"embeddable":true,"href":"https:\/\/www.diarioimagen.net\/index.php?rest_route=%2Fwp%2Fv2%2Fcomments&post=254950"}],"version-history":[{"count":0,"href":"https:\/\/www.diarioimagen.net\/index.php?rest_route=\/wp\/v2\/posts\/254950\/revisions"}],"wp:featuredmedia":[{"embeddable":true,"href":"https:\/\/www.diarioimagen.net\/index.php?rest_route=\/wp\/v2\/media\/255068"}],"wp:attachment":[{"href":"https:\/\/www.diarioimagen.net\/index.php?rest_route=%2Fwp%2Fv2%2Fmedia&parent=254950"}],"wp:term":[{"taxonomy":"category","embeddable":true,"href":"https:\/\/www.diarioimagen.net\/index.php?rest_route=%2Fwp%2Fv2%2Fcategories&post=254950"},{"taxonomy":"post_tag","embeddable":true,"href":"https:\/\/www.diarioimagen.net\/index.php?rest_route=%2Fwp%2Fv2%2Ftags&post=254950"}],"curies":[{"name":"wp","href":"https:\/\/api.w.org\/{rel}","templated":true}]}}