{"id":254969,"date":"2016-02-10T00:05:10","date_gmt":"2016-02-10T06:05:10","guid":{"rendered":"http:\/\/www.diarioimagen.net\/?p=254969"},"modified":"2016-02-11T00:50:59","modified_gmt":"2016-02-11T06:50:59","slug":"hacienda-preve-recorte-de-15-mil-burocratas","status":"publish","type":"post","link":"https:\/\/www.diarioimagen.net\/?p=254969","title":{"rendered":"Hacienda prev\u00e9 recorte de 15 mil bur\u00f3cratas"},"content":{"rendered":"<ul>\n<li><strong><em>Privilegiar\u00e1n programas sociales<\/em><\/strong><\/li>\n<\/ul>\n<p>&nbsp;<\/p>\n<div id=\"attachment_255074\" style=\"width: 430px\" class=\"wp-caption aligncenter\"><a href=\"http:\/\/www.diarioimagen.net\/?attachment_id=255074\" rel=\"attachment wp-att-255074\"><img loading=\"lazy\" decoding=\"async\" aria-describedby=\"caption-attachment-255074\" class=\"size-large wp-image-255074\" src=\"http:\/\/www.diarioimagen.net\/wp-content\/uploads\/2016\/02\/hacienda-2801-420x236.jpg\" alt=\"El subsecretario de Hacienda, Fernando Aportela Rodr\u00edguez, confirm\u00f3 un recorte de 15 mil plazas en el gobierno federal.\" width=\"420\" height=\"236\" srcset=\"https:\/\/www.diarioimagen.net\/wp-content\/uploads\/2016\/02\/hacienda-2801-420x236.jpg 420w, https:\/\/www.diarioimagen.net\/wp-content\/uploads\/2016\/02\/hacienda-2801-240x135.jpg 240w, https:\/\/www.diarioimagen.net\/wp-content\/uploads\/2016\/02\/hacienda-2801-235x132.jpg 235w, https:\/\/www.diarioimagen.net\/wp-content\/uploads\/2016\/02\/hacienda-2801-202x114.jpg 202w, https:\/\/www.diarioimagen.net\/wp-content\/uploads\/2016\/02\/hacienda-2801-350x196.jpg 350w, https:\/\/www.diarioimagen.net\/wp-content\/uploads\/2016\/02\/hacienda-2801-220x123.jpg 220w, https:\/\/www.diarioimagen.net\/wp-content\/uploads\/2016\/02\/hacienda-2801-237x132.jpg 237w, https:\/\/www.diarioimagen.net\/wp-content\/uploads\/2016\/02\/hacienda-2801.jpg 480w\" sizes=\"auto, (max-width: 420px) 100vw, 420px\" \/><\/a><p id=\"caption-attachment-255074\" class=\"wp-caption-text\">El subsecretario de Hacienda, Fernando Aportela Rodr\u00edguez, confirm\u00f3 un recorte de 15 mil plazas en el gobierno federal.<\/p><\/div>\n<p>&nbsp;<\/p>\n<p>El ajuste al gasto y un recorte de 15 mil plazas al gobierno federal, arranc\u00f3 desde ayer, pero es para la operaci\u00f3n del ejercicio 2017, confirm\u00f3 el subsecretario de Hacienda, Fernando Aportela Rodr\u00edguez.<\/p>\n<p>Dijo que ser\u00e1n 15 mil bur\u00f3cratas los que sean recortados, pero en esta cifra se incluye a Pemex y en todos los casos ser\u00e1n acompa\u00f1ados de un recorte a las finanzas p\u00fablicas, s\u00f3lo que se cuida desde ahora de no afectar los programas sociales,. ni los gastos de cada dependencia.<\/p>\n<p>En una gira de trabajo por Chihuahua, Aportela Rodr\u00edguez explic\u00f3 que estos recortes se realizan cada mes de enero y febrero, pero preventivos para el siguiente ejercicio, lo mismo se hizo en el 2014, 2015 y se realizan ahora para 2017.<\/p>\n<p>Dijo que se tiene un a\u00f1o para identificar los recortes y sobre todo cuidar la confianza y la conducci\u00f3n de variables macroecon\u00f3micas de manera adecuada en el tiempo, pues tambi\u00e9n se cuidan las bajas tasas de inter\u00e9s y la inflaci\u00f3n, para que exista una actividad econ\u00f3mica preponderante.<\/p>\n<p>Explic\u00f3 que se busca que haya estabilidad en las variables financieras y puso como ejemplo que hoy M\u00e9xico present\u00f3 una tasa de crecimiento (2015) de 2.5 por ciento, que comparada con Brasil que decreci\u00f3 3.8 refleja la resistencia de la econom\u00eda mexicana frente a los choques externos.<\/p>\n<p style=\"text-align: center;\"><strong>Crisis en Pemex<\/strong><\/p>\n<p>En Pemex ser\u00e1n despedidos 10 mil 533 trabajadores petroleros y sus plazas ser\u00e1n canceladas de manera definitiva, revelan documentos oficiales.<\/p>\n<p>De acuerdo con un oficio fechado el 19 de enero de este a\u00f1o y que tiene como destinatario al subdirector de Presupuesto de Pemex, Mario Govea Soria, este recorte de personal tiene vigencia a partir del 16 de diciembre de 2015.<\/p>\n<p>La plantilla total de trabajadores de Pemex asciende a 142 mil 976 empleados y funcionarios, 10 mil 109 menos que los 153 mil 85 con los que contaba la petrolera mexicana al cierre de diciembre de 2014.<\/p>\n<p>De esta manera, la reducci\u00f3n propuesta sobre la plantilla de Pemex equivale a 66.5 por ciento del total del programa de despidos para todo el gobierno federal, que considera recortar este a\u00f1o 15 mil 825 plazas permanentes, y representa 7.4 por ciento de la plantilla total de Pemex.<\/p>\n<p>A finales de febrero del a\u00f1o pasado Pemex y el Sindicato de Trabajadores Petroleros de la Rep\u00fablica Mexicana acordaron implementar un programa extraordinario para reducir el gasto corriente en servicios personales en 10 mil millones de pesos.<\/p>\n<p>Adem\u00e1s, el 9 de septiembre de 2015 Pemex y el STPRM suscribieron el contrato colectivo de trabajo que regir\u00e1 las relaciones laborales durante el bienio 2015-2017, en el que se alcanz\u00f3 un acuerdo en materia de pensiones, el cual ser\u00e1 aplicable a todos los trabajadores de la empresa y se regir\u00e1 a trav\u00e9s de un esquema de cuentas individuales para el retiro y un aumento en la edad de jubilaci\u00f3n de 55 a 60 a\u00f1os.<\/p>\n<p>Los despidos en Pemex est\u00e1n acompa\u00f1ados de un desplome en la inversi\u00f3n, un importante incremento en su deuda y un r\u00e9gimen fiscal cada vez m\u00e1s confiscatorio, As\u00ed es como se expresa el llamado fortalecimiento de Pemex en el contexto de la reforma energ\u00e9tica. Esto sin contar el deterioro en casi todos sus resultados operativos.<\/p>\n<p>El presupuesto de inversi\u00f3n para 2016 se recort\u00f3 en 73 mil millones de pesos (4 mil 400 millones de d\u00f3lares) para ubicarse en 293 mil millones de pesos, con lo que se queda como el menor presupuesto autorizado desde 2007.<\/p>\n","protected":false},"excerpt":{"rendered":"<p>El ajuste al gasto y un recorte de 15 mil plazas al gobierno federal, arranc\u00f3 desde ayer, pero es para la operaci\u00f3n del ejercicio 2017, confirm\u00f3 el subsecretario de Hacienda, Fernando Aportela Rodr\u00edguez.<\/p>\n","protected":false},"author":3,"featured_media":255074,"comment_status":"open","ping_status":"open","sticky":false,"template":"","format":"standard","meta":{"_monsterinsights_skip_tracking":false,"_monsterinsights_sitenote_active":false,"_monsterinsights_sitenote_note":"","_monsterinsights_sitenote_category":0,"footnotes":""},"categories":[3],"tags":[43673,292,25372,1102],"class_list":["post-254969","post","type-post","status-publish","format-standard","has-post-thumbnail","hentry","category-nacional","tag-nacional","tag-pemex","tag-recorte","tag-shcp"],"_links":{"self":[{"href":"https:\/\/www.diarioimagen.net\/index.php?rest_route=\/wp\/v2\/posts\/254969","targetHints":{"allow":["GET"]}}],"collection":[{"href":"https:\/\/www.diarioimagen.net\/index.php?rest_route=\/wp\/v2\/posts"}],"about":[{"href":"https:\/\/www.diarioimagen.net\/index.php?rest_route=\/wp\/v2\/types\/post"}],"author":[{"embeddable":true,"href":"https:\/\/www.diarioimagen.net\/index.php?rest_route=\/wp\/v2\/users\/3"}],"replies":[{"embeddable":true,"href":"https:\/\/www.diarioimagen.net\/index.php?rest_route=%2Fwp%2Fv2%2Fcomments&post=254969"}],"version-history":[{"count":0,"href":"https:\/\/www.diarioimagen.net\/index.php?rest_route=\/wp\/v2\/posts\/254969\/revisions"}],"wp:featuredmedia":[{"embeddable":true,"href":"https:\/\/www.diarioimagen.net\/index.php?rest_route=\/wp\/v2\/media\/255074"}],"wp:attachment":[{"href":"https:\/\/www.diarioimagen.net\/index.php?rest_route=%2Fwp%2Fv2%2Fmedia&parent=254969"}],"wp:term":[{"taxonomy":"category","embeddable":true,"href":"https:\/\/www.diarioimagen.net\/index.php?rest_route=%2Fwp%2Fv2%2Fcategories&post=254969"},{"taxonomy":"post_tag","embeddable":true,"href":"https:\/\/www.diarioimagen.net\/index.php?rest_route=%2Fwp%2Fv2%2Ftags&post=254969"}],"curies":[{"name":"wp","href":"https:\/\/api.w.org\/{rel}","templated":true}]}}