{"id":254974,"date":"2016-02-10T00:02:34","date_gmt":"2016-02-10T06:02:34","guid":{"rendered":"http:\/\/www.diarioimagen.net\/?p=254974"},"modified":"2016-02-10T03:11:57","modified_gmt":"2016-02-10T09:11:57","slug":"educacion-mejor-forma-de-asegurar-futuro-de-pueblos-olvera","status":"publish","type":"post","link":"https:\/\/www.diarioimagen.net\/?p=254974","title":{"rendered":"Educaci\u00f3n, mejor forma de asegurar futuro de pueblos: Olvera"},"content":{"rendered":"<div id=\"attachment_255059\" style=\"width: 430px\" class=\"wp-caption aligncenter\"><a href=\"http:\/\/www.diarioimagen.net\/?attachment_id=255059\" rel=\"attachment wp-att-255059\"><img loading=\"lazy\" decoding=\"async\" aria-describedby=\"caption-attachment-255059\" class=\"size-large wp-image-255059\" src=\"http:\/\/www.diarioimagen.net\/wp-content\/uploads\/2016\/02\/UAEM-2801-420x236.jpg\" alt=\"Comenzaron pl\u00e1ticas de prevenci\u00f3n de incendios forestales, dirigidas a los padres de familia\u00a0de alumnos de escuelas de nivel b\u00e1sico.\" width=\"420\" height=\"236\" srcset=\"https:\/\/www.diarioimagen.net\/wp-content\/uploads\/2016\/02\/UAEM-2801-420x236.jpg 420w, https:\/\/www.diarioimagen.net\/wp-content\/uploads\/2016\/02\/UAEM-2801-240x135.jpg 240w, https:\/\/www.diarioimagen.net\/wp-content\/uploads\/2016\/02\/UAEM-2801-235x132.jpg 235w, https:\/\/www.diarioimagen.net\/wp-content\/uploads\/2016\/02\/UAEM-2801-202x114.jpg 202w, https:\/\/www.diarioimagen.net\/wp-content\/uploads\/2016\/02\/UAEM-2801-350x196.jpg 350w, https:\/\/www.diarioimagen.net\/wp-content\/uploads\/2016\/02\/UAEM-2801-220x123.jpg 220w, https:\/\/www.diarioimagen.net\/wp-content\/uploads\/2016\/02\/UAEM-2801-237x132.jpg 237w, https:\/\/www.diarioimagen.net\/wp-content\/uploads\/2016\/02\/UAEM-2801.jpg 480w\" sizes=\"auto, (max-width: 420px) 100vw, 420px\" \/><\/a><p id=\"caption-attachment-255059\" class=\"wp-caption-text\">Comenzaron pl\u00e1ticas de prevenci\u00f3n de incendios forestales, dirigidas a los padres de familia\u00a0de alumnos de escuelas de nivel b\u00e1sico.<\/p><\/div>\n<p>&nbsp;<\/p>\n<p>La Universidad Aut\u00f3noma del Estado de M\u00e9xico tiene grandes coincidencias con la filosof\u00eda y cultura japonesas; convienen en que la educaci\u00f3n es la mejor forma de asegurar el futuro de las personas y los pueblos, es la \u00fanica v\u00eda para garantizar la preservaci\u00f3n del conocimiento, sostuvo el rector Jorge Olvera Garc\u00eda, al encabezar la Ceremonia Conmemorativa al D\u00eda del Odont\u00f3logo y al XXX Aniversario del Centro de Investigaci\u00f3n y Estudios Avanzados en Odontolog\u00eda \u201cDr. Keisaburo Miyata\u201d.<\/p>\n<p>En el acto, al que asisti\u00f3 el presidente del Consejo Directivo de las universidades de Meikai y Asahi, Jap\u00f3n, Jun Miyata, as\u00ed como el director de la Facultad de Odontolog\u00eda de la UAEM, Julio Robles Navarro, Olvera Garc\u00eda reconoci\u00f3 el papel que tiene la relaci\u00f3n de la m\u00e1xima casa de estudios mexiquense con las instituciones niponas en el crecimiento y desarrollo de la odontolog\u00eda en ambas naciones.<\/p>\n","protected":false},"excerpt":{"rendered":"<p>La Universidad Aut\u00f3noma del Estado de M\u00e9xico tiene grandes coincidencias con la filosof\u00eda y cultura japonesas; convienen en que la educaci\u00f3n es la mejor forma de asegurar el futuro de las personas y los pueblos, es la \u00fanica v\u00eda para garantizar la preservaci\u00f3n del conocimiento, sostuvo el rector Jorge Olvera Garc\u00eda, al encabezar la Ceremonia Conmemorativa al D\u00eda del Odont\u00f3logo y al XXX Aniversario del Centro de Investigaci\u00f3n y Estudios Avanzados en Odontolog\u00eda \u201cDr. Keisaburo Miyata\u201d.<\/p>\n","protected":false},"author":3,"featured_media":255059,"comment_status":"open","ping_status":"open","sticky":false,"template":"","format":"standard","meta":{"_monsterinsights_skip_tracking":false,"_monsterinsights_sitenote_active":false,"_monsterinsights_sitenote_note":"","_monsterinsights_sitenote_category":0,"footnotes":""},"categories":[35155],"tags":[43675,27015,20350,1490],"class_list":["post-254974","post","type-post","status-publish","format-standard","has-post-thumbnail","hentry","category-estado-de-mexico-estado-de-mexico","tag-estado-de-mexico","tag-jorge-olvera-garcia","tag-rector","tag-universidad-autonoma-del-estado-de-mexico"],"_links":{"self":[{"href":"https:\/\/www.diarioimagen.net\/index.php?rest_route=\/wp\/v2\/posts\/254974","targetHints":{"allow":["GET"]}}],"collection":[{"href":"https:\/\/www.diarioimagen.net\/index.php?rest_route=\/wp\/v2\/posts"}],"about":[{"href":"https:\/\/www.diarioimagen.net\/index.php?rest_route=\/wp\/v2\/types\/post"}],"author":[{"embeddable":true,"href":"https:\/\/www.diarioimagen.net\/index.php?rest_route=\/wp\/v2\/users\/3"}],"replies":[{"embeddable":true,"href":"https:\/\/www.diarioimagen.net\/index.php?rest_route=%2Fwp%2Fv2%2Fcomments&post=254974"}],"version-history":[{"count":0,"href":"https:\/\/www.diarioimagen.net\/index.php?rest_route=\/wp\/v2\/posts\/254974\/revisions"}],"wp:featuredmedia":[{"embeddable":true,"href":"https:\/\/www.diarioimagen.net\/index.php?rest_route=\/wp\/v2\/media\/255059"}],"wp:attachment":[{"href":"https:\/\/www.diarioimagen.net\/index.php?rest_route=%2Fwp%2Fv2%2Fmedia&parent=254974"}],"wp:term":[{"taxonomy":"category","embeddable":true,"href":"https:\/\/www.diarioimagen.net\/index.php?rest_route=%2Fwp%2Fv2%2Fcategories&post=254974"},{"taxonomy":"post_tag","embeddable":true,"href":"https:\/\/www.diarioimagen.net\/index.php?rest_route=%2Fwp%2Fv2%2Ftags&post=254974"}],"curies":[{"name":"wp","href":"https:\/\/api.w.org\/{rel}","templated":true}]}}