{"id":254998,"date":"2016-02-10T00:05:54","date_gmt":"2016-02-10T06:05:54","guid":{"rendered":"http:\/\/www.diarioimagen.net\/?p=254998"},"modified":"2016-02-10T03:09:55","modified_gmt":"2016-02-10T09:09:55","slug":"impulso-al-combate-a-las-adicciones-en-naucalpan","status":"publish","type":"post","link":"https:\/\/www.diarioimagen.net\/?p=254998","title":{"rendered":"Impulso al combate a las adicciones en Naucalpan"},"content":{"rendered":"<ul>\n<li><strong><em>Retoman programa<\/em><\/strong><\/li>\n<\/ul>\n<p>&nbsp;<\/p>\n<div id=\"attachment_255053\" style=\"width: 430px\" class=\"wp-caption aligncenter\"><a href=\"http:\/\/www.diarioimagen.net\/?attachment_id=255053\" rel=\"attachment wp-att-255053\"><img loading=\"lazy\" decoding=\"async\" aria-describedby=\"caption-attachment-255053\" class=\"size-large wp-image-255053\" src=\"http:\/\/www.diarioimagen.net\/wp-content\/uploads\/2016\/02\/NAUCALPAN-2801-420x236.jpg\" alt=\"El programa del \u201cLeoncito Dar\u00edo\u201d se enfoca a brindar educaci\u00f3n integral en contra del uso y el abuso de drogas.\" width=\"420\" height=\"236\" srcset=\"https:\/\/www.diarioimagen.net\/wp-content\/uploads\/2016\/02\/NAUCALPAN-2801-420x236.jpg 420w, https:\/\/www.diarioimagen.net\/wp-content\/uploads\/2016\/02\/NAUCALPAN-2801-240x135.jpg 240w, https:\/\/www.diarioimagen.net\/wp-content\/uploads\/2016\/02\/NAUCALPAN-2801-235x132.jpg 235w, https:\/\/www.diarioimagen.net\/wp-content\/uploads\/2016\/02\/NAUCALPAN-2801-202x114.jpg 202w, https:\/\/www.diarioimagen.net\/wp-content\/uploads\/2016\/02\/NAUCALPAN-2801-350x196.jpg 350w, https:\/\/www.diarioimagen.net\/wp-content\/uploads\/2016\/02\/NAUCALPAN-2801-220x123.jpg 220w, https:\/\/www.diarioimagen.net\/wp-content\/uploads\/2016\/02\/NAUCALPAN-2801-237x132.jpg 237w, https:\/\/www.diarioimagen.net\/wp-content\/uploads\/2016\/02\/NAUCALPAN-2801.jpg 480w\" sizes=\"auto, (max-width: 420px) 100vw, 420px\" \/><\/a><p id=\"caption-attachment-255053\" class=\"wp-caption-text\">El programa del \u201cLeoncito Dar\u00edo\u201d se enfoca a brindar educaci\u00f3n integral en contra del uso y el abuso de drogas.<\/p><\/div>\n<p>&nbsp;<\/p>\n<p><strong>Naucalpan, Estado de M\u00e9xico<\/strong>.- El Programa de Educaci\u00f3n para Resistir el Uso y el Abuso de las Drogas (DARE por sus siglas en ingl\u00e9s)\u00a0 nuevamente\u00a0 se implementa en Naucalpan a trav\u00e9s de la Subdirecci\u00f3n de Prevenci\u00f3n del Delito de la Direcci\u00f3n General de Seguridad Ciudadana y Tr\u00e1nsito Municipal.<\/p>\n<p>El comisario de Seguridad, Arturo Rodr\u00edguez, explic\u00f3 que este programa \u201cdel Leoncito Dar\u00edo\u201d, se enfoca a brindar educaci\u00f3n integral en contra del uso y el abuso de drogas. En Naucalpan, este programa se descuid\u00f3 en los \u00faltimos siete a\u00f1os\u201d.<\/p>\n<p>Agreg\u00f3 \u00a0que en \u00a0la administraci\u00f3n que encabeza el presidente municipal, Edgar Armando Olvera Higuera, se retoma este programa\u00a0 como parte de las acciones de prevenci\u00f3n. \u201cSe tienen todos los beneficios, toda la aportaci\u00f3n que en s\u00ed mismo representa DARE por ser un programa integral, se retoman y se direccionan a alumnos de preescolar, primaria y secundaria\u201d.<\/p>\n<p>El esquema de DARE consiste en proporcionar informaci\u00f3n confiable a los ni\u00f1os y adolescentes sobre drogas, alcohol y tabaco, adem\u00e1s de reforzar comportamientos positivos alternos al uso de drogas.<\/p>\n<p>El\u00a0 comisario de Seguridad, indic\u00f3 que en una primera etapa, se tiene previsto que\u00a0 en la primera mitad del a\u00f1o, la unidad DARE, llegue a por lo menos 28 mil 750 alumnos de casi un centenar de escuelas de preescolar, primarias y secundarias del municipio.<\/p>\n<p>Indic\u00f3 que\u00a0 la cifra podr\u00eda aumentar de acuerdo al impacto generado entre la poblaci\u00f3n, \u201cprincipalmente entre los sectores educativos de los niveles descritos pues es para ellos para quienes en esencia est\u00e1 dirigido el programa\u201d.<\/p>\n<p>En los pr\u00f3ximos d\u00edas,\u00a0 la Subdirecci\u00f3n de Prevenci\u00f3n del Delito que encabeza Mart\u00edn Riestra Rodr\u00edguez emitir\u00e1\u00a0 la convocatoria dirigida a polic\u00edas operativos con m\u00e1s de dos a\u00f1os de antig\u00fcedad en la direcci\u00f3n, a fin de que se inscriban y participen en\u00a0 el Seminario de Certificaci\u00f3n para nuevos oficiales DARE, al tiempo que se\u00a0 agendar\u00e1n las escuelas interesadas en ser parte del programa.<\/p>\n","protected":false},"excerpt":{"rendered":"<p>El Programa de Educaci\u00f3n para Resistir el Uso y el Abuso de las Drogas (DARE por sus siglas en ingl\u00e9s)  nuevamente  se implementa en Naucalpan a trav\u00e9s de la Subdirecci\u00f3n de Prevenci\u00f3n del Delito de la Direcci\u00f3n General de Seguridad Ciudadana y Tr\u00e1nsito Municipal.<\/p>\n","protected":false},"author":3,"featured_media":255053,"comment_status":"open","ping_status":"open","sticky":false,"template":"","format":"standard","meta":{"_monsterinsights_skip_tracking":false,"_monsterinsights_sitenote_active":false,"_monsterinsights_sitenote_note":"","_monsterinsights_sitenote_category":0,"footnotes":""},"categories":[35155],"tags":[43675,970],"class_list":["post-254998","post","type-post","status-publish","format-standard","has-post-thumbnail","hentry","category-estado-de-mexico-estado-de-mexico","tag-estado-de-mexico","tag-naucalpan"],"_links":{"self":[{"href":"https:\/\/www.diarioimagen.net\/index.php?rest_route=\/wp\/v2\/posts\/254998","targetHints":{"allow":["GET"]}}],"collection":[{"href":"https:\/\/www.diarioimagen.net\/index.php?rest_route=\/wp\/v2\/posts"}],"about":[{"href":"https:\/\/www.diarioimagen.net\/index.php?rest_route=\/wp\/v2\/types\/post"}],"author":[{"embeddable":true,"href":"https:\/\/www.diarioimagen.net\/index.php?rest_route=\/wp\/v2\/users\/3"}],"replies":[{"embeddable":true,"href":"https:\/\/www.diarioimagen.net\/index.php?rest_route=%2Fwp%2Fv2%2Fcomments&post=254998"}],"version-history":[{"count":0,"href":"https:\/\/www.diarioimagen.net\/index.php?rest_route=\/wp\/v2\/posts\/254998\/revisions"}],"wp:featuredmedia":[{"embeddable":true,"href":"https:\/\/www.diarioimagen.net\/index.php?rest_route=\/wp\/v2\/media\/255053"}],"wp:attachment":[{"href":"https:\/\/www.diarioimagen.net\/index.php?rest_route=%2Fwp%2Fv2%2Fmedia&parent=254998"}],"wp:term":[{"taxonomy":"category","embeddable":true,"href":"https:\/\/www.diarioimagen.net\/index.php?rest_route=%2Fwp%2Fv2%2Fcategories&post=254998"},{"taxonomy":"post_tag","embeddable":true,"href":"https:\/\/www.diarioimagen.net\/index.php?rest_route=%2Fwp%2Fv2%2Ftags&post=254998"}],"curies":[{"name":"wp","href":"https:\/\/api.w.org\/{rel}","templated":true}]}}