{"id":255000,"date":"2016-02-10T00:04:25","date_gmt":"2016-02-10T06:04:25","guid":{"rendered":"http:\/\/www.diarioimagen.net\/?p=255000"},"modified":"2016-02-10T03:10:44","modified_gmt":"2016-02-10T09:10:44","slug":"campana-contra-incendios-forestales-en-huixquilucan","status":"publish","type":"post","link":"https:\/\/www.diarioimagen.net\/?p=255000","title":{"rendered":"Campa\u00f1a contra incendios forestales en Huixquilucan"},"content":{"rendered":"<ul>\n<li><strong><em>Pl\u00e1ticas a padres de familia<\/em><\/strong><\/li>\n<\/ul>\n<p>&nbsp;<\/p>\n<div id=\"attachment_255056\" style=\"width: 430px\" class=\"wp-caption aligncenter\"><a href=\"http:\/\/www.diarioimagen.net\/?attachment_id=255056\" rel=\"attachment wp-att-255056\"><img loading=\"lazy\" decoding=\"async\" aria-describedby=\"caption-attachment-255056\" class=\"size-large wp-image-255056\" src=\"http:\/\/www.diarioimagen.net\/wp-content\/uploads\/2016\/02\/HUIXQUILUCAN-2801-420x236.jpg\" alt=\"Comenzaron pl\u00e1ticas de prevenci\u00f3n de incendios forestales, dirigidas a los padres de familia\u00a0de alumnos de escuelas de nivel b\u00e1sico.\" width=\"420\" height=\"236\" srcset=\"https:\/\/www.diarioimagen.net\/wp-content\/uploads\/2016\/02\/HUIXQUILUCAN-2801-420x236.jpg 420w, https:\/\/www.diarioimagen.net\/wp-content\/uploads\/2016\/02\/HUIXQUILUCAN-2801-240x135.jpg 240w, https:\/\/www.diarioimagen.net\/wp-content\/uploads\/2016\/02\/HUIXQUILUCAN-2801-235x132.jpg 235w, https:\/\/www.diarioimagen.net\/wp-content\/uploads\/2016\/02\/HUIXQUILUCAN-2801-202x114.jpg 202w, https:\/\/www.diarioimagen.net\/wp-content\/uploads\/2016\/02\/HUIXQUILUCAN-2801-350x196.jpg 350w, https:\/\/www.diarioimagen.net\/wp-content\/uploads\/2016\/02\/HUIXQUILUCAN-2801-220x123.jpg 220w, https:\/\/www.diarioimagen.net\/wp-content\/uploads\/2016\/02\/HUIXQUILUCAN-2801-237x132.jpg 237w, https:\/\/www.diarioimagen.net\/wp-content\/uploads\/2016\/02\/HUIXQUILUCAN-2801.jpg 480w\" sizes=\"auto, (max-width: 420px) 100vw, 420px\" \/><\/a><p id=\"caption-attachment-255056\" class=\"wp-caption-text\">Comenzaron pl\u00e1ticas de prevenci\u00f3n de incendios forestales, dirigidas a los padres de familia\u00a0de alumnos de escuelas de nivel b\u00e1sico.<\/p><\/div>\n<p>&nbsp;<\/p>\n<p><strong>Huixquilucan, Estado de M\u00e9xico<\/strong>.- La Direcci\u00f3n de Ecolog\u00eda y Pol\u00edticas del Medio Ambiente, conjuntamente con la Direcci\u00f3n de Desarrollo Agropecuario y la Subdirecci\u00f3n de Protecci\u00f3n Civil, iniciaron pl\u00e1ticas de prevenci\u00f3n de incendios forestales, dirigidas a los padres de alumnos de las escuelas de nivel b\u00e1sico, principalmente de la zona tradicional.<\/p>\n<p>Erika Larregui Nagel, titular de la Direcci\u00f3n de Ecolog\u00eda y Pol\u00edticas del Medio Ambiente, detall\u00f3 que con \u00e9ste ejercicio se proporciona informaci\u00f3n \u00fatil para que los alumnos y sus familias contribuyan en el cuidado del medio ambiente, reportando alg\u00fan connato de incendio, principalmente.<\/p>\n<p>La funcionaria municipal, agreg\u00f3 que tambi\u00e9n se busca conformar brigadas de Protecci\u00f3n Civil al interior de los planteles educativos, las cuales recibir\u00e1n la capacitaci\u00f3n necesaria para actuar adecuadamente en caso de que se presente alguna emergencia.<\/p>\n<p>Detall\u00f3 que este proyecto, adem\u00e1s de las escuelas, se har\u00e1 extensivo en algunas comunidades a trav\u00e9s de las Parroquias y poco a poco llegar a todo el municipio, sobre todo a las zonas cercanas a los bosques.<\/p>\n","protected":false},"excerpt":{"rendered":"<p>La Direcci\u00f3n de Ecolog\u00eda y Pol\u00edticas del Medio Ambiente, conjuntamente con la Direcci\u00f3n de Desarrollo Agropecuario y la Subdirecci\u00f3n de Protecci\u00f3n Civil, iniciaron pl\u00e1ticas de prevenci\u00f3n de incendios forestales, dirigidas a los padres de alumnos de las escuelas de nivel b\u00e1sico, principalmente de la zona tradicional.<\/p>\n","protected":false},"author":3,"featured_media":255056,"comment_status":"open","ping_status":"open","sticky":false,"template":"","format":"standard","meta":{"_monsterinsights_skip_tracking":false,"_monsterinsights_sitenote_active":false,"_monsterinsights_sitenote_note":"","_monsterinsights_sitenote_category":0,"footnotes":""},"categories":[35155],"tags":[43675,1097,8065,21732,22495],"class_list":["post-255000","post","type-post","status-publish","format-standard","has-post-thumbnail","hentry","category-estado-de-mexico-estado-de-mexico","tag-estado-de-mexico","tag-huixquilucan","tag-incendio","tag-prevencion","tag-proteccion"],"_links":{"self":[{"href":"https:\/\/www.diarioimagen.net\/index.php?rest_route=\/wp\/v2\/posts\/255000","targetHints":{"allow":["GET"]}}],"collection":[{"href":"https:\/\/www.diarioimagen.net\/index.php?rest_route=\/wp\/v2\/posts"}],"about":[{"href":"https:\/\/www.diarioimagen.net\/index.php?rest_route=\/wp\/v2\/types\/post"}],"author":[{"embeddable":true,"href":"https:\/\/www.diarioimagen.net\/index.php?rest_route=\/wp\/v2\/users\/3"}],"replies":[{"embeddable":true,"href":"https:\/\/www.diarioimagen.net\/index.php?rest_route=%2Fwp%2Fv2%2Fcomments&post=255000"}],"version-history":[{"count":0,"href":"https:\/\/www.diarioimagen.net\/index.php?rest_route=\/wp\/v2\/posts\/255000\/revisions"}],"wp:featuredmedia":[{"embeddable":true,"href":"https:\/\/www.diarioimagen.net\/index.php?rest_route=\/wp\/v2\/media\/255056"}],"wp:attachment":[{"href":"https:\/\/www.diarioimagen.net\/index.php?rest_route=%2Fwp%2Fv2%2Fmedia&parent=255000"}],"wp:term":[{"taxonomy":"category","embeddable":true,"href":"https:\/\/www.diarioimagen.net\/index.php?rest_route=%2Fwp%2Fv2%2Fcategories&post=255000"},{"taxonomy":"post_tag","embeddable":true,"href":"https:\/\/www.diarioimagen.net\/index.php?rest_route=%2Fwp%2Fv2%2Ftags&post=255000"}],"curies":[{"name":"wp","href":"https:\/\/api.w.org\/{rel}","templated":true}]}}