{"id":255005,"date":"2016-02-10T00:01:25","date_gmt":"2016-02-10T06:01:25","guid":{"rendered":"http:\/\/www.diarioimagen.net\/?p=255005"},"modified":"2016-02-11T02:53:42","modified_gmt":"2016-02-11T08:53:42","slug":"inauguran-exposicion-pictorica-suenos-en-color","status":"publish","type":"post","link":"https:\/\/www.diarioimagen.net\/?p=255005","title":{"rendered":"Inauguran exposici\u00f3n pict\u00f3rica \u201cSue\u00f1os en Color\u201d"},"content":{"rendered":"<ul>\n<li><strong><em>En sede de la legislatura mexiquense<\/em><\/strong><\/li>\n<\/ul>\n<p>&nbsp;<\/p>\n<div id=\"attachment_255065\" style=\"width: 430px\" class=\"wp-caption aligncenter\"><a href=\"http:\/\/www.diarioimagen.net\/?attachment_id=255065\" rel=\"attachment wp-att-255065\"><img loading=\"lazy\" decoding=\"async\" aria-describedby=\"caption-attachment-255065\" class=\"size-large wp-image-255065\" src=\"http:\/\/www.diarioimagen.net\/wp-content\/uploads\/2016\/02\/LEGISLATURA-2801-420x236.jpg\" alt=\"El diputado panista Gerardo Pliego cort\u00f3 el list\u00f3n inaugural de la muestra pict\u00f3rica de Coco Pay\u00e1n, que permanecer\u00e1 expuesta hasta el viernes 12 de febrero.\" width=\"420\" height=\"236\" srcset=\"https:\/\/www.diarioimagen.net\/wp-content\/uploads\/2016\/02\/LEGISLATURA-2801-420x236.jpg 420w, https:\/\/www.diarioimagen.net\/wp-content\/uploads\/2016\/02\/LEGISLATURA-2801-240x135.jpg 240w, https:\/\/www.diarioimagen.net\/wp-content\/uploads\/2016\/02\/LEGISLATURA-2801-235x132.jpg 235w, https:\/\/www.diarioimagen.net\/wp-content\/uploads\/2016\/02\/LEGISLATURA-2801-202x114.jpg 202w, https:\/\/www.diarioimagen.net\/wp-content\/uploads\/2016\/02\/LEGISLATURA-2801-350x196.jpg 350w, https:\/\/www.diarioimagen.net\/wp-content\/uploads\/2016\/02\/LEGISLATURA-2801-220x123.jpg 220w, https:\/\/www.diarioimagen.net\/wp-content\/uploads\/2016\/02\/LEGISLATURA-2801-237x132.jpg 237w, https:\/\/www.diarioimagen.net\/wp-content\/uploads\/2016\/02\/LEGISLATURA-2801.jpg 480w\" sizes=\"auto, (max-width: 420px) 100vw, 420px\" \/><\/a><p id=\"caption-attachment-255065\" class=\"wp-caption-text\">El diputado panista Gerardo Pliego cort\u00f3 el list\u00f3n inaugural de la muestra pict\u00f3rica de Coco Pay\u00e1n, que permanecer\u00e1 expuesta hasta el viernes 12 de febrero.<\/p><\/div>\n<p>&nbsp;<\/p>\n<p>El diputado Gerardo Pliego Santana (PAN) inaugur\u00f3 la Exposici\u00f3n Pict\u00f3rica \u201cSue\u00f1os en Color\u201d de la artista mexicana Coco Pay\u00e1n, que se integra por 14 pinturas en \u00f3leo sobre tela y permanecer\u00e1 en el vest\u00edbulo del palacio del Poder Legislativo hasta el pr\u00f3ximo viernes 12 de febrero.<\/p>\n<p>En presencia de Gabriel G\u00f3mez D\u00e1vila, presidente nacional del Grupo Innovare, Beatriz S\u00e1nchez Maruri y Avelina Mart\u00ednez Picasso, coordinadoras de las asociaciones \u201cViernes Juvenil\u201d y \u201cAmigos Jubilosos\u201d, respectivamente, as\u00ed como Mar\u00eda del Rosario Mej\u00eda Ayala, secretaria general de la Comisi\u00f3n de Derechos Humanos de la entidad, Gerardo Pliego destac\u00f3 la trascendencia de la obra de Coco Pay\u00e1n en M\u00e9xico y en el mundo.<\/p>\n<p>Acompa\u00f1ados de estudiantes de la Universidad Univer Millenium, Gerardo Pliego confi\u00f3 que el Estado de M\u00e9xico genere m\u00e1s artistas de talla internacional, a quienes desde la LIX Legislatura mexiquense seguir\u00e1n apoyando en la difusi\u00f3n de su obra.<\/p>\n<p>A los j\u00f3venes de Univer Millenium les inform\u00f3 que en la m\u00e1s reciente sesi\u00f3n de la Diputaci\u00f3n Permanente present\u00f3 la iniciativa de reforma a la Ley de la Juventud del Estado de M\u00e9xico, la cual se deriv\u00f3 del Simulador Parlamentario \u201cJ\u00f3venes Legisladores 2015\u201d en el que participaron estudiantes de diversas universidades y busca eliminar actos de discriminaci\u00f3n en contra de j\u00f3venes con tatuajes.<\/p>\n<p>Tambi\u00e9n propone que las empresas que contraten a j\u00f3venes reciban incentivos fiscales, adem\u00e1s de que el servicio social y las pr\u00e1cticas profesionales sean considerados como experiencia y tengan valor curricular. La iniciativa, dijo, fue remitida a la Comisi\u00f3n de la Juventud y el Deporte, para su dictamen respectivo.<\/p>\n","protected":false},"excerpt":{"rendered":"<p>El diputado Gerardo Pliego Santana (PAN) inaugur\u00f3 la Exposici\u00f3n Pict\u00f3rica \u201cSue\u00f1os en Color\u201d de la artista mexicana Coco Pay\u00e1n, que se integra por 14 pinturas en \u00f3leo sobre tela y permanecer\u00e1 en el vest\u00edbulo del palacio del Poder Legislativo hasta el pr\u00f3ximo viernes 12 de febrero.<\/p>\n","protected":false},"author":3,"featured_media":255065,"comment_status":"open","ping_status":"open","sticky":false,"template":"","format":"standard","meta":{"_monsterinsights_skip_tracking":false,"_monsterinsights_sitenote_active":false,"_monsterinsights_sitenote_note":"","_monsterinsights_sitenote_category":0,"footnotes":""},"categories":[35155],"tags":[43675,91],"class_list":["post-255005","post","type-post","status-publish","format-standard","has-post-thumbnail","hentry","category-estado-de-mexico-estado-de-mexico","tag-estado-de-mexico","tag-pan"],"_links":{"self":[{"href":"https:\/\/www.diarioimagen.net\/index.php?rest_route=\/wp\/v2\/posts\/255005","targetHints":{"allow":["GET"]}}],"collection":[{"href":"https:\/\/www.diarioimagen.net\/index.php?rest_route=\/wp\/v2\/posts"}],"about":[{"href":"https:\/\/www.diarioimagen.net\/index.php?rest_route=\/wp\/v2\/types\/post"}],"author":[{"embeddable":true,"href":"https:\/\/www.diarioimagen.net\/index.php?rest_route=\/wp\/v2\/users\/3"}],"replies":[{"embeddable":true,"href":"https:\/\/www.diarioimagen.net\/index.php?rest_route=%2Fwp%2Fv2%2Fcomments&post=255005"}],"version-history":[{"count":0,"href":"https:\/\/www.diarioimagen.net\/index.php?rest_route=\/wp\/v2\/posts\/255005\/revisions"}],"wp:featuredmedia":[{"embeddable":true,"href":"https:\/\/www.diarioimagen.net\/index.php?rest_route=\/wp\/v2\/media\/255065"}],"wp:attachment":[{"href":"https:\/\/www.diarioimagen.net\/index.php?rest_route=%2Fwp%2Fv2%2Fmedia&parent=255005"}],"wp:term":[{"taxonomy":"category","embeddable":true,"href":"https:\/\/www.diarioimagen.net\/index.php?rest_route=%2Fwp%2Fv2%2Fcategories&post=255005"},{"taxonomy":"post_tag","embeddable":true,"href":"https:\/\/www.diarioimagen.net\/index.php?rest_route=%2Fwp%2Fv2%2Ftags&post=255005"}],"curies":[{"name":"wp","href":"https:\/\/api.w.org\/{rel}","templated":true}]}}