{"id":255219,"date":"2016-02-11T00:07:23","date_gmt":"2016-02-11T06:07:23","guid":{"rendered":"http:\/\/www.diarioimagen.net\/?p=255219"},"modified":"2016-02-12T01:32:17","modified_gmt":"2016-02-12T07:32:17","slug":"las-fuerzas-armadas-son-garantes-de-paz-y-soberania-pena-nieto","status":"publish","type":"post","link":"https:\/\/www.diarioimagen.net\/?p=255219","title":{"rendered":"Las fuerzas armadas son garantes de paz y soberan\u00eda: Pe\u00f1a Nieto"},"content":{"rendered":"<ul>\n<li><strong><em>Mexicanos excepcionales<\/em><\/strong><\/li>\n<\/ul>\n<p>&nbsp;<\/p>\n<div id=\"attachment_255306\" style=\"width: 430px\" class=\"wp-caption aligncenter\"><a href=\"http:\/\/www.diarioimagen.net\/?attachment_id=255306\" rel=\"attachment wp-att-255306\"><img loading=\"lazy\" decoding=\"async\" aria-describedby=\"caption-attachment-255306\" class=\"size-large wp-image-255306\" src=\"http:\/\/www.diarioimagen.net\/wp-content\/uploads\/2016\/02\/epn-2802-420x269.jpg\" alt=\"El presidente Enrique Pe\u00f1a Nieto encabez\u00f3 en Hermosillo, Sonora, la conmemoraci\u00f3n del 101 aniversario del D\u00eda de la Fuerza A\u00e9rea Mexicana.\" width=\"420\" height=\"269\" srcset=\"https:\/\/www.diarioimagen.net\/wp-content\/uploads\/2016\/02\/epn-2802-420x269.jpg 420w, https:\/\/www.diarioimagen.net\/wp-content\/uploads\/2016\/02\/epn-2802-240x154.jpg 240w, https:\/\/www.diarioimagen.net\/wp-content\/uploads\/2016\/02\/epn-2802.jpg 700w\" sizes=\"auto, (max-width: 420px) 100vw, 420px\" \/><\/a><p id=\"caption-attachment-255306\" class=\"wp-caption-text\">El presidente Enrique Pe\u00f1a Nieto encabez\u00f3 en Hermosillo, Sonora, la conmemoraci\u00f3n del 101 aniversario del D\u00eda de la Fuerza A\u00e9rea Mexicana.<\/p><\/div>\n<p>&nbsp;<\/p>\n<p>Los mexicanos tienen en su Ej\u00e9rcito, Armada y Fuerza A\u00e9rea a instituciones garantes de la paz, la soberan\u00eda y la independencia nacional, asever\u00f3 el presidente Enrique Pe\u00f1a Nieto.<\/p>\n<p>Durante la conmemoraci\u00f3n del 101 aniversario del D\u00eda de la Fuerza A\u00e9rea Mexicana, el mandatario destac\u00f3 que los militares sirven a los mexicanos con apego a la ley e invariable respeto a los derechos humanos, y \u201cas\u00ed lo ratifican todos los d\u00edas\u201d.<\/p>\n<p>Acompa\u00f1ado por los secretarios de la Defensa Nacional, Salvador Cienfuegos Zepeda, y de Marina, Vidal Francisco Sober\u00f3n Sanz, sostuvo que en cada misi\u00f3n, soldados, marinos y pilotos demuestran que son mexicanos excepcionales con formaci\u00f3n de excelencia y amplio sentido del deber.<\/p>\n<p>\u201cGracias a sus acciones en tierra, mar y aire, las familias saben y reconocen que las instituciones y la patria est\u00e1 a buen resguardo\u201d, enfatiz\u00f3 el Ejecutivo federal, en su calidad de Comandante Supremo de las Fuerzas Armadas.<\/p>\n<p>Pe\u00f1a Nieto dijo que la Fuerza A\u00e9rea Mexicana es una prestigiada instituci\u00f3n armada que ha acompa\u00f1ado el desarrollo M\u00e9xico en el \u00faltimo siglo, brindando confianza a la sociedad y respaldo a las instituciones.<\/p>\n<p>Por ello, para el gobierno de la Rep\u00fablica, la mejor manera de honrarlos es respaldando con firmeza la consolidaci\u00f3n de una Fuerza A\u00e9rea moderna, bien equipada y con mayor capacidad de respuesta, recalc\u00f3 el mandatario.<\/p>\n<p>Destac\u00f3 que en los primeros tres a\u00f1os de su gobierno se ha hecho un esfuerzo sin precedentes para ampliar las capacidades institucionales con el impulso a la construcci\u00f3n de mayor infraestructura, a fin de tener mayor presencia territorial y asegurar mejor despliegue en todo el pa\u00eds.<\/p>\n<p>Entre las acciones, cit\u00f3 la modernizaci\u00f3n de los sistemas de mando C4 y CR de las instalaciones de la Sedena, a fin de incrementar la efectividad de las acciones de vigilancia a\u00e9rea en el pa\u00eds y el control de aeronaves que transitan por cielo nacional.<\/p>\n<p>Asimismo, record\u00f3 que se llev\u00f3 a cabo la renovaci\u00f3n m\u00e1s amplia de la flota a\u00e9rea militar efectuada en los \u00faltimos 30 a\u00f1os, con aviones y helic\u00f3pteros que contribuyen a la eficacia de las misiones de entrenamiento, rescate, apoyo a\u00e9reo cercano, inteligencia, vigilancia y reconocimiento, as\u00ed como de transporte de carga y personal.<\/p>\n<p>Adem\u00e1s, durante el acto el presidente Pe\u00f1a Nieto inaugur\u00f3 instalaciones castrenses a distancia que, dijo, fortalecen presencia militar en el noroeste del pa\u00eds.<\/p>\n<p>En el acto, el mandatario record\u00f3 al ex candidato presidencial, Luis Donaldo Colosio, que hoy cumplir\u00eda 66 a\u00f1os y a quien describi\u00f3 como \u201cun mexicano de trabajo y no de privilegios\u201d.<\/p>\n<p>En la comida previa a la exhibici\u00f3n a\u00e9rea en las instalaciones de la Base A\u00e9rea Militar N\u00famero 18, el Ejecutivo federal refrend\u00f3 su respaldo \u201ca los soldados del aire que todos los d\u00edas, sin importar las condiciones clim\u00e1ticas sirven con lealtad a su pa\u00eds\u201d.<\/p>\n","protected":false},"excerpt":{"rendered":"<p>Los mexicanos tienen en su Ej\u00e9rcito, Armada y Fuerza A\u00e9rea a instituciones garantes de la paz, la soberan\u00eda y la independencia nacional, asever\u00f3 el presidente Enrique Pe\u00f1a Nieto.<\/p>\n","protected":false},"author":3,"featured_media":255306,"comment_status":"open","ping_status":"open","sticky":false,"template":"","format":"standard","meta":{"_monsterinsights_skip_tracking":false,"_monsterinsights_sitenote_active":false,"_monsterinsights_sitenote_note":"","_monsterinsights_sitenote_category":0,"footnotes":""},"categories":[3],"tags":[18,2188,43673,28035],"class_list":["post-255219","post","type-post","status-publish","format-standard","has-post-thumbnail","hentry","category-nacional","tag-enrique-pena-nieto","tag-fuerza-aerea","tag-nacional","tag-salvador-cienfuegos-zepeda"],"_links":{"self":[{"href":"https:\/\/www.diarioimagen.net\/index.php?rest_route=\/wp\/v2\/posts\/255219","targetHints":{"allow":["GET"]}}],"collection":[{"href":"https:\/\/www.diarioimagen.net\/index.php?rest_route=\/wp\/v2\/posts"}],"about":[{"href":"https:\/\/www.diarioimagen.net\/index.php?rest_route=\/wp\/v2\/types\/post"}],"author":[{"embeddable":true,"href":"https:\/\/www.diarioimagen.net\/index.php?rest_route=\/wp\/v2\/users\/3"}],"replies":[{"embeddable":true,"href":"https:\/\/www.diarioimagen.net\/index.php?rest_route=%2Fwp%2Fv2%2Fcomments&post=255219"}],"version-history":[{"count":0,"href":"https:\/\/www.diarioimagen.net\/index.php?rest_route=\/wp\/v2\/posts\/255219\/revisions"}],"wp:featuredmedia":[{"embeddable":true,"href":"https:\/\/www.diarioimagen.net\/index.php?rest_route=\/wp\/v2\/media\/255306"}],"wp:attachment":[{"href":"https:\/\/www.diarioimagen.net\/index.php?rest_route=%2Fwp%2Fv2%2Fmedia&parent=255219"}],"wp:term":[{"taxonomy":"category","embeddable":true,"href":"https:\/\/www.diarioimagen.net\/index.php?rest_route=%2Fwp%2Fv2%2Fcategories&post=255219"},{"taxonomy":"post_tag","embeddable":true,"href":"https:\/\/www.diarioimagen.net\/index.php?rest_route=%2Fwp%2Fv2%2Ftags&post=255219"}],"curies":[{"name":"wp","href":"https:\/\/api.w.org\/{rel}","templated":true}]}}