{"id":255405,"date":"2016-02-12T00:08:53","date_gmt":"2016-02-12T06:08:53","guid":{"rendered":"http:\/\/www.diarioimagen.net\/?p=255405"},"modified":"2016-02-12T04:55:55","modified_gmt":"2016-02-12T10:55:55","slug":"ecatepec-recibira-al-pontifice-con-tapete-de-aserrin","status":"publish","type":"post","link":"https:\/\/www.diarioimagen.net\/?p=255405","title":{"rendered":"Ecatepec recibir\u00e1 al Papa con tapete de aserr\u00edn"},"content":{"rendered":"<ul>\n<li><strong><em>Hecho por artesanos de San Pedro Xalostoc<\/em><\/strong><\/li>\n<\/ul>\n<p>&nbsp;<\/p>\n<div id=\"attachment_255511\" style=\"width: 430px\" class=\"wp-caption aligncenter\"><a href=\"http:\/\/www.diarioimagen.net\/?attachment_id=255511\" rel=\"attachment wp-att-255511\"><img loading=\"lazy\" decoding=\"async\" aria-describedby=\"caption-attachment-255511\" class=\"size-large wp-image-255511\" src=\"http:\/\/www.diarioimagen.net\/wp-content\/uploads\/2016\/02\/tapete-2803-420x236.jpg\" alt=\"Artesanos de San Pedro Xalostoc preparando el tapete para la visita del Papa.\" width=\"420\" height=\"236\" srcset=\"https:\/\/www.diarioimagen.net\/wp-content\/uploads\/2016\/02\/tapete-2803-420x236.jpg 420w, https:\/\/www.diarioimagen.net\/wp-content\/uploads\/2016\/02\/tapete-2803-240x135.jpg 240w, https:\/\/www.diarioimagen.net\/wp-content\/uploads\/2016\/02\/tapete-2803-768x432.jpg 768w, https:\/\/www.diarioimagen.net\/wp-content\/uploads\/2016\/02\/tapete-2803-480x270.jpg 480w, https:\/\/www.diarioimagen.net\/wp-content\/uploads\/2016\/02\/tapete-2803-235x132.jpg 235w, https:\/\/www.diarioimagen.net\/wp-content\/uploads\/2016\/02\/tapete-2803-202x114.jpg 202w, https:\/\/www.diarioimagen.net\/wp-content\/uploads\/2016\/02\/tapete-2803-350x196.jpg 350w, https:\/\/www.diarioimagen.net\/wp-content\/uploads\/2016\/02\/tapete-2803-220x123.jpg 220w, https:\/\/www.diarioimagen.net\/wp-content\/uploads\/2016\/02\/tapete-2803-237x132.jpg 237w, https:\/\/www.diarioimagen.net\/wp-content\/uploads\/2016\/02\/tapete-2803.jpg 960w\" sizes=\"auto, (max-width: 420px) 100vw, 420px\" \/><\/a><p id=\"caption-attachment-255511\" class=\"wp-caption-text\">Artesanos de San Pedro Xalostoc preparando el tapete para la visita del Papa.<\/p><\/div>\n<p>&nbsp;<\/p>\n<p>Parte del camino que recorrer\u00e1 el Papa Francisco en Ecatepec este 14 de febrero se convertir\u00e1 en un lienzo de aserr\u00edn y arena que preparan 70 artesanos de San Pedro Xalostoc, con la decoraci\u00f3n de un tapete multicolor.<\/p>\n<p>La Direcci\u00f3n de Cultura, Deporte y Desarrollo Humano municipal coordin\u00f3 el talento de vecinos y servidores p\u00fablicos para mostrar con orgullo a lo que \u00e9l se ha dedicado durante 14 a\u00f1os y que, ahora, servir\u00e1 para revestir el paso del Sumo Pont\u00edfice.<\/p>\n<p>Los artesanos de San Pedro Xalostoc podr\u00e1n dar la bienvenida al Santo Padre con este tapete, como los elaborados para la fiesta patronal del pueblo.<\/p>\n<p>El dise\u00f1o para adornar el recorrido del Papa tendr\u00e1 de fondo arena blanca procedente de Huamantla y estar\u00e1 conformada por flores, palomas, corazones, mientras que el aserr\u00edn representar\u00e1 los grifos de los nueve Pueblos Fundadores de Ecatepec.<\/p>\n<p>Esta idea fue presentada por Indalecio R\u00edos Vel\u00e1zquez, alcalde de Ecatepec, quien plante\u00f3 que se mostrara parte de la identidad y orgullo de la localidad en estas figuras. Gerardo Ben\u00edtez agradeci\u00f3 el esfuerzo y la dedicaci\u00f3n por las 14 horas de trabajo al d\u00eda que emplea cada uno de los artesanos, quienes se encargan de la elaboraci\u00f3n de los tres tapetes de cinco metros de ancho que cubrir\u00e1n dos kil\u00f3metros de la ruta papal.<\/p>\n<p>El trabajo de los vecinos comenz\u00f3 hace m\u00e1s de 15 d\u00edas, cuando la Direcci\u00f3n de Cultura y Desa\u00adrrollo Humano, del gobierno municipal, pidi\u00f3 a los artesanos colaborar en el proyecto para dar la bienvenida a Su Santidad.<\/p>\n","protected":false},"excerpt":{"rendered":"<p>Parte del camino que recorrer\u00e1 el Papa Francisco en Ecatepec este 14 de febrero se convertir\u00e1 en un lienzo de aserr\u00edn y arena que preparan 70 artesanos de San Pedro Xalostoc, con la decoraci\u00f3n de un tapete multicolor.<\/p>\n","protected":false},"author":3,"featured_media":255511,"comment_status":"open","ping_status":"open","sticky":false,"template":"","format":"standard","meta":{"_monsterinsights_skip_tracking":false,"_monsterinsights_sitenote_active":false,"_monsterinsights_sitenote_note":"","_monsterinsights_sitenote_category":0,"footnotes":""},"categories":[5],"tags":[454,17610],"class_list":["post-255405","post","type-post","status-publish","format-standard","has-post-thumbnail","hentry","category-estado-de-mexico","tag-ecatepec","tag-pontifice"],"_links":{"self":[{"href":"https:\/\/www.diarioimagen.net\/index.php?rest_route=\/wp\/v2\/posts\/255405","targetHints":{"allow":["GET"]}}],"collection":[{"href":"https:\/\/www.diarioimagen.net\/index.php?rest_route=\/wp\/v2\/posts"}],"about":[{"href":"https:\/\/www.diarioimagen.net\/index.php?rest_route=\/wp\/v2\/types\/post"}],"author":[{"embeddable":true,"href":"https:\/\/www.diarioimagen.net\/index.php?rest_route=\/wp\/v2\/users\/3"}],"replies":[{"embeddable":true,"href":"https:\/\/www.diarioimagen.net\/index.php?rest_route=%2Fwp%2Fv2%2Fcomments&post=255405"}],"version-history":[{"count":0,"href":"https:\/\/www.diarioimagen.net\/index.php?rest_route=\/wp\/v2\/posts\/255405\/revisions"}],"wp:featuredmedia":[{"embeddable":true,"href":"https:\/\/www.diarioimagen.net\/index.php?rest_route=\/wp\/v2\/media\/255511"}],"wp:attachment":[{"href":"https:\/\/www.diarioimagen.net\/index.php?rest_route=%2Fwp%2Fv2%2Fmedia&parent=255405"}],"wp:term":[{"taxonomy":"category","embeddable":true,"href":"https:\/\/www.diarioimagen.net\/index.php?rest_route=%2Fwp%2Fv2%2Fcategories&post=255405"},{"taxonomy":"post_tag","embeddable":true,"href":"https:\/\/www.diarioimagen.net\/index.php?rest_route=%2Fwp%2Fv2%2Ftags&post=255405"}],"curies":[{"name":"wp","href":"https:\/\/api.w.org\/{rel}","templated":true}]}}