{"id":255411,"date":"2016-02-12T00:05:27","date_gmt":"2016-02-12T06:05:27","guid":{"rendered":"http:\/\/www.diarioimagen.net\/?p=255411"},"modified":"2016-02-15T00:15:22","modified_gmt":"2016-02-15T06:15:22","slug":"acudira-epn-a-misa-del-papa-en-la-basilica","status":"publish","type":"post","link":"https:\/\/www.diarioimagen.net\/?p=255411","title":{"rendered":"Acudir\u00e1 EPN a misa del Papa en la Bas\u00edlica"},"content":{"rendered":"<ul>\n<li><strong><em>Estar\u00e1 acompa\u00f1ado de su familia<\/em><\/strong><\/li>\n<\/ul>\n<p>&nbsp;<\/p>\n<div id=\"attachment_255534\" style=\"width: 430px\" class=\"wp-caption aligncenter\"><a href=\"http:\/\/www.diarioimagen.net\/?attachment_id=255534\" rel=\"attachment wp-att-255534\"><img loading=\"lazy\" decoding=\"async\" aria-describedby=\"caption-attachment-255534\" class=\"size-large wp-image-255534\" src=\"http:\/\/www.diarioimagen.net\/wp-content\/uploads\/2016\/02\/basilica-2803-420x236.jpg\" alt=\"Este s\u00e1bado el presidente Enrique Pe\u00f1a Nieto, acompa\u00f1ado de su famila, asistir\u00e1 a la misa que oficiar\u00e1 el Papa Francisco en la Bas\u00edlica de Guadalupe.\" width=\"420\" height=\"236\" srcset=\"https:\/\/www.diarioimagen.net\/wp-content\/uploads\/2016\/02\/basilica-2803-420x236.jpg 420w, https:\/\/www.diarioimagen.net\/wp-content\/uploads\/2016\/02\/basilica-2803-240x135.jpg 240w, https:\/\/www.diarioimagen.net\/wp-content\/uploads\/2016\/02\/basilica-2803-235x132.jpg 235w, https:\/\/www.diarioimagen.net\/wp-content\/uploads\/2016\/02\/basilica-2803-202x114.jpg 202w, https:\/\/www.diarioimagen.net\/wp-content\/uploads\/2016\/02\/basilica-2803-350x196.jpg 350w, https:\/\/www.diarioimagen.net\/wp-content\/uploads\/2016\/02\/basilica-2803-220x123.jpg 220w, https:\/\/www.diarioimagen.net\/wp-content\/uploads\/2016\/02\/basilica-2803-237x132.jpg 237w, https:\/\/www.diarioimagen.net\/wp-content\/uploads\/2016\/02\/basilica-2803.jpg 480w\" sizes=\"auto, (max-width: 420px) 100vw, 420px\" \/><\/a><p id=\"caption-attachment-255534\" class=\"wp-caption-text\">Este s\u00e1bado el presidente Enrique Pe\u00f1a Nieto, acompa\u00f1ado de su famila, asistir\u00e1 a la misa que oficiar\u00e1 el Papa Francisco en la Bas\u00edlica de Guadalupe.<\/p><\/div>\n<p>&nbsp;<\/p>\n<p>El presidente Enrique Pe\u00f1a y su familia estar\u00e1n presente en la misa que oficiar\u00e1 el Papa Francisco en la Bas\u00edlica de Guadalupe este s\u00e1bado.<\/p>\n<p>En el transcurso de la semana, la Presidencia reconoci\u00f3 al Pont\u00edfice como jefe de Estado y ese trato tendr\u00e1. No es la primera vez que el mandatario mexicano est\u00e1 en una celebraci\u00f3n cat\u00f3lica. En 2013, acudi\u00f3 al Vaticano a la ceremonia de inicio del pontificado de Jorge Bergoglio.<\/p>\n<p>Ma\u00f1ana s\u00e1bado, Pe\u00f1a Nieto estar\u00e1 acompa\u00f1ado de su familia. Antes, lo recibir\u00e1 en Palacio Nacional, donde el mandatario obsequiar\u00e1 al Papa un \u00e1rbol de la vida, elaborado en Metepec, Estado de M\u00e9xico, adem\u00e1s de un rosario hecho de barro.<\/p>\n<p>Cuando concluya la gira papal, en Ciudad Ju\u00e1rez, Pe\u00f1a le entregar\u00e1 una memoria fotogr\u00e1fica con las mejores im\u00e1genes de su gira por M\u00e9xico de seis d\u00edas.<\/p>\n<p>Desde esta noche, el Presidente estar\u00e1 con el Pont\u00edfice, cuando, acompa\u00f1ado de su esposa Ang\u00e9lica Rivera, lo reciba a las 19:30 horas en el hangar presidencial.<\/p>\n<p>En Palacio Nacional habr\u00e1n mil 500 personas, entre empresarios, legisladores, organizaciones civiles y eclesi\u00e1sticas, diplom\u00e1ticos y funcionarios; sin embargo, el Pont\u00edfice se tomar\u00e1 fotograf\u00edas con pocos.<\/p>\n<p style=\"text-align: center;\"><strong>Beltrones destaca regocijo de pueblo mexicano <\/strong><\/p>\n<p>Por su parte, el presidente nacional del Partido Revolucionario Institucional (PRI), Manlio Fabio Beltrones, dio la bienvenida al Papa Francisco en v\u00edspera de su llegada a M\u00e9xico, que lo recibe con gran regocijo.<\/p>\n<p>Sostuvo que no cabe duda que la visita del obispo de Roma \u201cdespierta un gran sentimiento de alegr\u00eda, por ser el padre de la Iglesia cuya fe profesa una gran mayor\u00eda de los mexicanos\u201d.<\/p>\n<p>Tambi\u00e9n \u201cquienes siguen otra religi\u00f3n o no tienen creencia religiosa alguna reconocen en el Papa Francisco una figura p\u00fablica de gran relevancia en el panorama mundial, todo por su liderazgo y compromiso en favor de las mejores causas de la humanidad\u201d.<\/p>\n<p>M\u00e9xico es una naci\u00f3n que se transforma y trabaja para enfrentar sus desaf\u00edos, consciente de su diversidad cultural y de la pluralidad de su espectro pol\u00edtico, la cual busca con af\u00e1n el progreso en libertad, la seguridad colectiva y la paz por el camino de la ley y de las instituciones democr\u00e1ticas.<\/p>\n<p>\u201cLos problemas -ha dicho- no tienen soluciones m\u00e1gicas, pero sin duda su mensaje de consuelo y aliento contribuye a encontrar soluciones de los problemas que enfrenta nuestra sociedad, en especial entre los m\u00e1s d\u00e9biles y vulnerables\u201d, coment\u00f3 en el noticiero \u201cEn los tiempos de la radio\u201d, que dirige \u00d3scar Mario Beteta.<\/p>\n","protected":false},"excerpt":{"rendered":"<p>El presidente Enrique Pe\u00f1a y su familia estar\u00e1n presente en la misa que oficiar\u00e1 el Papa Francisco en la Bas\u00edlica de Guadalupe este s\u00e1bado. En el transcurso de la semana, la Presidencia reconoci\u00f3 al Pont\u00edfice como jefe de Estado y ese trato tendr\u00e1. No es la primera vez que el mandatario mexicano est\u00e1 en una celebraci\u00f3n cat\u00f3lica. En 2013, acudi\u00f3 al Vaticano a la ceremonia de inicio del pontificado de Jorge Bergoglio.<\/p>\n","protected":false},"author":3,"featured_media":255534,"comment_status":"open","ping_status":"open","sticky":false,"template":"","format":"standard","meta":{"_monsterinsights_skip_tracking":false,"_monsterinsights_sitenote_active":false,"_monsterinsights_sitenote_note":"","_monsterinsights_sitenote_category":0,"footnotes":""},"categories":[3],"tags":[14846,18,27237,21045],"class_list":["post-255411","post","type-post","status-publish","format-standard","has-post-thumbnail","hentry","category-nacional","tag-basilica-de-guadalupe","tag-enrique-pena-nieto","tag-francisco","tag-misa"],"_links":{"self":[{"href":"https:\/\/www.diarioimagen.net\/index.php?rest_route=\/wp\/v2\/posts\/255411","targetHints":{"allow":["GET"]}}],"collection":[{"href":"https:\/\/www.diarioimagen.net\/index.php?rest_route=\/wp\/v2\/posts"}],"about":[{"href":"https:\/\/www.diarioimagen.net\/index.php?rest_route=\/wp\/v2\/types\/post"}],"author":[{"embeddable":true,"href":"https:\/\/www.diarioimagen.net\/index.php?rest_route=\/wp\/v2\/users\/3"}],"replies":[{"embeddable":true,"href":"https:\/\/www.diarioimagen.net\/index.php?rest_route=%2Fwp%2Fv2%2Fcomments&post=255411"}],"version-history":[{"count":0,"href":"https:\/\/www.diarioimagen.net\/index.php?rest_route=\/wp\/v2\/posts\/255411\/revisions"}],"wp:featuredmedia":[{"embeddable":true,"href":"https:\/\/www.diarioimagen.net\/index.php?rest_route=\/wp\/v2\/media\/255534"}],"wp:attachment":[{"href":"https:\/\/www.diarioimagen.net\/index.php?rest_route=%2Fwp%2Fv2%2Fmedia&parent=255411"}],"wp:term":[{"taxonomy":"category","embeddable":true,"href":"https:\/\/www.diarioimagen.net\/index.php?rest_route=%2Fwp%2Fv2%2Fcategories&post=255411"},{"taxonomy":"post_tag","embeddable":true,"href":"https:\/\/www.diarioimagen.net\/index.php?rest_route=%2Fwp%2Fv2%2Ftags&post=255411"}],"curies":[{"name":"wp","href":"https:\/\/api.w.org\/{rel}","templated":true}]}}