{"id":255430,"date":"2016-02-12T00:04:12","date_gmt":"2016-02-12T06:04:12","guid":{"rendered":"http:\/\/www.diarioimagen.net\/?p=255430"},"modified":"2016-02-15T00:15:14","modified_gmt":"2016-02-15T06:15:14","slug":"despliega-telmex-infraestructura-para-las-actividades-del-santo-padre","status":"publish","type":"post","link":"https:\/\/www.diarioimagen.net\/?p=255430","title":{"rendered":"Despliega Telmex infraestructura para las actividades del Santo Padre"},"content":{"rendered":"<ul>\n<li><strong><em>Conectividad para eventos en 5 entidades<\/em><\/strong><\/li>\n<\/ul>\n<p>&nbsp;<\/p>\n<div id=\"attachment_255538\" style=\"width: 430px\" class=\"wp-caption aligncenter\"><a href=\"http:\/\/www.diarioimagen.net\/?attachment_id=255538\" rel=\"attachment wp-att-255538\"><img loading=\"lazy\" decoding=\"async\" aria-describedby=\"caption-attachment-255538\" class=\"size-large wp-image-255538\" src=\"http:\/\/www.diarioimagen.net\/wp-content\/uploads\/2016\/02\/telmex-2803-420x236.jpg\" alt=\"Telmex instal\u00f3 enlaces de fibra \u00f3ptica y sitios de acceso p\u00fablico a Internet WiFi M\u00f3vil en todas las sedes donde el Papa Francisco tendr\u00e1 actividades.\" width=\"420\" height=\"236\" srcset=\"https:\/\/www.diarioimagen.net\/wp-content\/uploads\/2016\/02\/telmex-2803-420x236.jpg 420w, https:\/\/www.diarioimagen.net\/wp-content\/uploads\/2016\/02\/telmex-2803-240x135.jpg 240w, https:\/\/www.diarioimagen.net\/wp-content\/uploads\/2016\/02\/telmex-2803-235x132.jpg 235w, https:\/\/www.diarioimagen.net\/wp-content\/uploads\/2016\/02\/telmex-2803-202x114.jpg 202w, https:\/\/www.diarioimagen.net\/wp-content\/uploads\/2016\/02\/telmex-2803-350x196.jpg 350w, https:\/\/www.diarioimagen.net\/wp-content\/uploads\/2016\/02\/telmex-2803-220x123.jpg 220w, https:\/\/www.diarioimagen.net\/wp-content\/uploads\/2016\/02\/telmex-2803-237x132.jpg 237w, https:\/\/www.diarioimagen.net\/wp-content\/uploads\/2016\/02\/telmex-2803.jpg 480w\" sizes=\"auto, (max-width: 420px) 100vw, 420px\" \/><\/a><p id=\"caption-attachment-255538\" class=\"wp-caption-text\">Telmex instal\u00f3 enlaces de fibra \u00f3ptica y sitios de acceso p\u00fablico a Internet WiFi M\u00f3vil en todas las sedes donde el Papa Francisco tendr\u00e1 actividades.<\/p><\/div>\n<p>&nbsp;<\/p>\n<p>Telmex ha realizado un amplio despliegue de infraestructura en todas las sedes donde el Papa Francisco tendr\u00e1 actividades p\u00fablicas durante su pr\u00f3xima visita a M\u00e9xico, con el prop\u00f3sito de apoyar las labores de log\u00edstica de organizadores y de difusi\u00f3n de los medios de comunicaci\u00f3n que dar\u00e1n cobertura al evento.<\/p>\n<p>Para este prop\u00f3sito, la empresa instal\u00f3 enlaces de fibra \u00f3ptica y sitios de acceso p\u00fablico a Internet WiFi M\u00f3vil en Infinitum en los siguientes espacios y centros internacionales de prensa instalados para esta visita: la Bas\u00edlica de Guadalupe; Plaza Mariana; en el Centro de Estudios Ecatepec, Estado de M\u00e9xico; Polif\u00f3rum Tuxtla Guti\u00e9rrez, Teatro Hermanos Dom\u00ednguez, Unidad Deportiva SEDEM y Estadio V\u00edctor M. Reyna, en Chiapas; en el Centro de Convenciones y Exposiciones de Morelia y el Estadio Morelos, en Michoac\u00e1n, as\u00ed como en Expo Ciudad Ju\u00e1rez, en Chihuahua.<\/p>\n<p>Adicionalmente, en las diversas salas de prensa que se habilitar\u00e1n para el evento, tanto en los recintos oficiales como en los hoteles sede, la prensa dispondr\u00e1 de acceso de banda ancha Infinitum.<\/p>\n<p>Con tecnolog\u00eda de vanguardia y m\u00e1s de 200 mil kil\u00f3metros de fibra \u00f3ptica en nuestro pa\u00eds, TELMEX facilitar\u00e1 las operaciones de log\u00edstica y difusi\u00f3n que requiere un evento de amplio inter\u00e9s nacional e internacional como la visita del sumo Pont\u00edfice a M\u00e9xico.<\/p>\n","protected":false},"excerpt":{"rendered":"<p>Telmex ha realizado un amplio despliegue de infraestructura en todas las sedes donde el Papa Francisco tendr\u00e1 actividades p\u00fablicas durante su pr\u00f3xima visita a M\u00e9xico, con el prop\u00f3sito de apoyar las labores de log\u00edstica de organizadores y de difusi\u00f3n de los medios de comunicaci\u00f3n que dar\u00e1n cobertura al evento.<\/p>\n","protected":false},"author":3,"featured_media":255538,"comment_status":"open","ping_status":"open","sticky":false,"template":"","format":"standard","meta":{"_monsterinsights_skip_tracking":false,"_monsterinsights_sitenote_active":false,"_monsterinsights_sitenote_note":"","_monsterinsights_sitenote_category":0,"footnotes":""},"categories":[3],"tags":[27237,18394,29873],"class_list":["post-255430","post","type-post","status-publish","format-standard","has-post-thumbnail","hentry","category-nacional","tag-francisco","tag-infraestructura","tag-papa"],"_links":{"self":[{"href":"https:\/\/www.diarioimagen.net\/index.php?rest_route=\/wp\/v2\/posts\/255430","targetHints":{"allow":["GET"]}}],"collection":[{"href":"https:\/\/www.diarioimagen.net\/index.php?rest_route=\/wp\/v2\/posts"}],"about":[{"href":"https:\/\/www.diarioimagen.net\/index.php?rest_route=\/wp\/v2\/types\/post"}],"author":[{"embeddable":true,"href":"https:\/\/www.diarioimagen.net\/index.php?rest_route=\/wp\/v2\/users\/3"}],"replies":[{"embeddable":true,"href":"https:\/\/www.diarioimagen.net\/index.php?rest_route=%2Fwp%2Fv2%2Fcomments&post=255430"}],"version-history":[{"count":0,"href":"https:\/\/www.diarioimagen.net\/index.php?rest_route=\/wp\/v2\/posts\/255430\/revisions"}],"wp:featuredmedia":[{"embeddable":true,"href":"https:\/\/www.diarioimagen.net\/index.php?rest_route=\/wp\/v2\/media\/255538"}],"wp:attachment":[{"href":"https:\/\/www.diarioimagen.net\/index.php?rest_route=%2Fwp%2Fv2%2Fmedia&parent=255430"}],"wp:term":[{"taxonomy":"category","embeddable":true,"href":"https:\/\/www.diarioimagen.net\/index.php?rest_route=%2Fwp%2Fv2%2Fcategories&post=255430"},{"taxonomy":"post_tag","embeddable":true,"href":"https:\/\/www.diarioimagen.net\/index.php?rest_route=%2Fwp%2Fv2%2Ftags&post=255430"}],"curies":[{"name":"wp","href":"https:\/\/api.w.org\/{rel}","templated":true}]}}