{"id":255450,"date":"2016-02-12T00:07:34","date_gmt":"2016-02-12T06:07:34","guid":{"rendered":"http:\/\/www.diarioimagen.net\/?p=255450"},"modified":"2016-02-12T04:09:46","modified_gmt":"2016-02-12T10:09:46","slug":"ecatepec-aplicara-operativo-de-limpieza-por-visita-del-papa","status":"publish","type":"post","link":"https:\/\/www.diarioimagen.net\/?p=255450","title":{"rendered":"Ecatepec aplicar\u00e1 operativo de limpieza por visita del Papa"},"content":{"rendered":"<p><a href=\"http:\/\/www.diarioimagen.net\/?attachment_id=255508\" rel=\"attachment wp-att-255508\"><img loading=\"lazy\" decoding=\"async\" class=\"aligncenter size-large wp-image-255508\" src=\"http:\/\/www.diarioimagen.net\/wp-content\/uploads\/2016\/02\/ecatepec-2803-420x236.jpg\" alt=\"ecatepec-2803\" width=\"420\" height=\"236\" srcset=\"https:\/\/www.diarioimagen.net\/wp-content\/uploads\/2016\/02\/ecatepec-2803-420x236.jpg 420w, https:\/\/www.diarioimagen.net\/wp-content\/uploads\/2016\/02\/ecatepec-2803-240x135.jpg 240w, https:\/\/www.diarioimagen.net\/wp-content\/uploads\/2016\/02\/ecatepec-2803-235x132.jpg 235w, https:\/\/www.diarioimagen.net\/wp-content\/uploads\/2016\/02\/ecatepec-2803-202x114.jpg 202w, https:\/\/www.diarioimagen.net\/wp-content\/uploads\/2016\/02\/ecatepec-2803-350x196.jpg 350w, https:\/\/www.diarioimagen.net\/wp-content\/uploads\/2016\/02\/ecatepec-2803-220x123.jpg 220w, https:\/\/www.diarioimagen.net\/wp-content\/uploads\/2016\/02\/ecatepec-2803-237x132.jpg 237w, https:\/\/www.diarioimagen.net\/wp-content\/uploads\/2016\/02\/ecatepec-2803.jpg 480w\" sizes=\"auto, (max-width: 420px) 100vw, 420px\" \/><\/a><\/p>\n<p>&nbsp;<\/p>\n<p><strong>Ecatepec, Estado de M\u00e9xico.- <\/strong>El gobierno municipal de Ecatepec inform\u00f3 que los pr\u00f3ximos d\u00edas 13, 14 y 15 de febrero aplicar\u00e1 un programa de limpieza y recolecci\u00f3n de desechos, que comenzar\u00e1 antes de la llegada del Papa Francisco y se mantendr\u00e1 hasta despu\u00e9s de la misa y retiro total de los visitantes.<\/p>\n<p>El alcalde Indalecio R\u00edos Vel\u00e1zquez estim\u00f3 que podr\u00edan acumularse unas 600 toneladas de basura, las cuales ser\u00e1n trasladadas al vertedero municipal, ubicado en el pueblo de San Isidro Atlautenco. Se\u00f1al\u00f3 que a trav\u00e9s de la Direcci\u00f3n de Infraestructura, 600 trabajadores de Limpia y m\u00e1s de 100 camiones recolectores estar\u00e1n encargados de acopiar la basura y mantener el aseo donde se realizar\u00e1 la ceremonia eucar\u00edstica y el recorrido de 8.8 kil\u00f3metros que har\u00e1 el Papa.<\/p>\n","protected":false},"excerpt":{"rendered":"<p>El gobierno municipal de Ecatepec inform\u00f3 que los pr\u00f3ximos d\u00edas 13, 14 y 15 de febrero aplicar\u00e1 un programa de limpieza y recolecci\u00f3n de desechos, que comenzar\u00e1 antes de la llegada del Papa Francisco y se mantendr\u00e1 hasta despu\u00e9s de la misa y retiro total de los visitantes.<\/p>\n","protected":false},"author":3,"featured_media":255508,"comment_status":"open","ping_status":"open","sticky":false,"template":"","format":"standard","meta":{"_monsterinsights_skip_tracking":false,"_monsterinsights_sitenote_active":false,"_monsterinsights_sitenote_note":"","_monsterinsights_sitenote_category":0,"footnotes":""},"categories":[35155],"tags":[18179,454,43675,27237,47164,2007,29873],"class_list":["post-255450","post","type-post","status-publish","format-standard","has-post-thumbnail","hentry","category-estado-de-mexico-estado-de-mexico","tag-basura","tag-ecatepec","tag-estado-de-mexico","tag-francisco","tag-indalecio-rios-velazquez","tag-limpieza","tag-papa"],"_links":{"self":[{"href":"https:\/\/www.diarioimagen.net\/index.php?rest_route=\/wp\/v2\/posts\/255450","targetHints":{"allow":["GET"]}}],"collection":[{"href":"https:\/\/www.diarioimagen.net\/index.php?rest_route=\/wp\/v2\/posts"}],"about":[{"href":"https:\/\/www.diarioimagen.net\/index.php?rest_route=\/wp\/v2\/types\/post"}],"author":[{"embeddable":true,"href":"https:\/\/www.diarioimagen.net\/index.php?rest_route=\/wp\/v2\/users\/3"}],"replies":[{"embeddable":true,"href":"https:\/\/www.diarioimagen.net\/index.php?rest_route=%2Fwp%2Fv2%2Fcomments&post=255450"}],"version-history":[{"count":0,"href":"https:\/\/www.diarioimagen.net\/index.php?rest_route=\/wp\/v2\/posts\/255450\/revisions"}],"wp:featuredmedia":[{"embeddable":true,"href":"https:\/\/www.diarioimagen.net\/index.php?rest_route=\/wp\/v2\/media\/255508"}],"wp:attachment":[{"href":"https:\/\/www.diarioimagen.net\/index.php?rest_route=%2Fwp%2Fv2%2Fmedia&parent=255450"}],"wp:term":[{"taxonomy":"category","embeddable":true,"href":"https:\/\/www.diarioimagen.net\/index.php?rest_route=%2Fwp%2Fv2%2Fcategories&post=255450"},{"taxonomy":"post_tag","embeddable":true,"href":"https:\/\/www.diarioimagen.net\/index.php?rest_route=%2Fwp%2Fv2%2Ftags&post=255450"}],"curies":[{"name":"wp","href":"https:\/\/api.w.org\/{rel}","templated":true}]}}