{"id":255483,"date":"2016-02-12T00:09:33","date_gmt":"2016-02-12T06:09:33","guid":{"rendered":"http:\/\/www.diarioimagen.net\/?p=255483"},"modified":"2016-02-12T05:08:26","modified_gmt":"2016-02-12T11:08:26","slug":"el-bronco-un-inepto-javier-duarte-se-debe-ir-diputados","status":"publish","type":"post","link":"https:\/\/www.diarioimagen.net\/?p=255483","title":{"rendered":"\u201cEl Bronco\u201d, un inepto; Javier Duarte se debe ir: diputados"},"content":{"rendered":"<h2>Tras la puerta del poder<\/h2>\n<h5>Roberto Vizca\u00edno<\/h5>\n<p>&nbsp;<\/p>\n<ul>\n<li><strong><em>Los legisladores exigieron un deslinde en el cual la CNDH defina responsabilidades<\/em><\/strong><\/li>\n<li><strong><em>Los panistas exigieron que \u201cEl Bronco\u201d deje de andar en campa\u00f1a y se dedique a trabajar<\/em><\/strong><\/li>\n<li><strong><em>El otro reclamo fue el de la renuncia del gobernador veracruzano y el env\u00edo de un Comisionado al estado<\/em><\/strong><\/li>\n<\/ul>\n<p>&nbsp;<\/p>\n<div id=\"attachment_255572\" style=\"width: 430px\" class=\"wp-caption aligncenter\"><a href=\"http:\/\/www.diarioimagen.net\/?attachment_id=255572\" rel=\"attachment wp-att-255572\"><img loading=\"lazy\" decoding=\"async\" aria-describedby=\"caption-attachment-255572\" class=\"size-large wp-image-255572\" src=\"http:\/\/www.diarioimagen.net\/wp-content\/uploads\/2016\/02\/las-broncas-del-bronco-MARAL-2803-420x188.jpg\" alt=\"Las broncas del Bronco... | Maral\" width=\"420\" height=\"188\" srcset=\"https:\/\/www.diarioimagen.net\/wp-content\/uploads\/2016\/02\/las-broncas-del-bronco-MARAL-2803-420x188.jpg 420w, https:\/\/www.diarioimagen.net\/wp-content\/uploads\/2016\/02\/las-broncas-del-bronco-MARAL-2803-240x107.jpg 240w, https:\/\/www.diarioimagen.net\/wp-content\/uploads\/2016\/02\/las-broncas-del-bronco-MARAL-2803-768x343.jpg 768w, https:\/\/www.diarioimagen.net\/wp-content\/uploads\/2016\/02\/las-broncas-del-bronco-MARAL-2803.jpg 1200w\" sizes=\"auto, (max-width: 420px) 100vw, 420px\" \/><\/a><p id=\"caption-attachment-255572\" class=\"wp-caption-text\">Las broncas del Bronco&#8230; | Maral<\/p><\/div>\n<p>&nbsp;<\/p>\n<p>Sin grandes asuntos que tratar, la sesi\u00f3n de la C\u00e1mara de Diputados se desbord\u00f3 ayer en los dos grandes temas del momento:<\/p>\n<p>Respecto del primer tema, el que ocup\u00f3 los espacios y tiempos m\u00e1s importantes de los medios informativos aun por sobre las noticias derivadas de la visita del Papa Francisco, el que dio cuenta puntual del enfrentamiento de grupos rivales en el Penal de \u201c<em>Topo Chico\u201d<\/em>, en Nuevo Le\u00f3n, con un saldo de 49 muertos y una docena de heridos graves, diputados de todas las fracciones coincidieron en responsabilizar al gobernador Jaime Rodr\u00edguez Calder\u00f3n, mejor conocido como \u201cEl Bronco\u201d.<\/p>\n<p>En cuanto al segundo: el de la profunda descomposici\u00f3n social, econ\u00f3mica y pol\u00edtica de Veracruz, una mayor\u00eda exigi\u00f3 la renuncia del gobernador Javier Duarte as\u00ed como el env\u00edo inmediato por parte del\u00a0 presidente Enrique Pe\u00f1a Nieto de un Comisionado para la Seguridad y la Reconciliaci\u00f3n en el estado, as\u00ed como la integraci\u00f3n de una Comisi\u00f3n de la Verdad que determine si la constante violaci\u00f3n de derechos humanos durante la administraci\u00f3n del mandatario saliente corresponde a una pol\u00edtica dictada desde la oficina del gobernador.<\/p>\n<p>En diferentes intervenciones desde la tribuna y en entrevistas o conferencias de prensa, coordinadores parlamentarios de todas las fracciones y diputados en lo particular, reiteraron que el estallido de la violencia ocurrido en \u201c<em>Topo Chico<\/em>\u201d era m\u00e1s que previsible.<\/p>\n<p>El propio presidente de la C\u00e1mara de Diputados, el perredista Jes\u00fas Zambrano sintetiz\u00f3 lo ocurrido en el m\u00e1s popular penal de Nuevo Le\u00f3n con una palabra: espeluznante.<\/p>\n<p>Indic\u00f3 que para nadie en M\u00e9xico y fuera de \u00e9l, hay dudas de que gran parte de las c\u00e1rceles mexicanas, y en especial esas como la de \u201cTopo Chico\u201d son terrenos bajo el dominio de la delincuencia organizada y sus diferentes grupos, algunos mucho m\u00e1s que encontrados entre ellos.<\/p>\n<p>Sabi\u00e9ndolo, dijo, es evidente que hubo m\u00e1s que una excesiva confianza en el gobernador Jaime Rodr\u00edguez Calder\u00f3n respecto de lo que pod\u00eda ocurrir a interior de este penal.<\/p>\n<p>Para Marko Cort\u00e9s, coordinador de los diputados del PAN, no\u00a0 hay duda: el responsable directo de lo acontecido en \u201cTopo Chico\u201d es del gobernador Jaime Rodr\u00edguez Calder\u00f3n, \u201cEl Bronco\u201d.<\/p>\n<p>\u201c\u00c9l es el responsable de esta tragedia que dej\u00f3 49 muertos\u2026 es responsable porque ya hab\u00eda antecedentes de hechos de violencia en ese penal, entre esos grupos, y no se tomaron las medidas adecuadas para impedirlo.<\/p>\n<p>Consider\u00f3 que \u201cEl Bronco\u201d es doblemente responsable, porque en lugar de gobernar y atender las cosas de su estado, anda apoyando campa\u00f1as de otros candidatos independientes por todo el pa\u00eds.<\/p>\n<p>\u201cEs necesario que deje de andar haciendo lo que hace y que se dedique a trabajar en Nuevo Le\u00f3n\u201d.<\/p>\n<p>Record\u00f3 que apenas hace unos meses hubo otro mot\u00edn similar en el penal de Cadereyta con un saldo de m\u00e1s de 40 muertos y lesionados lo cual deriv\u00f3 en recomendaciones de la Comisi\u00f3n Nacional de Derechos Humanos.<\/p>\n<p>\u201cLa Verdad es que le ha quedado muy grande el saco y el cargo a Rodr\u00edguez Calder\u00f3n\u201d, afirm\u00f3 el coordinador blanquiazul.<\/p>\n<p style=\"text-align: center;\"><strong>NECESARIO UN DESLINDE<\/strong><\/p>\n<p>Para los diputados del PRI, lo ocurrido en \u201cTopo Chico\u201d \u201crequiere un deslinde puntual de responsabilidades y que se d\u00e9 parte y forme tambi\u00e9n parte de las investigaciones la Comisi\u00f3n Nacional de los Derechos Humanos\u201d.<\/p>\n<p>Al hablar a nombre de su grupo parlamentario, el vicecoordinador y vocero de los pri\u00edstas, el yucateco Jorge Carlos Ram\u00edrez Mar\u00edn, dijo que lo que es claro es que existe una responsabilidad ineludible del gobernador Rodr\u00edguez Calder\u00f3n.<\/p>\n<p>\u201cYo creo que parte de su responsabilidad, sin duda, son los penales del estado, independientemente de qui\u00e9nes sean los presos que est\u00e1n dentro.<\/p>\n<p>\u201cPor eso hemos pedido un deslinde puntual de responsabilidades porque lo que suele pasar cuando ocurre este tipo de tragedias es que todos vemos a quien apuntar con el dedo. Lo urgente aqu\u00ed es deslindar responsabilidades y no solamente aprovechar el momento para hacer pronunciamientos pol\u00edticos\u201d.<\/p>\n<p>Dijo que en este caso no es un tema presupuestal.<\/p>\n<p>\u201cEs un tema de organizaci\u00f3n. Son muchos los penales en los que conviven estos tipos de reos en condiciones en las que pueden efectivamente asegurarse que van a cumplir su condena sin que se violen los derechos humanos sin que ocurran este tipo de motines\u201d, precis\u00f3.<\/p>\n<p style=\"text-align: center;\"><strong>COMISIONADO PARA VERACRUZ<\/strong><\/p>\n<p>En cuando a la profunda descomposici\u00f3n que enfrenta hoy Veracruz, la oposici\u00f3n en San L\u00e1zaro le exigi\u00f3 ayer al presidente Enrique Pe\u00f1a Nieto el env\u00edo urgente de un Comisionado para la Seguridad y\u00a0 la Recomposici\u00f3n Social, Pol\u00edtica y Econ\u00f3mica del estado.<\/p>\n<p>Esta exigencia la inici\u00f3 el diputado Gonzalo Gu\u00edzar Valladares, presidente de la Comisi\u00f3n de Asuntos Migratorios, quien -desde su curul-, advirti\u00f3 que el clima de violencia y barbarie delincuencial ha rebasado ya al gobierno de Javier Duarte de Ochoa.<\/p>\n<p>Consider\u00f3 que el asesinato de la periodista Anabel Flores Salazar y la ejecuci\u00f3n e incineraci\u00f3n de los 5 j\u00f3venes levantados por polic\u00edas estatales, son ya apenas la punta de una situaci\u00f3n ya insostenible para los veracruzanos.<\/p>\n<p>Gu\u00edzar consider\u00f3 que en forma colateral al env\u00edo de un Comisionado que releve urgentemente en sus funciones al gobernador Javier Duarte, dirigentes pol\u00edticos, candidatos que participar\u00e1n en el proceso electoral de junio de este a\u00f1o y personajes de la sociedad civil, as\u00ed como organizaciones estatales, nacionales e internacionales, deben participar en la integraci\u00f3n de una Comisi\u00f3n de la Verdad para Veracruz<\/p>\n<p>El desastre en que ha sumido a Veracruz el gobernador Javier Duarte, con profundas afectaciones a los Derechos Humanos y el evidente desv\u00edo o mal uso de los recursos p\u00fablicos, requerir\u00e1 de esta Comisi\u00f3n, dijo, para recomponer no s\u00f3lo el tejido social, sino para iniciar la reconciliaci\u00f3n en la entidad.<\/p>\n<p>Este llamado lo reiter\u00f3 minutos despu\u00e9s el diputado Virgilio Caballero, quien a nombre de la fracci\u00f3n de Morena, repudi\u00f3 el secuestro y ejecuci\u00f3n de la periodista Anabel Flores Salazar y pidi\u00f3 no criminalizar el ejercicio period\u00edstico en Veracruz.<\/p>\n<p>Junto con este llamado los diputados de Morena desplegaron en la tribuna de San L\u00e1zaro las fotos de 19 periodistas asesinados en lo que va del sexenio de Duarte.<\/p>\n<p>\u201cLleg\u00f3 el momento de que act\u00fae como Jefe de Estado ante la crisis de Veracruz, y deje de operar como \u2018tapadera\u2019 del gobernador Javier Duarte, aunque sea de su mismo partido\u2026<\/p>\n<p>\u201cCreemos que el secretario de Gobernaci\u00f3n Miguel \u00c1ngel Osorio Chong, debe responder formalmente a la exigencia de que se declare a Veracruz en situaci\u00f3n de emergencia ante la crisis de inseguridad que viven los m\u00e1s de 7 y medio millones de veracruzanos\u2026<\/p>\n<p>\u201cAnte este contexto de amenazas, persecuci\u00f3n, asesinato de periodistas, violaci\u00f3n de derechos humanos y una acci\u00f3n sistem\u00e1tica para eliminar a periodistas de forma impune y solapada por el gobierno de Duarte, exigimos una respuesta inmediata del presidente Pe\u00f1a Nieto&#8230;<\/p>\n<p>\u201cCriminalizar a los compa\u00f1eros asesinados es una estrategia realmente cobarde por parte de quienes est\u00e1n obligados a investigar y no a fabricar pruebas en contra de quienes no pueden rebatir las calumnias de este mal gobierno.<\/p>\n<p>\u201cExigimos que pare esta est\u00fapida masacre que han ejecutado en contra del periodismo en Veracruz de parte de este desgobierno. Que paren esta pesadilla que todos ustedes est\u00e1n provocando en toda la entidad veracruzana\u201d, subray\u00f3 Caballero.<\/p>\n<p>Sobre el mismo tema, el panista Jorge L\u00f3pez Mart\u00edn indic\u00f3 que \u201choy Javier Duarte se ha convertido en el \u2018enemigo p\u00fablico n\u00famero 1\u2019 de los comunicadores. No debemos acostumbrarnos a la violencia ni permitir que los periodistas sean perseguidos y hostigados por los gobernantes\u2026<\/p>\n<p>\u201cHacemos un llamado al secretario de Gobernaci\u00f3n, Miguel \u00c1ngel Osorio Chong para que\u00a0 en su calidad de Jefe del gabinete presidencial intervenga y ponga orden en Veracruz\u201d.<\/p>\n<p>La diputada blanquiazul Mar\u00eda Ver\u00f3nica Ag\u00fandiz Estrada, quien dijo haber trabajado en la radio y televisi\u00f3n como conductora, expres\u00f3 a nombre de su fracci\u00f3n la solidaridad de los legisladores hacia los familiares de Anabel Flores y de los de todos los periodistas que han sido ejecutados y secuestrados durante el gobierno de Javier Duarte.<\/p>\n<p>Pronunciamientos similares fueron hechos por los diputados del PRD y de Movimiento Ciudadano.<\/p>\n<p><em><a href=\"mailto:rvizcainoa@gmail.com\" target=\"_blank\">vizcainoa@gmail.com<\/a><\/em><br \/>\n<em><a href=\"http:\/\/www.endirecto.com.mx\/\" target=\"_blank\">www.endirecto.com.mx<\/a><\/em><br \/>\n<em><a href=\"https:\/\/twitter.com\/_rvizcaino\" target=\"_blank\">@_RVizcaino<\/a><\/em><br \/>\n<a href=\"https:\/\/www.facebook.com\/rvizcainoa\" target=\"_blank\">f<em>acebook.com\/rvizcainoa<\/em><\/a><\/p>\n","protected":false},"excerpt":{"rendered":"<p><span style=\"color: #005497;\"><strong>Roberto Vizca\u00edno<\/strong><\/span><br \/>\n<br \/>\nSin grandes asuntos que tratar, la sesi\u00f3n de la C\u00e1mara de Diputados se desbord\u00f3 ayer en los dos grandes temas del momento: Respecto del primer tema, el que ocup\u00f3 los espacios y tiempos m\u00e1s importantes de los medios informativos aun por sobre las noticias derivadas de la visita del Papa Francisco, el que dio cuenta puntual del enfrentamiento de grupos rivales en el Penal de \u201c<em>Topo Chico\u201d<\/em>, en Nuevo Le\u00f3n, con un saldo de 49 muertos y una docena de heridos graves, diputados de todas las fracciones coincidieron en responsabilizar al gobernador Jaime Rodr\u00edguez Calder\u00f3n, mejor conocido como \u201cEl Bronco\u201d.<\/p>\n","protected":false},"author":3,"featured_media":255572,"comment_status":"open","ping_status":"open","sticky":false,"template":"","format":"standard","meta":{"_monsterinsights_skip_tracking":false,"_monsterinsights_sitenote_active":false,"_monsterinsights_sitenote_note":"","_monsterinsights_sitenote_category":0,"footnotes":""},"categories":[136],"tags":[43674,93,94],"class_list":["post-255483","post","type-post","status-publish","format-standard","has-post-thumbnail","hentry","category-roberto-vizcaino-opinion","tag-opinion","tag-roberto-vizcaino","tag-tras-la-puerta-del-poder"],"_links":{"self":[{"href":"https:\/\/www.diarioimagen.net\/index.php?rest_route=\/wp\/v2\/posts\/255483","targetHints":{"allow":["GET"]}}],"collection":[{"href":"https:\/\/www.diarioimagen.net\/index.php?rest_route=\/wp\/v2\/posts"}],"about":[{"href":"https:\/\/www.diarioimagen.net\/index.php?rest_route=\/wp\/v2\/types\/post"}],"author":[{"embeddable":true,"href":"https:\/\/www.diarioimagen.net\/index.php?rest_route=\/wp\/v2\/users\/3"}],"replies":[{"embeddable":true,"href":"https:\/\/www.diarioimagen.net\/index.php?rest_route=%2Fwp%2Fv2%2Fcomments&post=255483"}],"version-history":[{"count":0,"href":"https:\/\/www.diarioimagen.net\/index.php?rest_route=\/wp\/v2\/posts\/255483\/revisions"}],"wp:featuredmedia":[{"embeddable":true,"href":"https:\/\/www.diarioimagen.net\/index.php?rest_route=\/wp\/v2\/media\/255572"}],"wp:attachment":[{"href":"https:\/\/www.diarioimagen.net\/index.php?rest_route=%2Fwp%2Fv2%2Fmedia&parent=255483"}],"wp:term":[{"taxonomy":"category","embeddable":true,"href":"https:\/\/www.diarioimagen.net\/index.php?rest_route=%2Fwp%2Fv2%2Fcategories&post=255483"},{"taxonomy":"post_tag","embeddable":true,"href":"https:\/\/www.diarioimagen.net\/index.php?rest_route=%2Fwp%2Fv2%2Ftags&post=255483"}],"curies":[{"name":"wp","href":"https:\/\/api.w.org\/{rel}","templated":true}]}}