{"id":255513,"date":"2016-02-12T00:10:09","date_gmt":"2016-02-12T06:10:09","guid":{"rendered":"http:\/\/www.diarioimagen.net\/?p=255513"},"modified":"2016-02-12T05:09:51","modified_gmt":"2016-02-12T11:09:51","slug":"no-nos-reponemos-del-descalabro-petrolero","status":"publish","type":"post","link":"https:\/\/www.diarioimagen.net\/?p=255513","title":{"rendered":"No nos reponemos del descalabro petrolero"},"content":{"rendered":"<h2>Poder y dinero<\/h2>\n<h5>V\u00edctor S\u00e1nchez Ba\u00f1os<\/h5>\n<p>&nbsp;<\/p>\n<p style=\"text-align: right;\"><em>El \u00fanico elemento que puede sustituir la dependencia del pasado es la dependencia del futuro.<\/em><br \/>\n<em> <strong>John Dos Passos (1896-1970) Novelista y periodista estadounidense.<\/strong><\/em><\/p>\n<p>&nbsp;<\/p>\n<div id=\"attachment_255576\" style=\"width: 430px\" class=\"wp-caption aligncenter\"><a href=\"http:\/\/www.diarioimagen.net\/?attachment_id=255576\" rel=\"attachment wp-att-255576\"><img loading=\"lazy\" decoding=\"async\" aria-describedby=\"caption-attachment-255576\" class=\"size-large wp-image-255576\" src=\"http:\/\/www.diarioimagen.net\/wp-content\/uploads\/2016\/02\/sin-llenadero-RAMON-2803-420x324.jpg\" alt=\"Sin llenadero... | Ram\u00f3n\" width=\"420\" height=\"324\" srcset=\"https:\/\/www.diarioimagen.net\/wp-content\/uploads\/2016\/02\/sin-llenadero-RAMON-2803-420x324.jpg 420w, https:\/\/www.diarioimagen.net\/wp-content\/uploads\/2016\/02\/sin-llenadero-RAMON-2803-240x185.jpg 240w, https:\/\/www.diarioimagen.net\/wp-content\/uploads\/2016\/02\/sin-llenadero-RAMON-2803-768x592.jpg 768w, https:\/\/www.diarioimagen.net\/wp-content\/uploads\/2016\/02\/sin-llenadero-RAMON-2803.jpg 1200w\" sizes=\"auto, (max-width: 420px) 100vw, 420px\" \/><\/a><p id=\"caption-attachment-255576\" class=\"wp-caption-text\">Sin llenadero&#8230; | Ram\u00f3n<\/p><\/div>\n<p>&nbsp;<\/p>\n<p>El 2015 fue desastroso en materia econ\u00f3mica. La ca\u00edda en el precio del petr\u00f3leo oblig\u00f3 al gobierno federal el mantener una pol\u00edtica de recortes presupuestales en materialmente todas las \u00e1reas administrativas del pa\u00eds.<\/p>\n<p>No se escaparon ni los sectores de salud, educaci\u00f3n, seguridad y la petrolera Pemex.<\/p>\n<p>La dependencia del petr\u00f3leo era similar a una adicci\u00f3n. No era posible dejar de vivir de los ingresos petroleros, desde la administraci\u00f3n de Jos\u00e9 L\u00f3pez Portillo en la que los pol\u00edticos enloquecieron al darse cuenta que el pa\u00eds era un actor importante en el mundo petrolero, por sus enormes reservar comprobadas que hab\u00eda en los ochentas.<\/p>\n<p>Al paso del tiempo, esto se termin\u00f3. Lo que ten\u00edamos a flor de tierra ya casi no existe. S\u00f3lo hay crudo en las profundidades del mar o en cavernas muy profundas en tierra envuelta en c\u00e1psulas p\u00e9treas lo que obliga a usar tecnolog\u00eda muy costosa para obtener un barril.<\/p>\n<p>Las secuelas del despilfarro en los gobiernos pasados, hasta el de Felipe Calder\u00f3n, se aprecian ahora con intensidad. El gobierno, lo que es correcto, ahora recurre a la pol\u00edtica fiscal. Con un sentido recaudatorio, como es la obligaci\u00f3n del SAT bajo el manejo de Arist\u00f3teles N\u00fa\u00f1ez S\u00e1nchez, busca que la administraci\u00f3n p\u00fablica sea autosuficiente.<\/p>\n<p>La \u00fanica manera es disminuyendo los gastos y sacrificar muchos programas de gobierno lo que afecta socialmente a millones de mexicanos.<\/p>\n<p>Desafortunadamente, para los gobiernos adictos al petr\u00f3leo, cuando el precio se desploma o sus reservas disminuyen, el trauma es contundente. Esto es lo que vivimos. El gobierno no estimul\u00f3 el desarrollo de cadenas productivas que sirvieran de motor del empleo y, por ende, de bienestar generalizado.<\/p>\n<p>El secretario de Hacienda, Luis Videgaray anunci\u00f3 m\u00e1s recortes presupuestales para el 2017, lo que significa que se prev\u00e9 que las condiciones econ\u00f3micas dif\u00edcilmente mejorar\u00e1n al mediano plazo.<\/p>\n<p><strong>PODEROSOS CABALEROS<\/strong>.- La casa est\u00e1 limpia. Hoy viernes, por la noche, llega el Papa Francisco y todo, absolutamente todo, est\u00e1 preparado. Seguridad, log\u00edstica, comunidades cat\u00f3licas y otras \u00e1reas, fueron revisadas a conciencia. Estado Mayor Presidencial, los gobiernos de Michoac\u00e1n, Estado de M\u00e9xico, Ciudad de M\u00e9xico y Chihuahua, as\u00ed como las diversas organizaciones religiosas cat\u00f3licas, se reportaron \u201clistas\u201d. La visita de Francisco, es importante no solo desde el punto de vista religioso, sino en lo pol\u00edtico. El l\u00edder del Estado Vaticano, ante la previsi\u00f3n de acercamiento de su grey, necesita seguridad y ello, en estos momentos, est\u00e1 asegurado. Como la chica del servicio, ante la llegada del patr\u00f3n, limpia la casa y deja la basura, especialmente el polvo, bajo la alfombra. *** El mot\u00edn en el penal de Topo Chico, dej\u00f3 al menos 52 muertos. Las dudas sobre lo ocurrido y el manejo de las autoridades estatales encabezadas por Jaime Rodr\u00edguez, El Bronco, quien asegur\u00f3 que no se no se usaron armas de fuego. \u00bfAcaso no tiene servicios de inteligencia dentro de la prisi\u00f3n? En ese penal, donde se film\u00f3 la pel\u00edcula \u201cPresunto Culpable\u201d es c\u00e9lebre por tener presos a l\u00edderes de bandas de narcotraficantes y m\u00e1s de 600 mujeres que denuncian constantemente \u201cesclavitud sexual\u201d. Una bomba de tiempo que estall\u00f3 en manos de El Bronco. *** El SAP Forum M\u00e9xico, el evento de negocios y tecnolog\u00eda m\u00e1s grande en Latinoam\u00e9rica, recibir\u00e1 por primera vez, la visita y patrocinio de ROFF, l\u00edder en el mercado portugu\u00e9s de soluciones tecnol\u00f3gicas. Francisco Febrero, CEO de la compa\u00f1\u00eda, quien hablar\u00e1 sobre los temas \u00abMovilidad y Transformaci\u00f3n Digital \u00bb y \u00abPresente y Futuro de HCM\u00bb. ROFF cuenta con oficinas en 9 ciudades en el mundo y proyectos en 48 pa\u00edses diferentes. Sus ventas consolidadas llegaron a los 65 millones de Euros durante el 2014, y tiene m\u00e1s de 850 consultores.<\/p>\n<p><strong>RESPONSABILIDAD SOCIAL CORPORATIVA<\/strong>.- Ahora Henkel forma parte del \u00cdndice Mundial de las Empresas m\u00e1s Sustentables (Global 100 Index), categorizada como empresa Gold por EcoVadis y recibi\u00f3 el RobecoSAM\u2019s Silver Class Award. Bajo el liderazgo en materia de sustentabilidad, Uwe Bergmann, fue seleccionada entre m\u00e1s de 4,600 compa\u00f1\u00edas con una capitalizaci\u00f3n de mercado mayor a los dos mil millones de d\u00f3lares. La agencia internacional EcoVadis audit\u00f3 os esfuerzos de Henkel en materia de sustentabilidad y logr\u00f3 el reconocimiento del Gold Recognition Level por su responsabilidad social corporativa. Para el 2030, Henkel pretende disminuir la huella de carbono producida por sus operaciones, productos y servicios.<\/p>\n<p><a href=\"mailto:vsanchezb@gmail.com\" target=\"_blank\"><em>vsanchezb@gmail.com<\/em><\/a><\/p>\n<p><em>Twitter, Facebook y Printerest:<strong> vsanchezbano<\/strong><\/em><\/p>\n","protected":false},"excerpt":{"rendered":"<p><span style=\"color: #005497;\"><strong>V\u00edctor S\u00e1nchez Ba\u00f1os<\/strong><\/span><br \/>\n<br \/>\nEl 2015 fue desastroso en materia econ\u00f3mica. La ca\u00edda en el precio del petr\u00f3leo oblig\u00f3 al gobierno federal el mantener una pol\u00edtica de recortes presupuestales en materialmente todas las \u00e1reas administrativas del pa\u00eds.<\/p>\n","protected":false},"author":3,"featured_media":255576,"comment_status":"open","ping_status":"open","sticky":false,"template":"","format":"standard","meta":{"_monsterinsights_skip_tracking":false,"_monsterinsights_sitenote_active":false,"_monsterinsights_sitenote_note":"","_monsterinsights_sitenote_category":0,"footnotes":""},"categories":[38844],"tags":[43674,38847,38848],"class_list":["post-255513","post","type-post","status-publish","format-standard","has-post-thumbnail","hentry","category-victor-sanchez-banos","tag-opinion","tag-poder-y-dinero","tag-victor-sanchez-banos"],"_links":{"self":[{"href":"https:\/\/www.diarioimagen.net\/index.php?rest_route=\/wp\/v2\/posts\/255513","targetHints":{"allow":["GET"]}}],"collection":[{"href":"https:\/\/www.diarioimagen.net\/index.php?rest_route=\/wp\/v2\/posts"}],"about":[{"href":"https:\/\/www.diarioimagen.net\/index.php?rest_route=\/wp\/v2\/types\/post"}],"author":[{"embeddable":true,"href":"https:\/\/www.diarioimagen.net\/index.php?rest_route=\/wp\/v2\/users\/3"}],"replies":[{"embeddable":true,"href":"https:\/\/www.diarioimagen.net\/index.php?rest_route=%2Fwp%2Fv2%2Fcomments&post=255513"}],"version-history":[{"count":0,"href":"https:\/\/www.diarioimagen.net\/index.php?rest_route=\/wp\/v2\/posts\/255513\/revisions"}],"wp:featuredmedia":[{"embeddable":true,"href":"https:\/\/www.diarioimagen.net\/index.php?rest_route=\/wp\/v2\/media\/255576"}],"wp:attachment":[{"href":"https:\/\/www.diarioimagen.net\/index.php?rest_route=%2Fwp%2Fv2%2Fmedia&parent=255513"}],"wp:term":[{"taxonomy":"category","embeddable":true,"href":"https:\/\/www.diarioimagen.net\/index.php?rest_route=%2Fwp%2Fv2%2Fcategories&post=255513"},{"taxonomy":"post_tag","embeddable":true,"href":"https:\/\/www.diarioimagen.net\/index.php?rest_route=%2Fwp%2Fv2%2Ftags&post=255513"}],"curies":[{"name":"wp","href":"https:\/\/api.w.org\/{rel}","templated":true}]}}