{"id":255612,"date":"2016-02-13T11:00:57","date_gmt":"2016-02-13T17:00:57","guid":{"rendered":"http:\/\/www.diarioimagen.net\/?p=255612"},"modified":"2016-02-15T00:19:21","modified_gmt":"2016-02-15T06:19:21","slug":"bienvenida-a-su-santidad-francisco-mensaje-del-presidente-enrique-pena-nieto","status":"publish","type":"post","link":"https:\/\/www.diarioimagen.net\/?p=255612","title":{"rendered":"Bienvenida a Su Santidad Francisco, mensaje del presidente Enrique Pe\u00f1a Nieto"},"content":{"rendered":"<ul>\n<li><em><strong>\u00abA los gobiernos nos corresponde crear las condiciones para asegurar un piso b\u00e1sico de bienestar a nuestras sociedades, garantizando oportunidades de desarrollo para todos\u00bb: EPN<\/strong><\/em><\/li>\n<\/ul>\n<p>&nbsp;<\/p>\n<div id=\"attachment_255613\" style=\"width: 294px\" class=\"wp-caption alignleft\"><a href=\"http:\/\/www.diarioimagen.net\/?attachment_id=255613\" rel=\"attachment wp-att-255613\"><img loading=\"lazy\" decoding=\"async\" aria-describedby=\"caption-attachment-255613\" class=\" wp-image-255613\" src=\"http:\/\/www.diarioimagen.net\/wp-content\/uploads\/2016\/02\/papa-epn-inner-292x420.jpg\" alt=\"Ante el Presidente Enrique Pe\u00f1a Nieto, Su Santidad el Papa Francisco dijo que a los dirigentes de la vida social, cultural y pol\u00edtica les corresponde de modo especial trabajar para ofrecer a todos los ciudadanos \u201cla oportunidad de ser dignos actores de su propio destino, en su familia y en todos los c\u00edrculos en los que se desarrolla la sociabilidad humana, ayud\u00e1ndoles a un acceso efectivo a los bienes materiales y espirituales indispensables: vivienda adecuada, trabajo digno, alimento, justicia real, seguridad efectiva, un ambiente sano y de paz\u201d.\" width=\"284\" height=\"409\" srcset=\"https:\/\/www.diarioimagen.net\/wp-content\/uploads\/2016\/02\/papa-epn-inner-292x420.jpg 292w, https:\/\/www.diarioimagen.net\/wp-content\/uploads\/2016\/02\/papa-epn-inner-167x240.jpg 167w, https:\/\/www.diarioimagen.net\/wp-content\/uploads\/2016\/02\/papa-epn-inner-768x1105.jpg 768w, https:\/\/www.diarioimagen.net\/wp-content\/uploads\/2016\/02\/papa-epn-inner.jpg 834w\" sizes=\"auto, (max-width: 284px) 100vw, 284px\" \/><\/a><p id=\"caption-attachment-255613\" class=\"wp-caption-text\">Ante el Presidente Enrique Pe\u00f1a Nieto, Su Santidad el Papa Francisco dijo que a los dirigentes de la vida social, cultural y pol\u00edtica les corresponde de modo especial trabajar para ofrecer a todos los ciudadanos \u201cla oportunidad de ser dignos actores de su propio destino, en su familia y en todos los c\u00edrculos en los que se desarrolla la sociabilidad humana, ayud\u00e1ndoles a un acceso efectivo a los bienes materiales y espirituales indispensables: vivienda adecuada, trabajo digno, alimento, justicia real, seguridad efectiva, un ambiente sano y de paz\u201d.<\/p><\/div>\n<p>El Presidente de la Rep\u00fablica, Enrique Pe\u00f1a Nieto, recibi\u00f3 a Su Santidad Francisco en el Palacio Nacional, en nombre de los mexicanos le dio la bienvenida a M\u00e9xico.<\/p>\n<p>\u00abReconocemos al Papa reformador que est\u00e1 llevando a la Iglesia Cat\u00f3lica, al encuentro con la gente.\u00a0Como Jefe de Estado, hoy en Palacio Nacional, el Gobierno de M\u00e9xico reconoce con honores su investidura\u00bb.<\/p>\n<p>Destac\u00f3 que se trata de la primera vez que el Sumo Pont\u00edfice es recibido en el Palacio Nacional. Agreg\u00f3 que la visita del Papa Francisco trasciende el encuentro entre dos Estados; se trata del encuentro de un pueblo con su fe.<\/p>\n<p>Desde la madrugada, en la Plaza de la Constituci\u00f3n, se reunieron miles de personas, familias enteras, que llegaron a expresarle su cari\u00f1o y afecto.<\/p>\n<p style=\"text-align: center;\"><strong>Tiempo de retos<\/strong><\/p>\n<p>El Primer Mandatario enfatiz\u00f3 que el Pontificado del Papa Francisco ha llegado en un momento importante y complejo para el mundo.<\/p>\n<p>\u00abEs un tiempo de grandes retos. La humanidad experimenta m\u00faltiples y acelerados cambios: cambios que abren oportunidades, pero tambi\u00e9n, cambios que provocan dudas e incertidumbre.<\/p>\n<p>Estamos en una era, en que se podr\u00eda alimentar a toda la poblaci\u00f3n mundial y sin embargo, millones de personas a\u00fan padecen y mueren de hambre.<\/p>\n<p>Los avances en la ciencia y la medicina, hoy nos permiten curar m\u00e1s enfermedades y vivir m\u00e1s tiempo; pero los adelantos cient\u00edficos tambi\u00e9n son utilizados para hacer la guerra y causar da\u00f1o\u00bb.<\/p>\n<p>Por eso, dijo el Mandatario mexicano: tenemos que renovar la esperanza en el futuro. La esperanza es camino y es luz. Todos estamos llamados a edificar un mundo mejor, trabajando en uni\u00f3n y en sinton\u00eda, porque la solidaridad es un modo de hacer la Historia.<\/p>\n<p>Y agreg\u00f3 que a los gobiernos les corresponde crear las condiciones para asegurar un piso b\u00e1sico de bienestar a nuestras sociedades, garantizando oportunidades de desarrollo para todos.<\/p>\n<p>\u00abPor su parte, a los ciudadanos les corresponde practicar y transmitir los valores que nos permiten convivir y avanzar en sociedad.\u00a0El respeto, la tolerancia y el entendimiento son cualidades que, independientemente de la creencia de cada quien, nos hacen mejores personas.<\/p>\n<p>Como lo ha manifestado Su Santidad \u201cla palabra clave, es di\u00e1logo: di\u00e1logo entre dirigentes, di\u00e1logo con el pueblo y di\u00e1logo entre todo el pueblo\u201d.<\/p>\n<p>En el mensaje, el presidente Pe\u00f1a Nieto, dijo a Su Santidad que millones de mexicanos est\u00e1n listos para recibir sus palabras de paz, caridad y esperanza, especialmente en este a\u00f1o, que la Iglesia Cat\u00f3lica celebra el Jubileo de la Misericordia.<\/p>\n<p>\u00abEn las calles, en los estadios y plazas que visitar\u00e1, se encontrar\u00e1 con un pueblo generoso y hospitalario; con un pueblo orgullosamente guadalupano. \u00a0\u00c9ste es el M\u00e9xico que lo recibe con el coraz\u00f3n y los brazos abiertos. Somos una comunidad que valora la familia; una sociedad solidaria; y una Naci\u00f3n forjada en la cultura del esfuerzo.\u00a0Su Santidad: sea bienvenido a esta tierra. M\u00e9xico lo abraza con cari\u00f1o\u00bb.<\/p>\n<p>&nbsp;<\/p>\n<p>&nbsp;<\/p>\n","protected":false},"excerpt":{"rendered":"<p>El Presidente de la Rep\u00fablica, Enrique Pe\u00f1a Nieto, recibi\u00f3 a Su Santidad Francisco en el Palacio Nacional, en nombre de los mexicanos le dio la bienvenida a M\u00e9xico. \u00abReconocemos al Papa reformador que est\u00e1 llevando a la Iglesia Cat\u00f3lica, al encuentro con la gente. Como Jefe de Estado, hoy en Palacio Nacional, el Gobierno de M\u00e9xico reconoce con honores su investidura\u00bb.<\/p>\n","protected":false},"author":1,"featured_media":255617,"comment_status":"open","ping_status":"open","sticky":false,"template":"","format":"standard","meta":{"_monsterinsights_skip_tracking":false,"_monsterinsights_sitenote_active":false,"_monsterinsights_sitenote_note":"","_monsterinsights_sitenote_category":0,"footnotes":""},"categories":[3],"tags":[18,48840,373,48279],"class_list":["post-255612","post","type-post","status-publish","format-standard","has-post-thumbnail","hentry","category-nacional","tag-enrique-pena-nieto","tag-gira-papal","tag-palacio-nacional","tag-papa-francisco"],"_links":{"self":[{"href":"https:\/\/www.diarioimagen.net\/index.php?rest_route=\/wp\/v2\/posts\/255612","targetHints":{"allow":["GET"]}}],"collection":[{"href":"https:\/\/www.diarioimagen.net\/index.php?rest_route=\/wp\/v2\/posts"}],"about":[{"href":"https:\/\/www.diarioimagen.net\/index.php?rest_route=\/wp\/v2\/types\/post"}],"author":[{"embeddable":true,"href":"https:\/\/www.diarioimagen.net\/index.php?rest_route=\/wp\/v2\/users\/1"}],"replies":[{"embeddable":true,"href":"https:\/\/www.diarioimagen.net\/index.php?rest_route=%2Fwp%2Fv2%2Fcomments&post=255612"}],"version-history":[{"count":0,"href":"https:\/\/www.diarioimagen.net\/index.php?rest_route=\/wp\/v2\/posts\/255612\/revisions"}],"wp:featuredmedia":[{"embeddable":true,"href":"https:\/\/www.diarioimagen.net\/index.php?rest_route=\/wp\/v2\/media\/255617"}],"wp:attachment":[{"href":"https:\/\/www.diarioimagen.net\/index.php?rest_route=%2Fwp%2Fv2%2Fmedia&parent=255612"}],"wp:term":[{"taxonomy":"category","embeddable":true,"href":"https:\/\/www.diarioimagen.net\/index.php?rest_route=%2Fwp%2Fv2%2Fcategories&post=255612"},{"taxonomy":"post_tag","embeddable":true,"href":"https:\/\/www.diarioimagen.net\/index.php?rest_route=%2Fwp%2Fv2%2Ftags&post=255612"}],"curies":[{"name":"wp","href":"https:\/\/api.w.org\/{rel}","templated":true}]}}