{"id":255626,"date":"2016-02-13T13:40:15","date_gmt":"2016-02-13T19:40:15","guid":{"rendered":"http:\/\/www.diarioimagen.net\/?p=255626"},"modified":"2016-02-15T00:21:09","modified_gmt":"2016-02-15T06:21:09","slug":"ingresa-el-papa-a-la-nunciatura-apostolica","status":"publish","type":"post","link":"https:\/\/www.diarioimagen.net\/?p=255626","title":{"rendered":"Ingresa el Papa a la nunciatura apost\u00f3lica"},"content":{"rendered":"<p><a href=\"http:\/\/www.diarioimagen.net\/?attachment_id=255627\" rel=\"attachment wp-att-255627\"><img loading=\"lazy\" decoding=\"async\" class=\"aligncenter size-large wp-image-255627\" src=\"http:\/\/www.diarioimagen.net\/wp-content\/uploads\/2016\/02\/papa-regreso-nunciatura-420x236.jpg\" alt=\"papa-regreso-nunciatura\" width=\"420\" height=\"236\" srcset=\"https:\/\/www.diarioimagen.net\/wp-content\/uploads\/2016\/02\/papa-regreso-nunciatura-420x236.jpg 420w, https:\/\/www.diarioimagen.net\/wp-content\/uploads\/2016\/02\/papa-regreso-nunciatura-240x135.jpg 240w, https:\/\/www.diarioimagen.net\/wp-content\/uploads\/2016\/02\/papa-regreso-nunciatura-235x132.jpg 235w, https:\/\/www.diarioimagen.net\/wp-content\/uploads\/2016\/02\/papa-regreso-nunciatura-202x114.jpg 202w, https:\/\/www.diarioimagen.net\/wp-content\/uploads\/2016\/02\/papa-regreso-nunciatura-350x196.jpg 350w, https:\/\/www.diarioimagen.net\/wp-content\/uploads\/2016\/02\/papa-regreso-nunciatura-220x123.jpg 220w, https:\/\/www.diarioimagen.net\/wp-content\/uploads\/2016\/02\/papa-regreso-nunciatura-237x132.jpg 237w, https:\/\/www.diarioimagen.net\/wp-content\/uploads\/2016\/02\/papa-regreso-nunciatura.jpg 480w\" sizes=\"auto, (max-width: 420px) 100vw, 420px\" \/><\/a><\/p>\n<p>&nbsp;<\/p>\n<p>Luego de haberse reunido con el presidente Enrique Pe\u00f1a Nieto, con el jefe de gobierno de la Ciudad de M\u00e9xico Miguel \u00c1ngel Mancera y con obispos y arzobispos en el Centro Hist\u00f3rico, el Papa Francisco regres\u00f3 a la nunciatura apost\u00f3lica a las 13:05 horas.<\/p>\n<p>Despu\u00e9s de tomar un descanso, el pont\u00edfice saldr\u00e1 a las 16:00 horas hacia la Bas\u00edlica de Guadalupe donde oficiar\u00e1 una misa y pasar\u00e1 unos minutos a solas frente a la \u201cmorenita del Tepeyac\u201d.<\/p>\n<p>Se espera que el recorrido sea de 35 minutos. La ruta ser\u00e1 Insurgentes, el Eje 8 Sur, el Eje Central L\u00e1zaro C\u00e1rdenas, Paseo de la Reforma y la Calzada de Guadalupe hasta el Tepeyac.<\/p>\n","protected":false},"excerpt":{"rendered":"<p>Luego de haberse reunido con el presidente Enrique Pe\u00f1a Nieto, con el jefe de gobierno de la Ciudad de M\u00e9xico Miguel \u00c1ngel Mancera y con obispos y arzobispos en el Centro Hist\u00f3rico, el Papa Francisco regres\u00f3 a la nunciatura apost\u00f3lica a las 13:05 horas. Despu\u00e9s de tomar un descanso, el pont\u00edfice saldr\u00e1 a las 16:00 horas hacia la Bas\u00edlica de Guadalupe donde oficiar\u00e1 una misa y pasar\u00e1 unos minutos a solas frente a la \u201cmorenita del Tepeyac\u201d.<\/p>\n","protected":false},"author":1,"featured_media":255627,"comment_status":"open","ping_status":"open","sticky":false,"template":"","format":"standard","meta":{"_monsterinsights_skip_tracking":false,"_monsterinsights_sitenote_active":false,"_monsterinsights_sitenote_note":"","_monsterinsights_sitenote_category":0,"footnotes":""},"categories":[3],"tags":[34444,48840,43673,48279],"class_list":["post-255626","post","type-post","status-publish","format-standard","has-post-thumbnail","hentry","category-nacional","tag-cdmx","tag-gira-papal","tag-nacional","tag-papa-francisco"],"_links":{"self":[{"href":"https:\/\/www.diarioimagen.net\/index.php?rest_route=\/wp\/v2\/posts\/255626","targetHints":{"allow":["GET"]}}],"collection":[{"href":"https:\/\/www.diarioimagen.net\/index.php?rest_route=\/wp\/v2\/posts"}],"about":[{"href":"https:\/\/www.diarioimagen.net\/index.php?rest_route=\/wp\/v2\/types\/post"}],"author":[{"embeddable":true,"href":"https:\/\/www.diarioimagen.net\/index.php?rest_route=\/wp\/v2\/users\/1"}],"replies":[{"embeddable":true,"href":"https:\/\/www.diarioimagen.net\/index.php?rest_route=%2Fwp%2Fv2%2Fcomments&post=255626"}],"version-history":[{"count":0,"href":"https:\/\/www.diarioimagen.net\/index.php?rest_route=\/wp\/v2\/posts\/255626\/revisions"}],"wp:featuredmedia":[{"embeddable":true,"href":"https:\/\/www.diarioimagen.net\/index.php?rest_route=\/wp\/v2\/media\/255627"}],"wp:attachment":[{"href":"https:\/\/www.diarioimagen.net\/index.php?rest_route=%2Fwp%2Fv2%2Fmedia&parent=255626"}],"wp:term":[{"taxonomy":"category","embeddable":true,"href":"https:\/\/www.diarioimagen.net\/index.php?rest_route=%2Fwp%2Fv2%2Fcategories&post=255626"},{"taxonomy":"post_tag","embeddable":true,"href":"https:\/\/www.diarioimagen.net\/index.php?rest_route=%2Fwp%2Fv2%2Ftags&post=255626"}],"curies":[{"name":"wp","href":"https:\/\/api.w.org\/{rel}","templated":true}]}}