{"id":255629,"date":"2016-02-13T18:00:20","date_gmt":"2016-02-14T00:00:20","guid":{"rendered":"http:\/\/www.diarioimagen.net\/?p=255629"},"modified":"2016-02-15T00:21:42","modified_gmt":"2016-02-15T06:21:42","slug":"el-papa-francisco-encabeza-misa-en-la-basilica-de-guadalupe","status":"publish","type":"post","link":"https:\/\/www.diarioimagen.net\/?p=255629","title":{"rendered":"El Papa Francisco encabeza misa en la Bas\u00edlica de Guadalupe"},"content":{"rendered":"<ul>\n<li><em><strong>Su Santidad, el Papa Francisco, ofici\u00f3 la ceremonia eucar\u00edstica a la que acudieron cerca de 30 mil fieles<\/strong><\/em><\/li>\n<\/ul>\n<p>&nbsp;<\/p>\n<p><a href=\"http:\/\/www.diarioimagen.net\/?attachment_id=255630\" rel=\"attachment wp-att-255630\"><img loading=\"lazy\" decoding=\"async\" class=\"aligncenter size-large wp-image-255630\" src=\"http:\/\/www.diarioimagen.net\/wp-content\/uploads\/2016\/02\/papa-basilica-420x237.jpg\" alt=\"papa-basilica\" width=\"420\" height=\"237\" srcset=\"https:\/\/www.diarioimagen.net\/wp-content\/uploads\/2016\/02\/papa-basilica-420x237.jpg 420w, https:\/\/www.diarioimagen.net\/wp-content\/uploads\/2016\/02\/papa-basilica-240x135.jpg 240w, https:\/\/www.diarioimagen.net\/wp-content\/uploads\/2016\/02\/papa-basilica-768x433.jpg 768w, https:\/\/www.diarioimagen.net\/wp-content\/uploads\/2016\/02\/papa-basilica-480x270.jpg 480w, https:\/\/www.diarioimagen.net\/wp-content\/uploads\/2016\/02\/papa-basilica-235x132.jpg 235w, https:\/\/www.diarioimagen.net\/wp-content\/uploads\/2016\/02\/papa-basilica-202x114.jpg 202w, https:\/\/www.diarioimagen.net\/wp-content\/uploads\/2016\/02\/papa-basilica-220x123.jpg 220w, https:\/\/www.diarioimagen.net\/wp-content\/uploads\/2016\/02\/papa-basilica.jpg 900w\" sizes=\"auto, (max-width: 420px) 100vw, 420px\" \/><\/a><\/p>\n<p>&nbsp;<\/p>\n<p>El Obispo de Roma asegur\u00f3 que la Virgen de Guadalupe dice a todos que no se dejen vencer por sus dolores y sus tristezas, durante una emotiva misa en la Bas\u00edlica del Cerro del Tepeyac.<\/p>\n<p>\u201c\u00bfAcaso no soy yo tu madre? \u00bfNo estoy aqu\u00ed?\u201d, repiti\u00f3 el pont\u00edfice recordando las palabras de Mar\u00eda al ind\u00edgena Juan Diego, durante la homil\u00eda de la misa en la cual participaron unas 30 mil personas.<\/p>\n<p>Agreg\u00f3 que la Virgen sigue dici\u00e9ndole a los cat\u00f3licos que sean sus embajadores para acompa\u00f1ar tantas vidas, consolar tantas l\u00e1grimas, caminando las calles del propio vecindario, comunidad y parroquias.<\/p>\n<p>\u201cS\u00e9 mi embajador, nos dice, dando de comer al hambriento, de beber al sediento, da lugar al necesitado, viste al desnudo y visita al enfermo. Socorre al que est\u00e1 preso, perdona al que te lastim\u00f3, consuela al que est\u00e1 triste, ten paciencia con los dem\u00e1s y, especialmente, pide y ruega a nuestro Dios\u201d, apunt\u00f3 el Papa.<\/p>\n<p>Record\u00f3 que en el amanecer de diciembre de 1531, cuando se produjo la primera aparici\u00f3n de la Virgen, se despert\u00f3 la esperanza en Juan Diego y en todo su pueblo.<\/p>\n<p>Se\u00f1al\u00f3 que en ese amanecer, Dios despert\u00f3 y despierta tambi\u00e9n hoy la esperanza de los peque\u00f1os, de los sufrientes, de los desplazados y descartados, de todos aquellos que sienten que no tienen un lugar digno en estas tierras.<\/p>\n<p>En ese amanecer \u2013sigui\u00f3- Dios se acerc\u00f3 y se acerca al coraz\u00f3n sufriente pero resistente de tantas madres, padres, abuelos que han visto partir, perder o incluso arrebatarles criminalmente a sus hijos.<\/p>\n<p>En ese encuentro, Juanito, como llam\u00f3 a Juan Diego, experiment\u00f3 en su propia vida la esperanza y la misericordia, y aunque le dijo varias veces a la Virgen que \u00e9l no era el adecuado para vigilar la construcci\u00f3n de un santuario para ella, la Virgen lo hab\u00eda elegido porque no era ilustrado, letrado o perteneciente al grupo de los que podr\u00edan hacerlo.<\/p>\n<p>\u201cMar\u00eda, empecinada \u2014con el empecinamiento que nace del coraz\u00f3n misericordioso del Padre\u2014 le dice: no, que \u00e9l ser\u00eda su embajador\u201d, se\u00f1al\u00f3 Francisco.<\/p>\n<p>De esa manera, indic\u00f3 el pont\u00edfice, \u00e9l logr\u00f3 impulsar una bandera de amor y justicia: la construcci\u00f3n de un santuario, no de cemento, sino el santuario de la vida, de las comunidades, sociedades y culturas, en el cual nadie puede quedar afuera.<\/p>\n<p>\u201cTodos somos necesarios, especialmente aquellos que normalmente no cuentan por no estar a la \u2018altura de las circunstancias\u2019 o por no \u2018aportar el capital necesario\u2019 para la construcci\u00f3n de las mismas\u201d, continu\u00f3.<\/p>\n<p>\u201cEl Santuario de Dios es la vida de sus hijos, de todos y en todas sus condiciones, especialmente de los j\u00f3venes sin futuro, expuestos a un sinf\u00edn de situaciones dolorosas, riesgosas, y la de los ancianos sin reconocimiento, olvidados en tantos rincones\u201d, abund\u00f3 el Papa.<\/p>\n","protected":false},"excerpt":{"rendered":"<p>El Obispo de Roma asegur\u00f3 que la Virgen de Guadalupe dice a todos que no se dejen vencer por sus dolores y sus tristezas, durante una emotiva misa en la Bas\u00edlica del Cerro del Tepeyac. \u201c\u00bfAcaso no soy yo tu madre? \u00bfNo estoy aqu\u00ed?\u201d, repiti\u00f3 el pont\u00edfice recordando las palabras de Mar\u00eda al ind\u00edgena Juan Diego, durante la homil\u00eda de la misa en la cual participaron unas 30 mil personas.<\/p>\n","protected":false},"author":1,"featured_media":255630,"comment_status":"open","ping_status":"open","sticky":false,"template":"","format":"standard","meta":{"_monsterinsights_skip_tracking":false,"_monsterinsights_sitenote_active":false,"_monsterinsights_sitenote_note":"","_monsterinsights_sitenote_category":0,"footnotes":""},"categories":[3],"tags":[14846,48279,3664,48832],"class_list":["post-255629","post","type-post","status-publish","format-standard","has-post-thumbnail","hentry","category-nacional","tag-basilica-de-guadalupe","tag-papa-francisco","tag-virgen-de-guadalupe","tag-visita-pastoral-mexico"],"_links":{"self":[{"href":"https:\/\/www.diarioimagen.net\/index.php?rest_route=\/wp\/v2\/posts\/255629","targetHints":{"allow":["GET"]}}],"collection":[{"href":"https:\/\/www.diarioimagen.net\/index.php?rest_route=\/wp\/v2\/posts"}],"about":[{"href":"https:\/\/www.diarioimagen.net\/index.php?rest_route=\/wp\/v2\/types\/post"}],"author":[{"embeddable":true,"href":"https:\/\/www.diarioimagen.net\/index.php?rest_route=\/wp\/v2\/users\/1"}],"replies":[{"embeddable":true,"href":"https:\/\/www.diarioimagen.net\/index.php?rest_route=%2Fwp%2Fv2%2Fcomments&post=255629"}],"version-history":[{"count":0,"href":"https:\/\/www.diarioimagen.net\/index.php?rest_route=\/wp\/v2\/posts\/255629\/revisions"}],"wp:featuredmedia":[{"embeddable":true,"href":"https:\/\/www.diarioimagen.net\/index.php?rest_route=\/wp\/v2\/media\/255630"}],"wp:attachment":[{"href":"https:\/\/www.diarioimagen.net\/index.php?rest_route=%2Fwp%2Fv2%2Fmedia&parent=255629"}],"wp:term":[{"taxonomy":"category","embeddable":true,"href":"https:\/\/www.diarioimagen.net\/index.php?rest_route=%2Fwp%2Fv2%2Fcategories&post=255629"},{"taxonomy":"post_tag","embeddable":true,"href":"https:\/\/www.diarioimagen.net\/index.php?rest_route=%2Fwp%2Fv2%2Ftags&post=255629"}],"curies":[{"name":"wp","href":"https:\/\/api.w.org\/{rel}","templated":true}]}}