{"id":255640,"date":"2016-02-13T17:00:50","date_gmt":"2016-02-13T23:00:50","guid":{"rendered":"http:\/\/www.diarioimagen.net\/?p=255640"},"modified":"2016-02-15T00:21:26","modified_gmt":"2016-02-15T06:21:26","slug":"realiza-eruviel-avila-supervision-de-detalles-para-visita-papal-en-edomex","status":"publish","type":"post","link":"https:\/\/www.diarioimagen.net\/?p=255640","title":{"rendered":"Realiza Eruviel \u00c1vila supervisi\u00f3n de detalles para visita papal en Edomex"},"content":{"rendered":"<p><a href=\"http:\/\/www.diarioimagen.net\/?attachment_id=255641\" rel=\"attachment wp-att-255641\"><img loading=\"lazy\" decoding=\"async\" class=\"aligncenter size-large wp-image-255641\" src=\"http:\/\/www.diarioimagen.net\/wp-content\/uploads\/2016\/02\/papa-eruviel-420x279.jpg\" alt=\"papa-eruviel\" width=\"420\" height=\"279\" srcset=\"https:\/\/www.diarioimagen.net\/wp-content\/uploads\/2016\/02\/papa-eruviel-420x279.jpg 420w, https:\/\/www.diarioimagen.net\/wp-content\/uploads\/2016\/02\/papa-eruviel-240x159.jpg 240w, https:\/\/www.diarioimagen.net\/wp-content\/uploads\/2016\/02\/papa-eruviel-768x510.jpg 768w, https:\/\/www.diarioimagen.net\/wp-content\/uploads\/2016\/02\/papa-eruviel.jpg 1200w\" sizes=\"auto, (max-width: 420px) 100vw, 420px\" \/><\/a><\/p>\n<p>&nbsp;<\/p>\n<p>El gobernador Eruviel \u00c1vila Villegas realiz\u00f3 un recorrido para verificar las condiciones de seguridad y protecci\u00f3n civil en el trayecto que recorrer\u00e1 el Papa Francisco durante su visita a Ecatepec, desde el helipuerto en Ballisco hasta la Unidad de Estudios Superiores,\u00a0 en un recorrido de 8.8 kil\u00f3metros que concluir\u00e1 con una Celebraci\u00f3n Eucar\u00edstica en la que se espera la llegada de 300 mil personas.<\/p>\n<p>\u201cEstamos ya listos para recibir a miles y miles de feligreses. La verdad es que ser\u00e1 un d\u00eda muy bonito, muy especial para M\u00e9xico, para el Estado de M\u00e9xico, para Ecatepec. Estamos listos, ya preparados, va a haber pantallas, m\u00f3dulos de sanidad, en cada cuadrante habr\u00e1 personal de salud, de protecci\u00f3n civil, de seguridad, hay sanitarios suficientes, pues estamos ya listos y bienvenidos aqu\u00ed a Ecatepec, al Estado de M\u00e9xico, a esta misa que se quedar\u00e1 mucha paz, mucha armon\u00eda\u201d, afirm\u00f3, a trav\u00e9s de la red social de Periscope.<\/p>\n<p>Acompa\u00f1ado de autoridades del Estado Mayor Presidencial, municipales y eclesi\u00e1sticas, as\u00ed como de la administraci\u00f3n estatal, Eruviel \u00c1vila indic\u00f3 que se espera que durante el trayecto que realizar\u00e1 el Papa Francisco desde el helipuerto a la Unidad de Estudios Superiores.<\/p>\n<p>El gobernador mexiquense agradeci\u00f3 el trabajo que realizan artesanos de Huamantla, Tlaxcala, quienes apoyan esta ceremonia con le elaboraci\u00f3n de tapetes de flores y semillas que adornar\u00e1n la escalinata y la parte inferior del altar mayor, as\u00ed como a los floricultores mexiquenses que colocaron retablos de flores en el lugar de la Celebraci\u00f3n Eucar\u00edstica y en los puentes peatonales por donde pasar\u00e1 el recorrido, a quienes felicit\u00f3 por ser parte de este evento, al cual calific\u00f3 como hist\u00f3rico, al ser la primer visita del Papa Francisco a M\u00e9xico.<\/p>\n<p>\u201cDarles las gracias a todos, todos, hemos hecho un gran equipo para recibir al Papa como se lo merece y para recibir a los miles y miles de feligreses que habr\u00e1n de visitar ma\u00f1ana Ecatepec. Gracias porque juntos estamos escribiendo p\u00e1ginas de la historia de este pa\u00eds\u201d, manifest\u00f3.<\/p>\n<p>Asimismo, se\u00f1al\u00f3 que este 14 de febrero ser\u00e1 un d\u00eda de fiesta, celebraci\u00f3n y paz para el Edom\u00e9x.<\/p>\n","protected":false},"excerpt":{"rendered":"<p>El gobernador Eruviel \u00c1vila Villegas realiz\u00f3 un recorrido para verificar las condiciones de seguridad y protecci\u00f3n civil en el trayecto que recorrer\u00e1 el Papa Francisco durante su visita a Ecatepec, desde el helipuerto en Ballisco hasta la Unidad de Estudios Superiores,  en un recorrido de 8.8 kil\u00f3metros que concluir\u00e1 con una Celebraci\u00f3n Eucar\u00edstica en la que se espera la llegada de 300 mil personas.<\/p>\n","protected":false},"author":1,"featured_media":255641,"comment_status":"open","ping_status":"open","sticky":false,"template":"","format":"standard","meta":{"_monsterinsights_skip_tracking":false,"_monsterinsights_sitenote_active":false,"_monsterinsights_sitenote_note":"","_monsterinsights_sitenote_category":0,"footnotes":""},"categories":[5],"tags":[454,5828,43675,48279],"class_list":["post-255640","post","type-post","status-publish","format-standard","has-post-thumbnail","hentry","category-estado-de-mexico","tag-ecatepec","tag-eruviel-avila-villegas","tag-estado-de-mexico","tag-papa-francisco"],"_links":{"self":[{"href":"https:\/\/www.diarioimagen.net\/index.php?rest_route=\/wp\/v2\/posts\/255640","targetHints":{"allow":["GET"]}}],"collection":[{"href":"https:\/\/www.diarioimagen.net\/index.php?rest_route=\/wp\/v2\/posts"}],"about":[{"href":"https:\/\/www.diarioimagen.net\/index.php?rest_route=\/wp\/v2\/types\/post"}],"author":[{"embeddable":true,"href":"https:\/\/www.diarioimagen.net\/index.php?rest_route=\/wp\/v2\/users\/1"}],"replies":[{"embeddable":true,"href":"https:\/\/www.diarioimagen.net\/index.php?rest_route=%2Fwp%2Fv2%2Fcomments&post=255640"}],"version-history":[{"count":0,"href":"https:\/\/www.diarioimagen.net\/index.php?rest_route=\/wp\/v2\/posts\/255640\/revisions"}],"wp:featuredmedia":[{"embeddable":true,"href":"https:\/\/www.diarioimagen.net\/index.php?rest_route=\/wp\/v2\/media\/255641"}],"wp:attachment":[{"href":"https:\/\/www.diarioimagen.net\/index.php?rest_route=%2Fwp%2Fv2%2Fmedia&parent=255640"}],"wp:term":[{"taxonomy":"category","embeddable":true,"href":"https:\/\/www.diarioimagen.net\/index.php?rest_route=%2Fwp%2Fv2%2Fcategories&post=255640"},{"taxonomy":"post_tag","embeddable":true,"href":"https:\/\/www.diarioimagen.net\/index.php?rest_route=%2Fwp%2Fv2%2Ftags&post=255640"}],"curies":[{"name":"wp","href":"https:\/\/api.w.org\/{rel}","templated":true}]}}