{"id":255915,"date":"2016-02-16T00:09:20","date_gmt":"2016-02-16T06:09:20","guid":{"rendered":"http:\/\/www.diarioimagen.net\/?p=255915"},"modified":"2016-02-16T05:52:40","modified_gmt":"2016-02-16T11:52:40","slug":"tecnologia-de-punta-en-eventos-del-santo-padre","status":"publish","type":"post","link":"https:\/\/www.diarioimagen.net\/?p=255915","title":{"rendered":"Tecnolog\u00eda de punta en eventos del Santo Padre"},"content":{"rendered":"<ul>\n<li><strong><em>Comunicaci\u00f3n<\/em><\/strong><\/li>\n<\/ul>\n<p>&nbsp;<\/p>\n<p><a href=\"http:\/\/www.diarioimagen.net\/?attachment_id=256040\" rel=\"attachment wp-att-256040\"><img loading=\"lazy\" decoding=\"async\" class=\"aligncenter size-large wp-image-256040\" src=\"http:\/\/www.diarioimagen.net\/wp-content\/uploads\/2016\/02\/tetrapol-2805-420x236.jpg\" alt=\"tetrapol-2805\" width=\"420\" height=\"236\" srcset=\"https:\/\/www.diarioimagen.net\/wp-content\/uploads\/2016\/02\/tetrapol-2805-420x236.jpg 420w, https:\/\/www.diarioimagen.net\/wp-content\/uploads\/2016\/02\/tetrapol-2805-240x135.jpg 240w, https:\/\/www.diarioimagen.net\/wp-content\/uploads\/2016\/02\/tetrapol-2805-235x132.jpg 235w, https:\/\/www.diarioimagen.net\/wp-content\/uploads\/2016\/02\/tetrapol-2805-202x114.jpg 202w, https:\/\/www.diarioimagen.net\/wp-content\/uploads\/2016\/02\/tetrapol-2805-350x196.jpg 350w, https:\/\/www.diarioimagen.net\/wp-content\/uploads\/2016\/02\/tetrapol-2805-220x123.jpg 220w, https:\/\/www.diarioimagen.net\/wp-content\/uploads\/2016\/02\/tetrapol-2805-237x132.jpg 237w, https:\/\/www.diarioimagen.net\/wp-content\/uploads\/2016\/02\/tetrapol-2805.jpg 480w\" sizes=\"auto, (max-width: 420px) 100vw, 420px\" \/><\/a><\/p>\n<p>&nbsp;<\/p>\n<p>La visita del Papa Francisco a M\u00e9xico ha requerido la m\u00e1s avanzada tecnolog\u00eda en comunicaciones a nivel mundial, para coordinar los enlaces de los equipos de emergencia y seguridad, adem\u00e1s de garantizar la integridad de los asistentes a los eventos del pont\u00edfice, como fue la misa en Ecatepec, Estado de M\u00e9xico.<\/p>\n<p>Este tipo de comunicaci\u00f3n se ha utilizado en otros eventos de escala mundial como la coronaci\u00f3n del Rey Felipe de Espa\u00f1a y el Campeonato Mundial de F\u00fatbol Brasil 2014.<\/p>\n<p>En M\u00e9xico, para el resguardo de los 300 mil asistentes a la misa en el predio El Caracol en Ecatepec, la firma Airbus Defence and Space provey\u00f3 tecnolog\u00eda de punta en comunicaciones seguras, a trav\u00e9s de los radios digitales Tetrapol encriptados, que evitan cualquier intercepci\u00f3n y permiten claridad de mensajes entre los elementos de seguridad y cuerpos de emergencia.<\/p>\n<p>Un elemento clave para el \u00e9xito de las comunicaciones durante el operativo de seguridad fue la instalaci\u00f3n del sitio de repetici\u00f3n m\u00f3vil Tetrapol IP, que Airbus Defence and Space instal\u00f3 en el sitio, lo que robusteci\u00f3 la red del estado de M\u00e9xico y previno eventuales contingencias derivadas de la saturaci\u00f3n de red ante la elevada concentraci\u00f3n de personas en el lugar.<\/p>\n<p>La firma destac\u00f3 que la coordinaci\u00f3n entre los cuerpos de seguridad y equipos de emergencia municipales, estatales y federales, permiti\u00f3 que el evento se desarrollara sin contratiempos.<\/p>\n<p>Explic\u00f3 que la plataforma Tetrapol IP protege la inversi\u00f3n que el gobierno mexicano ha realizado a lo largo del pa\u00eds en los \u00faltimos 15 a\u00f1os y prepara a la vez a las instituciones de seguridad p\u00fablica para la utilizaci\u00f3n de servicios de comunicaci\u00f3n que en un futuro estar\u00e1n disponibles con la red compartida de la Secretar\u00eda de Comunicaciones y Transportes, ya que es compatible con la tecnolog\u00eda Long Term Evolution (LTE).<\/p>\n<p>Tetrapol es un est\u00e1ndar que define un sistema de radiocomunicaciones digitales profesionales.<\/p>\n<p>Los sistemas basados en este est\u00e1ndar est\u00e1n enfocados principalmente para dar servicio de radiocomunicaci\u00f3n a fuerzas y cuerpos de seguridad aunque tambi\u00e9n se ha empleado por otras organizaciones de servicios p\u00fablicos y transporte.<\/p>\n","protected":false},"excerpt":{"rendered":"<p>La visita del Papa Francisco a M\u00e9xico ha requerido la m\u00e1s avanzada tecnolog\u00eda en comunicaciones a nivel mundial, para coordinar los enlaces de los equipos de emergencia y seguridad, adem\u00e1s de garantizar la integridad de los asistentes a los eventos del pont\u00edfice, como fue la misa en Ecatepec, Estado de M\u00e9xico.<\/p>\n","protected":false},"author":3,"featured_media":256040,"comment_status":"open","ping_status":"open","sticky":false,"template":"","format":"standard","meta":{"_monsterinsights_skip_tracking":false,"_monsterinsights_sitenote_active":false,"_monsterinsights_sitenote_note":"","_monsterinsights_sitenote_category":0,"footnotes":""},"categories":[3],"tags":[454,43675,29873,48279,4149],"class_list":["post-255915","post","type-post","status-publish","format-standard","has-post-thumbnail","hentry","category-nacional","tag-ecatepec","tag-estado-de-mexico","tag-papa","tag-papa-francisco","tag-tecnologia"],"_links":{"self":[{"href":"https:\/\/www.diarioimagen.net\/index.php?rest_route=\/wp\/v2\/posts\/255915","targetHints":{"allow":["GET"]}}],"collection":[{"href":"https:\/\/www.diarioimagen.net\/index.php?rest_route=\/wp\/v2\/posts"}],"about":[{"href":"https:\/\/www.diarioimagen.net\/index.php?rest_route=\/wp\/v2\/types\/post"}],"author":[{"embeddable":true,"href":"https:\/\/www.diarioimagen.net\/index.php?rest_route=\/wp\/v2\/users\/3"}],"replies":[{"embeddable":true,"href":"https:\/\/www.diarioimagen.net\/index.php?rest_route=%2Fwp%2Fv2%2Fcomments&post=255915"}],"version-history":[{"count":0,"href":"https:\/\/www.diarioimagen.net\/index.php?rest_route=\/wp\/v2\/posts\/255915\/revisions"}],"wp:featuredmedia":[{"embeddable":true,"href":"https:\/\/www.diarioimagen.net\/index.php?rest_route=\/wp\/v2\/media\/256040"}],"wp:attachment":[{"href":"https:\/\/www.diarioimagen.net\/index.php?rest_route=%2Fwp%2Fv2%2Fmedia&parent=255915"}],"wp:term":[{"taxonomy":"category","embeddable":true,"href":"https:\/\/www.diarioimagen.net\/index.php?rest_route=%2Fwp%2Fv2%2Fcategories&post=255915"},{"taxonomy":"post_tag","embeddable":true,"href":"https:\/\/www.diarioimagen.net\/index.php?rest_route=%2Fwp%2Fv2%2Ftags&post=255915"}],"curies":[{"name":"wp","href":"https:\/\/api.w.org\/{rel}","templated":true}]}}