{"id":255925,"date":"2016-02-16T00:03:56","date_gmt":"2016-02-16T06:03:56","guid":{"rendered":"http:\/\/www.diarioimagen.net\/?p=255925"},"modified":"2016-02-17T01:17:35","modified_gmt":"2016-02-17T07:17:35","slug":"el-imef-estima-ajuste-al-gasto-de-hasta-90-mil-mdp","status":"publish","type":"post","link":"https:\/\/www.diarioimagen.net\/?p=255925","title":{"rendered":"El IMEF estima ajuste al gasto de hasta 90 mil mdp"},"content":{"rendered":"<ul>\n<li><strong><em>Ejecutivos de Finanzas<\/em><\/strong><\/li>\n<\/ul>\n<p>&nbsp;<\/p>\n<div id=\"attachment_256046\" style=\"width: 430px\" class=\"wp-caption aligncenter\"><a href=\"http:\/\/www.diarioimagen.net\/?attachment_id=256046\" rel=\"attachment wp-att-256046\"><img loading=\"lazy\" decoding=\"async\" aria-describedby=\"caption-attachment-256046\" class=\"size-large wp-image-256046\" src=\"http:\/\/www.diarioimagen.net\/wp-content\/uploads\/2016\/02\/GASTO-2805-420x236.jpg\" alt=\"El ajuste al gasto p\u00fablico ser\u00eda de entre 85 mil y 90 mil millones de pesos, equivalente a 0.6 por ciento del Producto Interno Bruto.\" width=\"420\" height=\"236\" srcset=\"https:\/\/www.diarioimagen.net\/wp-content\/uploads\/2016\/02\/GASTO-2805-420x236.jpg 420w, https:\/\/www.diarioimagen.net\/wp-content\/uploads\/2016\/02\/GASTO-2805-240x135.jpg 240w, https:\/\/www.diarioimagen.net\/wp-content\/uploads\/2016\/02\/GASTO-2805-235x132.jpg 235w, https:\/\/www.diarioimagen.net\/wp-content\/uploads\/2016\/02\/GASTO-2805-202x114.jpg 202w, https:\/\/www.diarioimagen.net\/wp-content\/uploads\/2016\/02\/GASTO-2805-350x196.jpg 350w, https:\/\/www.diarioimagen.net\/wp-content\/uploads\/2016\/02\/GASTO-2805-220x123.jpg 220w, https:\/\/www.diarioimagen.net\/wp-content\/uploads\/2016\/02\/GASTO-2805-237x132.jpg 237w, https:\/\/www.diarioimagen.net\/wp-content\/uploads\/2016\/02\/GASTO-2805.jpg 480w\" sizes=\"auto, (max-width: 420px) 100vw, 420px\" \/><\/a><p id=\"caption-attachment-256046\" class=\"wp-caption-text\">El ajuste al gasto p\u00fablico ser\u00eda de entre 85 mil y 90 mil millones de pesos, equivalente a 0.6 por ciento del Producto Interno Bruto.<\/p><\/div>\n<p>&nbsp;<\/p>\n<p>El ajuste preventivo al gasto anunciado por las autoridades hacendarias ser\u00eda de entre 85 mil y 90 mil millones de pesos, equivalente a 0.6 por ciento del Producto Interno Bruto (PIB), estim\u00f3 el Instituto Mexicano de Ejecutivos de Finanzas (IMEF).<\/p>\n<p>El presidente del organismo, Joaqu\u00edn G\u00e1ndara Ruiz Esparza, consider\u00f3 que con este monto, el ajuste ser\u00eda s\u00f3lido, contundente y cre\u00edble.<\/p>\n<p>De esta manera, las autoridades del pa\u00eds mandar\u00edan una se\u00f1al a los mercados de la disciplina fiscal y la austeridad a las que est\u00e1 comprometida el gobierno federal, expuso el directivo en conferencia de prensa.<\/p>\n<p>Refiri\u00f3 que en un encuentro con autoridades de la Secretar\u00eda de Hacienda, \u00e9stas aclararon que el ajuste adicional al gasto p\u00fablico se aplicar\u00eda a partir de este a\u00f1o, en prevenci\u00f3n al entorno econ\u00f3mico previsto para 2017.<\/p>\n<p>Ante la ca\u00edda de los precios el petr\u00f3leo, el gobierno federal anunci\u00f3 la aplicaci\u00f3n de ajustes al gasto p\u00fablico por un total de 221 mil millones de pesos, equivalentes a 1.15 por ciento del Producto Interno Bruto (PIB).<\/p>\n<p>De este monto, en 2015 se aplic\u00f3 un recorte presupuestal de 124 mil millones de pesos, y este a\u00f1o se reducir\u00e1n los 97 mil millones de pesos restantes; en fecha reciente, la Secretar\u00eda de Hacienda anunci\u00f3 un ajuste preventivo adicional que dar\u00e1 a conocer en los pr\u00f3ximos d\u00edas.<\/p>\n<p>G\u00e1ndara Ruiz Esparza apunt\u00f3 que si bien en 2016 los ingresos petroleros est\u00e1n protegidos por una cobertura, el ajuste adicional al gasto tiene que aplicarse ya desde este a\u00f1o, pues si los precios del crudo contin\u00faan en los bajos niveles de entre 20 y 25 d\u00f3lares por barril, \u201cexistir\u00eda un impacto muy fuerte para el pr\u00f3ximo a\u00f1o\u201d.<\/p>\n<p>\u201cEl ajuste debe hacerse ya, y debe tener la profundidad necesaria para mandar una se\u00f1al a los mercados de la disciplina fiscal a la que est\u00e1 comprometido el gobierno mexicano\u201d, subray\u00f3.<\/p>\n<p>Consider\u00f3 que con un ajuste preventivo al gasto bien instrumentado, evitar\u00eda la necesidad de que el Banco de M\u00e9xico (Banxico) eleve sus tasas de inter\u00e9s, con el impacto que una medida de este tipo pudiera tener en el crecimiento econ\u00f3mico.<\/p>\n<p>Calific\u00f3 como \u201cefectivas\u201d las subastas diarias de d\u00f3lares como un mecanismo para proveer de liquidez al mercado cambiario, al subrayar que la depreciaci\u00f3n del tipo de cambio obedece a la alta volatilidad que se vive en todo el mundo.<\/p>\n<p>El vicepresidente del Comit\u00e9 Nacional de Estudios Econ\u00f3micos del IMEF, Gabriel Casillas, calcul\u00f3 que el ajuste preventivo que se anunciar\u00e1 en los pr\u00f3ximos d\u00edas podr\u00eda ascender a entre 85 mil y 90 mil millones de pesos, equivalente a 0.6 por ciento del PIB, si se considera que el precio del crudo se cotice entre 20 y 25 d\u00f3lares por barril.<\/p>\n<p>Este ajuste preventivo, estim\u00f3, deber\u00eda estar m\u00e1s concentrado en Petr\u00f3leos Mexicanos (Pemex), donde \u201cvemos bastante espacio para hacer recortes\u201d, y en el caso del gobierno federal aplicar el ajuste sobre todo en gasto corriente y no en inversi\u00f3n en infraestructura.<\/p>\n<p>Respecto a un posible recorte al gasto para el proyecto del Nuevo Aeropuerto Internacional de la Ciudad de M\u00e9xico (NAICM), precis\u00f3 que el gobierno federal tiene clara la importancia de esta obra porque a nivel pol\u00edtica es emblem\u00e1tica para esta administraci\u00f3n, es importante en materia econ\u00f3mica y de turismo, y necesaria para solucionar los \u201ccuellos de botella\u201d de la terminal actual.<\/p>\n<p>Resalt\u00f3 que el gobierno mexicano goza de credibilidad para que con el puro anuncio del ajuste preventivo \u201cse calmen los mercados\u201d, y recomend\u00f3 dosificar este recorte durante los pr\u00f3ximos meses para que no pegue tanto a la actividad econ\u00f3mica.<\/p>\n<p>Por otra parte, el IMEF ajust\u00f3 ligeramente sus pron\u00f3sticos para el crecimiento econ\u00f3mico de M\u00e9xico, de 2.6 a 2.5 por ciento para este a\u00f1o, y de 3.10 a 3.00 por ciento en 2017, debido a que prevalece un entorno de gran volatilidad en la econom\u00eda internacional.<\/p>\n<p>Tambi\u00e9n baj\u00f3 su proyecci\u00f3n sobre la inflaci\u00f3n, de 3.39 a 3.38 por ciento en 2016, y de 3.30 a 3.40 por ciento el a\u00f1o pr\u00f3ximo, por un incipiente traslado de la depreciaci\u00f3n cambiaria a los precios, lo que debe verse como una se\u00f1al de alerta para evitar que se entre en una din\u00e1mica inflacionaria en los pr\u00f3ximos meses.<\/p>\n<p>&nbsp;<\/p>\n<p>&nbsp;<\/p>\n","protected":false},"excerpt":{"rendered":"<p>El ajuste preventivo al gasto anunciado por las autoridades hacendarias ser\u00eda de entre 85 mil y 90 mil millones de pesos, equivalente a 0.6 por ciento del Producto Interno Bruto (PIB), estim\u00f3 el Instituto Mexicano de Ejecutivos de Finanzas (IMEF).<\/p>\n","protected":false},"author":3,"featured_media":256046,"comment_status":"open","ping_status":"open","sticky":false,"template":"","format":"standard","meta":{"_monsterinsights_skip_tracking":false,"_monsterinsights_sitenote_active":false,"_monsterinsights_sitenote_note":"","_monsterinsights_sitenote_category":0,"footnotes":""},"categories":[3],"tags":[23040,43673],"class_list":["post-255925","post","type-post","status-publish","format-standard","has-post-thumbnail","hentry","category-nacional","tag-imef","tag-nacional"],"_links":{"self":[{"href":"https:\/\/www.diarioimagen.net\/index.php?rest_route=\/wp\/v2\/posts\/255925","targetHints":{"allow":["GET"]}}],"collection":[{"href":"https:\/\/www.diarioimagen.net\/index.php?rest_route=\/wp\/v2\/posts"}],"about":[{"href":"https:\/\/www.diarioimagen.net\/index.php?rest_route=\/wp\/v2\/types\/post"}],"author":[{"embeddable":true,"href":"https:\/\/www.diarioimagen.net\/index.php?rest_route=\/wp\/v2\/users\/3"}],"replies":[{"embeddable":true,"href":"https:\/\/www.diarioimagen.net\/index.php?rest_route=%2Fwp%2Fv2%2Fcomments&post=255925"}],"version-history":[{"count":0,"href":"https:\/\/www.diarioimagen.net\/index.php?rest_route=\/wp\/v2\/posts\/255925\/revisions"}],"wp:featuredmedia":[{"embeddable":true,"href":"https:\/\/www.diarioimagen.net\/index.php?rest_route=\/wp\/v2\/media\/256046"}],"wp:attachment":[{"href":"https:\/\/www.diarioimagen.net\/index.php?rest_route=%2Fwp%2Fv2%2Fmedia&parent=255925"}],"wp:term":[{"taxonomy":"category","embeddable":true,"href":"https:\/\/www.diarioimagen.net\/index.php?rest_route=%2Fwp%2Fv2%2Fcategories&post=255925"},{"taxonomy":"post_tag","embeddable":true,"href":"https:\/\/www.diarioimagen.net\/index.php?rest_route=%2Fwp%2Fv2%2Ftags&post=255925"}],"curies":[{"name":"wp","href":"https:\/\/api.w.org\/{rel}","templated":true}]}}