{"id":255942,"date":"2016-02-16T00:06:41","date_gmt":"2016-02-16T06:06:41","guid":{"rendered":"http:\/\/www.diarioimagen.net\/?p=255942"},"modified":"2016-02-16T05:37:54","modified_gmt":"2016-02-16T11:37:54","slug":"atienden-en-tlalnepantla-necesidades-de-los-jovenes","status":"publish","type":"post","link":"https:\/\/www.diarioimagen.net\/?p=255942","title":{"rendered":"Atienden en Tlalnepantla necesidades de los j\u00f3venes"},"content":{"rendered":"<ul>\n<li><strong><em>Acercan servicios a este sector de la poblaci\u00f3n<\/em><\/strong><\/li>\n<\/ul>\n<p>&nbsp;<\/p>\n<div id=\"attachment_256016\" style=\"width: 430px\" class=\"wp-caption aligncenter\"><a href=\"http:\/\/www.diarioimagen.net\/?attachment_id=256016\" rel=\"attachment wp-att-256016\"><img loading=\"lazy\" decoding=\"async\" aria-describedby=\"caption-attachment-256016\" class=\"size-large wp-image-256016\" src=\"http:\/\/www.diarioimagen.net\/wp-content\/uploads\/2016\/02\/TLALNEPANTLA-2805-420x236.jpg\" alt=\"La alcaldesa Denisse Ugalde Alegr\u00eda particip\u00f3 en el evento \u201c\u00c1rmala en Grande\u201d que el Instituto Mexiquense de la Juventud realiz\u00f3 en este municipio.\" width=\"420\" height=\"236\" srcset=\"https:\/\/www.diarioimagen.net\/wp-content\/uploads\/2016\/02\/TLALNEPANTLA-2805-420x236.jpg 420w, https:\/\/www.diarioimagen.net\/wp-content\/uploads\/2016\/02\/TLALNEPANTLA-2805-240x135.jpg 240w, https:\/\/www.diarioimagen.net\/wp-content\/uploads\/2016\/02\/TLALNEPANTLA-2805-235x132.jpg 235w, https:\/\/www.diarioimagen.net\/wp-content\/uploads\/2016\/02\/TLALNEPANTLA-2805-202x114.jpg 202w, https:\/\/www.diarioimagen.net\/wp-content\/uploads\/2016\/02\/TLALNEPANTLA-2805-350x196.jpg 350w, https:\/\/www.diarioimagen.net\/wp-content\/uploads\/2016\/02\/TLALNEPANTLA-2805-220x123.jpg 220w, https:\/\/www.diarioimagen.net\/wp-content\/uploads\/2016\/02\/TLALNEPANTLA-2805-237x132.jpg 237w, https:\/\/www.diarioimagen.net\/wp-content\/uploads\/2016\/02\/TLALNEPANTLA-2805.jpg 480w\" sizes=\"auto, (max-width: 420px) 100vw, 420px\" \/><\/a><p id=\"caption-attachment-256016\" class=\"wp-caption-text\">La alcaldesa Denisse Ugalde Alegr\u00eda particip\u00f3 en el evento \u201c\u00c1rmala en Grande\u201d que el Instituto Mexiquense de la Juventud realiz\u00f3 en este municipio.<\/p><\/div>\n<p>&nbsp;<\/p>\n<p><strong>Tlalnepantla, Estado de M\u00e9xico<\/strong>.- En este municipio se impulsa de manera permanente una pol\u00edtica de integraci\u00f3n para el desarrollo social, laboral, cultural y deportivo de los j\u00f3venes, asegur\u00f3 la alcaldesa, Denisse Ugalde Alegr\u00eda, durante el evento \u201c\u00c1rmala en Grande\u201d, que el Instituto Mexiquense de la Juventud \u00a0realiz\u00f3 en esta localidad.<\/p>\n<p>Ante Mariano Camacho San Mart\u00edn, director del IMEJ, Ugalde Alegr\u00eda destac\u00f3 la importancia de atender las necesidades de la juventud, a trav\u00e9s de la implementaci\u00f3n de diversas acciones y programas.<\/p>\n<p>\u201cEstamos construyendo una nueva generaci\u00f3n y la participaci\u00f3n de los m\u00e1s de 218 mil j\u00f3venes que hay en Tlalnepantla es fundamental para alcanzar los retos que nos hemos planteado\u201d, afirm\u00f3 la presidenta municipal.<\/p>\n<p>Explic\u00f3 \u00a0que las diversas \u00e1reas que conforman su administraci\u00f3n conjuntan esfuerzos para garantizar el desarrollo integral de quienes hoy en d\u00eda no s\u00f3lo son el presente de esta localidad, sino el \u00a0futuro de M\u00e9xico.<\/p>\n<p>Anunci\u00f3 que para alejar a los adolescentes y j\u00f3venes de conductas indebidas, actualmente est\u00e1 abierta la convocatoria para que se integren a la Escuela de Educaci\u00f3n Art\u00edstica Inicial en la que podr\u00e1n estudiar canto, artes esc\u00e9nicas y diversas disciplinas.<\/p>\n<p>Acompa\u00f1ada por integrantes del cabildo y de Alejandra Rangel D\u00edaz,\u00a0 directora del Instituto Municipal de la Juventud; Denisse Ugalde reiter\u00f3 su compromiso de trabajar de manera coordinada con el IMEJ, con la finalidad de acercar los diversos servicios que el gobierno estatal ofrece a la poblaci\u00f3n joven de esta entidad.<\/p>\n<p>Por su parte, Mariano Camacho San Mart\u00edn, se\u00f1al\u00f3 que las pol\u00edticas p\u00fablicas del gobernador Eruviel \u00c1vila Villegas est\u00e1n encaminadas a garantizar mejores condiciones de vida para los casi cinco millones 300 mil j\u00f3venes mexiquenses.<\/p>\n<p>Muestra de ello, dijo, es la gira \u201c\u00c1rmala en Grande\u201d, en la que se concentran los servicios que las dependencias de gobierno ofrecen en apoyo de los j\u00f3venes, adem\u00e1s de que diversas escuelas tienen la oportunidad de exponer su oferta educativa para que los tlalnepantlenses contin\u00faen sus estudios.<\/p>\n<p>En este evento, realizado en el Teatro Algarab\u00eda, se ofreci\u00f3 asesor\u00eda en materia de prevenci\u00f3n de\u00a0adicciones, enfermedades de transmisi\u00f3n sexual y se cont\u00f3 con una pista de skate para quieres practican dicha actividad. De igual manera, se tramitaron tarjetas \u201c\u00c1rmala en Grande\u201d, mediante las cuales los j\u00f3venes obtienen descuentos en m\u00e1s de mil establecimientos.<\/p>\n<p>&nbsp;<\/p>\n","protected":false},"excerpt":{"rendered":"<p>En este municipio se impulsa de manera permanente una pol\u00edtica de integraci\u00f3n para el desarrollo social, laboral, cultural y deportivo de los j\u00f3venes, asegur\u00f3 la alcaldesa, Denisse Ugalde Alegr\u00eda, durante el evento \u201c\u00c1rmala en Grande\u201d, que el Instituto Mexiquense de la Juventud  realiz\u00f3 en esta localidad.<\/p>\n","protected":false},"author":3,"featured_media":256016,"comment_status":"open","ping_status":"open","sticky":false,"template":"","format":"standard","meta":{"_monsterinsights_skip_tracking":false,"_monsterinsights_sitenote_active":false,"_monsterinsights_sitenote_note":"","_monsterinsights_sitenote_category":0,"footnotes":""},"categories":[35155],"tags":[45490,43675,260,169],"class_list":["post-255942","post","type-post","status-publish","format-standard","has-post-thumbnail","hentry","category-estado-de-mexico-estado-de-mexico","tag-denisse-ugalde-alegria","tag-estado-de-mexico","tag-jovenes","tag-tlalnepantla"],"_links":{"self":[{"href":"https:\/\/www.diarioimagen.net\/index.php?rest_route=\/wp\/v2\/posts\/255942","targetHints":{"allow":["GET"]}}],"collection":[{"href":"https:\/\/www.diarioimagen.net\/index.php?rest_route=\/wp\/v2\/posts"}],"about":[{"href":"https:\/\/www.diarioimagen.net\/index.php?rest_route=\/wp\/v2\/types\/post"}],"author":[{"embeddable":true,"href":"https:\/\/www.diarioimagen.net\/index.php?rest_route=\/wp\/v2\/users\/3"}],"replies":[{"embeddable":true,"href":"https:\/\/www.diarioimagen.net\/index.php?rest_route=%2Fwp%2Fv2%2Fcomments&post=255942"}],"version-history":[{"count":0,"href":"https:\/\/www.diarioimagen.net\/index.php?rest_route=\/wp\/v2\/posts\/255942\/revisions"}],"wp:featuredmedia":[{"embeddable":true,"href":"https:\/\/www.diarioimagen.net\/index.php?rest_route=\/wp\/v2\/media\/256016"}],"wp:attachment":[{"href":"https:\/\/www.diarioimagen.net\/index.php?rest_route=%2Fwp%2Fv2%2Fmedia&parent=255942"}],"wp:term":[{"taxonomy":"category","embeddable":true,"href":"https:\/\/www.diarioimagen.net\/index.php?rest_route=%2Fwp%2Fv2%2Fcategories&post=255942"},{"taxonomy":"post_tag","embeddable":true,"href":"https:\/\/www.diarioimagen.net\/index.php?rest_route=%2Fwp%2Fv2%2Ftags&post=255942"}],"curies":[{"name":"wp","href":"https:\/\/api.w.org\/{rel}","templated":true}]}}