{"id":255961,"date":"2016-02-16T00:04:13","date_gmt":"2016-02-16T06:04:13","guid":{"rendered":"http:\/\/www.diarioimagen.net\/?p=255961"},"modified":"2016-02-16T05:57:30","modified_gmt":"2016-02-16T11:57:30","slug":"jorge-vergara-confirma-continuidad-de-almeyda","status":"publish","type":"post","link":"https:\/\/www.diarioimagen.net\/?p=255961","title":{"rendered":"Jorge Vergara confirma continuidad de Almeyda"},"content":{"rendered":"<ul>\n<li><strong><em>El due\u00f1o de Chivas hablar\u00e1 con el \u201cGullit\u201d Pe\u00f1a<\/em><\/strong><\/li>\n<\/ul>\n<p>&nbsp;<\/p>\n<div id=\"attachment_256048\" style=\"width: 430px\" class=\"wp-caption aligncenter\"><a href=\"http:\/\/www.diarioimagen.net\/?attachment_id=256048\" rel=\"attachment wp-att-256048\"><img loading=\"lazy\" decoding=\"async\" aria-describedby=\"caption-attachment-256048\" class=\"size-large wp-image-256048\" src=\"http:\/\/www.diarioimagen.net\/wp-content\/uploads\/2016\/02\/deportes-2805-420x236.jpg\" alt=\"Jorge Vergara afirm\u00f3 que la continuidad del argentino Mat\u00edas Almeyda al frente de Guadalajara jam\u00e1s ha estado en duda.\" width=\"420\" height=\"236\" srcset=\"https:\/\/www.diarioimagen.net\/wp-content\/uploads\/2016\/02\/deportes-2805-420x236.jpg 420w, https:\/\/www.diarioimagen.net\/wp-content\/uploads\/2016\/02\/deportes-2805-240x135.jpg 240w, https:\/\/www.diarioimagen.net\/wp-content\/uploads\/2016\/02\/deportes-2805-235x132.jpg 235w, https:\/\/www.diarioimagen.net\/wp-content\/uploads\/2016\/02\/deportes-2805-202x114.jpg 202w, https:\/\/www.diarioimagen.net\/wp-content\/uploads\/2016\/02\/deportes-2805-350x196.jpg 350w, https:\/\/www.diarioimagen.net\/wp-content\/uploads\/2016\/02\/deportes-2805-220x123.jpg 220w, https:\/\/www.diarioimagen.net\/wp-content\/uploads\/2016\/02\/deportes-2805-237x132.jpg 237w, https:\/\/www.diarioimagen.net\/wp-content\/uploads\/2016\/02\/deportes-2805.jpg 480w\" sizes=\"auto, (max-width: 420px) 100vw, 420px\" \/><\/a><p id=\"caption-attachment-256048\" class=\"wp-caption-text\">Jorge Vergara afirm\u00f3 que la continuidad del argentino Mat\u00edas Almeyda al frente de Guadalajara jam\u00e1s ha estado en duda.<\/p><\/div>\n<p>&nbsp;<\/p>\n<p>La continuidad del argentino Mat\u00edas Almeyda al frente de Guadalajara jam\u00e1s ha estado en duda, afirm\u00f3 Jorge Vergara, quien adem\u00e1s se\u00f1al\u00f3 que hablar\u00e1 directamente con Carlos Pe\u00f1a para que le explique las razones de su bajo nivel.<\/p>\n<p>\u201cLo de la renuncia es una mentira, quien lo haya inventado es un verdadero mentiroso, ni renunci\u00f3 y ni siquiera yo estaba presente\u201d, manifest\u00f3.<\/p>\n<p>Por otra parte, se\u00f1al\u00f3 que en d\u00edas pasados platic\u00f3 con el \u201cGullit\u201d Pe\u00f1a, quien se comprometi\u00f3 a ofrecer su mejor nivel, algo que no cumpli\u00f3 ante Le\u00f3n.<\/p>\n<p>\u201cSe hab\u00eda comprometido a jugar mejor que nunca y jug\u00f3 peor que nunca, entonces yo s\u00ed quiero que me de una explicaci\u00f3n a m\u00ed en lo personal porque (Pe\u00f1a) se comprometi\u00f3 conmigo en algo que no cumpli\u00f3\u201d, declar\u00f3 a una radiodifusora.<\/p>\n<p>Destac\u00f3 que algo le est\u00e1 sucediendo a Pe\u00f1a \u201cporque no est\u00e1 haciendo lo que tiene que hacer y creo que tenemos que sentarnos con Mat\u00edas primero que nada, para ver qu\u00e9 es lo que opina y lo que \u00e9l decida y respetar esa decisi\u00f3n\u201d.<\/p>\n<p>Guadalajara no ha ganado en las seis fechas que ha disputado del Torneo Clausura 2016 de la Liga MX, con cuatro empates y dos derrotas.<\/p>\n<p>Vergara Madrigal sigui\u00f3 de manera atenta el entrenamiento del equipo, y aunque parec\u00eda tranquilo, cuando abandon\u00f3 las instalaciones de Verde Valle dej\u00f3 en claro su molestia al salir a toda prisa en su autom\u00f3vil.<\/p>\n<p>Con la mente puesta ya en lo que es la vuelta de la Llave Dos de la Copa MX el equipo tapat\u00edo se dividi\u00f3 en dos grupos; los que fueron titulares ante los \u201cPanzas Verdes\u201d se dirigieron al gimnasio donde llevaron a cabo ejercicios de fortalecimiento.<\/p>\n<p>Posteriormente, continuaron con su sesi\u00f3n regenerativa con trote y estiramientos. Mientras que los que no vieron acci\u00f3n o participaron pocos minutos en ese duelo, tuvieron m\u00e1s exigencia en sus trabajos con espacios reducidos.<\/p>\n<p>El \u201cReba\u00f1o Sagrado\u201d recibir\u00e1 el domingo a los Leones Negros de la Universidad de Guadalajara en la vuelta de la Llave Dos de la Copa MX, y el s\u00e1bado visitar\u00e1n el estadio V\u00edctor Manuel Reyna para enfrentar a Chiapas.<\/p>\n<p style=\"text-align: center;\"><strong>Almeyda acepta su\u00a0<\/strong><strong> responsabilidad<\/strong><\/p>\n<p>Despu\u00e9s de perder en su casa ante Le\u00f3n y sin triunfos en seis fechas del Torneo Clausura 2016 de la Liga MX, el t\u00e9cnico argentino Mat\u00edas Almeyda acept\u00f3 que Guadalajara ya toc\u00f3 fondo y es su responsabilidad.<\/p>\n<p>\u201cUno como entrenador trata de darle la confianza al jugador dependiendo el momento para brindarle esa seguridad en el campo, pero hoy me doy cuenta que hemos tocado fondo\u201d, dijo.<\/p>\n<p>Manifest\u00f3 que esta situaci\u00f3n debe servirle como impulso para salir de la complicada situaci\u00f3n futbol\u00edstica y de resultados por la que atraviesan.<\/p>\n<p>\u201cEso tiene que ser un resorte para que Chivas vaya hacia arriba nuevamente, \u00bfc\u00f3mo se logra eso? trabajando, cambiando, viendo qui\u00e9n est\u00e1 en plena disposici\u00f3n, liberado de mente y cuerpo y con deseos de sacar esto adelante\u201d.<\/p>\n<p>El \u201cPelado\u201d dej\u00f3 en claro que \u00e9l es el responsable de toda esta situaci\u00f3n, la cual espera empezar a modificar con movimientos en la alineaci\u00f3n.<\/p>\n<p>\u201cAsumo todo tipo de responsabilidad por bancar (apoyar) a diferentes jugadores, por darles la posibilidad, y a partir del partido que viene empezar\u00e9 a cambiar y ver todas las maneras para sacar esto adelante, la vida contin\u00faa y mientras tenga la chance de trabajar lo har\u00e9 y adem\u00e1s las herramientas lucho hasta el final\u201d.<\/p>\n<p>&nbsp;<\/p>\n","protected":false},"excerpt":{"rendered":"<p>La continuidad del argentino Mat\u00edas Almeyda al frente de Guadalajara jam\u00e1s ha estado en duda, afirm\u00f3 Jorge Vergara, quien adem\u00e1s se\u00f1al\u00f3 que hablar\u00e1 directamente con Carlos Pe\u00f1a para que le explique las razones de su bajo nivel.<\/p>\n","protected":false},"author":3,"featured_media":256048,"comment_status":"open","ping_status":"open","sticky":false,"template":"","format":"standard","meta":{"_monsterinsights_skip_tracking":false,"_monsterinsights_sitenote_active":false,"_monsterinsights_sitenote_note":"","_monsterinsights_sitenote_category":0,"footnotes":""},"categories":[10],"tags":[5046,43680,2821],"class_list":["post-255961","post","type-post","status-publish","format-standard","has-post-thumbnail","hentry","category-deportes","tag-chivas","tag-deportes","tag-guadalajara"],"_links":{"self":[{"href":"https:\/\/www.diarioimagen.net\/index.php?rest_route=\/wp\/v2\/posts\/255961","targetHints":{"allow":["GET"]}}],"collection":[{"href":"https:\/\/www.diarioimagen.net\/index.php?rest_route=\/wp\/v2\/posts"}],"about":[{"href":"https:\/\/www.diarioimagen.net\/index.php?rest_route=\/wp\/v2\/types\/post"}],"author":[{"embeddable":true,"href":"https:\/\/www.diarioimagen.net\/index.php?rest_route=\/wp\/v2\/users\/3"}],"replies":[{"embeddable":true,"href":"https:\/\/www.diarioimagen.net\/index.php?rest_route=%2Fwp%2Fv2%2Fcomments&post=255961"}],"version-history":[{"count":0,"href":"https:\/\/www.diarioimagen.net\/index.php?rest_route=\/wp\/v2\/posts\/255961\/revisions"}],"wp:featuredmedia":[{"embeddable":true,"href":"https:\/\/www.diarioimagen.net\/index.php?rest_route=\/wp\/v2\/media\/256048"}],"wp:attachment":[{"href":"https:\/\/www.diarioimagen.net\/index.php?rest_route=%2Fwp%2Fv2%2Fmedia&parent=255961"}],"wp:term":[{"taxonomy":"category","embeddable":true,"href":"https:\/\/www.diarioimagen.net\/index.php?rest_route=%2Fwp%2Fv2%2Fcategories&post=255961"},{"taxonomy":"post_tag","embeddable":true,"href":"https:\/\/www.diarioimagen.net\/index.php?rest_route=%2Fwp%2Fv2%2Ftags&post=255961"}],"curies":[{"name":"wp","href":"https:\/\/api.w.org\/{rel}","templated":true}]}}