{"id":255971,"date":"2016-02-16T00:09:58","date_gmt":"2016-02-16T06:09:58","guid":{"rendered":"http:\/\/www.diarioimagen.net\/?p=255971"},"modified":"2016-02-16T06:05:25","modified_gmt":"2016-02-16T12:05:25","slug":"visita-del-papa-francisco","status":"publish","type":"post","link":"https:\/\/www.diarioimagen.net\/?p=255971","title":{"rendered":"Visita del Papa Francisco"},"content":{"rendered":"<h2>\u00cdndice pol\u00edtico<\/h2>\n<h5>Francisco Rodr\u00edguez<\/h5>\n<p>&nbsp;<\/p>\n<div id=\"attachment_256062\" style=\"width: 430px\" class=\"wp-caption aligncenter\"><a href=\"http:\/\/www.diarioimagen.net\/?attachment_id=256062\" rel=\"attachment wp-att-256062\"><img loading=\"lazy\" decoding=\"async\" aria-describedby=\"caption-attachment-256062\" class=\"size-large wp-image-256062\" src=\"http:\/\/www.diarioimagen.net\/wp-content\/uploads\/2016\/02\/topo-chico-MARAL-2805-420x320.jpg\" alt=\"\u00bfTopo Chico?.. | Maral\" width=\"420\" height=\"320\" srcset=\"https:\/\/www.diarioimagen.net\/wp-content\/uploads\/2016\/02\/topo-chico-MARAL-2805-420x320.jpg 420w, https:\/\/www.diarioimagen.net\/wp-content\/uploads\/2016\/02\/topo-chico-MARAL-2805-240x183.jpg 240w, https:\/\/www.diarioimagen.net\/wp-content\/uploads\/2016\/02\/topo-chico-MARAL-2805-768x584.jpg 768w, https:\/\/www.diarioimagen.net\/wp-content\/uploads\/2016\/02\/topo-chico-MARAL-2805.jpg 1200w\" sizes=\"auto, (max-width: 420px) 100vw, 420px\" \/><\/a><p id=\"caption-attachment-256062\" class=\"wp-caption-text\">\u00bfTopo Chico?.. | Maral<\/p><\/div>\n<p>&nbsp;<\/p>\n<p>S\u00f3lo a los orates se les ocurre gastar carretadas de millones que nunca regresar\u00e1n para preparar los templetes y tinglados desde los cuales no recibieron elogios al desempe\u00f1o, sino ofensas directas, mensajes enviados, no por angustias pastorales, sino por los que mecen la cuna, financieros desesperados por los niveles de incompetencia que detectan.<\/p>\n<p>Erasmo de Rotterdam retrat\u00f3 con suficiencia cl\u00e1sica, en su <em>Elogio de la locura<\/em>, los afanes de anfitriones perdidos en la soberbia, que, a trav\u00e9s de pretextos \u00f1o\u00f1os, de lucimiento, organizan grandes huateques para acabar siendo ridiculizados por hu\u00e9spedes inopinados e inc\u00f3modos.<\/p>\n<p>\u200e\u00bfQu\u00e9 necesidad hab\u00eda de organizar el descomunal oso s\u00f3lo para que El Vicario, heredero de P\u00edo IX \u2014el que aval\u00f3 la intervenci\u00f3n francesa y el segundo Imperio en nuestro pa\u00eds, y de Juan Pablo II, quien protegi\u00f3 hasta la ignominia los abusos de los pederastas fondeadores del Opus Dei y del Banco Ambrosiano\u2014 viniera a lucir su palmito?<\/p>\n<p>La prensa internacional destaca las invectivas y rega\u00f1os p\u00fablicos que <em>El Papa Gaucho<\/em>, encubridor del militarismo asesino de Videla, espet\u00f3 en plena cara a los dirigentes mexicanos, sus anfitriones que pelearon cada palmo de terreno para aparecer m\u00e1s cerca del siniestro pastor. \u00a1Vaya, hasta comulgaron!<\/p>\n<p style=\"text-align: center;\"><strong>Invitados especiales<\/strong><\/p>\n<p>Los rotativos del exterior no hacen m\u00e1s que reiterar lo que todos los mexicanos sabemos desde que los improvisados tomaron el poder: beneficiar a un grupito de desalmados, causa corrupci\u00f3n, narco y crimen. La exclusi\u00f3n de diferentes, violencia, trata, secuestro y muerte. Alentar oligopolios causa sufrimiento y frena desarrollo.<\/p>\n<p>Entre los \u201cinvitados especiales\u201d, la cauda de los \u201clavadores\u201d del narco, de los trasegadores del billete sucio, ataviados con capelos, sotanas, casullas o corbatas de civil, elevando sus oraciones, pero s\u00f3lo para que las c\u00e1maras en vivo no los enfoquen demasiado, por si las moscas, usted sabe, el mundo ya es muy chiquito.<\/p>\n<p>Eso, en p\u00fablico, despu\u00e9s de haberlo introducido a Palacio Nacional\u200e por la Puerta de Honor, gracias a los desaguisados constitucionales de Carlos Salinas de Gortari, y compartir los clarines marciales de la \u201cMarcha de Honor\u201d, s\u00f3lo reservada para los grandes. \u00a1Vaya usted a saber el contenido del mensaje privado, s\u00f3lo para los o\u00eddos de los estultos!<\/p>\n<p style=\"text-align: center;\"><strong>Recepci\u00f3n, a cargo de Televisa<\/strong><\/p>\n<p>Y otra vez, el burro hablando de orejas. \u00bfEl hecho de ser el portavoz oficial de las ofensas y fil\u00edpicas de los financieros internacionales, le concede al visitante el beneficio de ser recibido entre cargas de millones, por un pueblo arrobado por el fervor convenenciero de los medios domesticados?<\/p>\n<p>\u200e\u00bfNadie es capaz de recordarle a Francisco su pertinaz labor de palafrenero de los milicos argentinos que causaron la tortura y muerte de una de las generaciones c\u00edvicas m\u00e1s valientes del continente? \u00bfPor qu\u00e9 nos callamos ante la barbarie manifiesta, ante el atropello de los fatuos?<\/p>\n<p>\u200e\u00bfPor qu\u00e9 nos fumamos, sin protestar, por la ofensa al sentido cultural del pueblo que signific\u00f3 el lamentable recibimiento, organizado por los infumables charritos y estrellitas de Televisa? Un protocolo de rancho, que nos hace ver infames en el resto del mundo. Seguimos, con todo y sarape, recostados, durmiendo \u201cla mona\u201d recargados en el maguey.<\/p>\n<p style=\"text-align: center;\"><strong>En la Constituci\u00f3n, todo lo que dice Francisco<\/strong><\/p>\n<p>Como a nuestros pr\u00f3ceres pri\u00edstas todo les sale al rev\u00e9s, tuvieron que tragarse el \u00e1cido de ver c\u00f3mo se lucieron Felipe de Jes\u00fas Calder\u00f3n y su pareja Margarita Zavala, que no se cansa de morder el rebozo, ante los fieles cat\u00f3licos congregados en el acto de La Villa. Se llevaron la noche, entre las ovaciones de los acarreados de escapulario.\u200e \u00a1Pareci\u00f3 que les escribieron el gui\u00f3n, y no les cost\u00f3 ni un quinto!<\/p>\n<p>A los mexicanos no les hace falta que alguien, tan ajeno al concepto, venga a retallar sobre la equidad. Desde hace cien a\u00f1os est\u00e1 definida en la Constituci\u00f3n como la obligaci\u00f3n de atender, sin hostilidades ni exclusivismos, la comprensi\u00f3n de nuestros problemas&#8230;&#8230; el aprovechamiento de nuestros recursos, la defensa de la independencia pol\u00edtica, el aseguramiento de la independencia econ\u00f3mica, la continuidad y el acrecentamiento de la cultura, la dignidad de la persona, la integridad de la familia, la igualdad de todos, evitando privilegios de raza, religi\u00f3n, grupos, sexos o individuos.<\/p>\n<p>Lo que pasa es que, quienes deber\u00edan hacerlo, no leen, ni conocen el Art\u00edculo Tercero Constitucional. Por eso se asombran cuando alg\u00fan fontanero del exterior viene a destaparles los ojos, las orejas y hasta algunas partes pudendas, con singular violencia verbal. \u00c9l sabe que est\u00e1 protegido por sus enviados. Que habla en despoblado.<\/p>\n<p style=\"text-align: center;\"><strong>Privilegiados catat\u00f3nicos. \u00bfC\u00f3mo conservar\u00e1n sus riquezas?<\/strong><\/p>\n<p>Menos se enteran que eso de la distribuci\u00f3n equitativa de la riqueza p\u00fablica ha acaparado la atenci\u00f3n de la sociedad internacional, por lo menos, desde hace cuatro siglos. No saben que la justicia distributiva y conmutativa es la grasita gracias a la cual funciona todo el aparato planetario. Sin circulaci\u00f3n de la riqueza, no puede haber ni explotaci\u00f3n. Es el catatonismo de unos cuantos privilegiados, que luego no saben qu\u00e9 hacer para conservar lo que tienen.<\/p>\n<p>\u200eTodo sistema mundial requiere, para tener \u00e9xito, usar medidas imperativas y fiscales; orientar la econom\u00eda y lograr metas comunes; vigilar el equilibrio entre la empresa y el trabajador para impedir los abusos; controlar estatalmente los recursos naturales y las industrias b\u00e1sicas; que los l\u00edderes genuinos participen en todas las labores de dirigencia.<\/p>\n<p style=\"text-align: center;\"><strong>\u00bfDe qu\u00e9 barro est\u00e1n hechos los \u201cgobernantes\u201d?<\/strong><\/p>\n<p>Que se separe la esfera de acci\u00f3n del particular de la del Estado, reserv\u00e1ndose a \u00e9ste la facultad de controlar los recursos naturales, las operaciones industriales y mercantiles e imponer al derecho de propiedad las modalidades y restricciones indispensables para la mejor utilizaci\u00f3n de los recursos y el reparto de los beneficios.<\/p>\n<p>Que la orientaci\u00f3n de las acciones comunes debe atender en forma preferente a la satisfacci\u00f3n de las necesidades de las clases trabajadoras.<\/p>\n<p>Que el poder del Estado debe impedir la incesante concentraci\u00f3n de la riqueza, recurriendo a sistemas de todo tipo, en especial de car\u00e1cter fiscal que moderen las desigualdades, redistribuyan la riqueza y regulen su circulaci\u00f3n.<\/p>\n<p>Que la paz social, indispensable para el progreso, debe conseguirse por el convencimiento popular de que las metas buscadas llevan al ideal com\u00fan y de que no se permita a ning\u00fan grupo o clase sacar ventajas que en estricta justicia no le correspondan.<\/p>\n<p>En el fondo, la necesaria adopci\u00f3n de modelos pol\u00edticos que aseguren estabilidad y gobernabilidad a los sistemas para poder, como dec\u00eda la sentencia romana: <em>Suum cuique tribuere<\/em> \u2014dar a cada quien lo suyo. Si no, no funciona el abarrote. El mayor peligro: \u00a1que hasta el narco opte por retirarse del pa\u00eds! Y ah\u00ed s\u00ed, \u00a1a parir tunas!<\/p>\n<p>\u00bfPara esto era necesario que los financieros ordenaran a Francisco venir a fustigar a los pr\u00f3ceres de petate?\u200e \u00a1Est\u00e1 en cualquier libro de texto!<\/p>\n<p>\u00bfQu\u00e9 necesidad de ser carne de la diatriba y la burla internacional? \u00bfPasamos del cinismo al masoquismo? \u00bfDe qu\u00e9 barro est\u00e1n hechos? \u00a1Por Dios!<\/p>\n<p><strong><em>\u00cdndice Flam\u00edgero<\/em><\/strong>: El Estado laico ha estado a prueba. Suspenden clases en las entidades visitadas por Francisco, y la SEP hace mutis en una actitud francamente \u00f1o\u00f1a\u2026 Los integrantes del gabinete presidencial y sus c\u00f3nyuges piden a gritos la bendici\u00f3n del visitante, lo peor, \u00e9ste se las niega\u2026 \u00a0+ + + Y desde Francia, a trav\u00e9s de <em>bots<\/em> en la red social Twitter, hizo acto de presencia el fin de semana el \u00bffugitivo? Marcelo Ebrard.<\/p>\n<p><a href=\"http:\/\/www.indicepolitico.com\/\" target=\"_blank\"><em>www.indicepolitico.com<\/em><\/a><br \/>\n<em><a href=\"mailto:pacorodriguez@journalist.com\" target=\"_blank\">pacorodriguez@journalist.com<\/a><\/em><br \/>\n<em><a href=\"https:\/\/twitter.com\/pacorodriguez\" target=\"_blank\">@pacorodriguez<\/a><\/em><\/p>\n","protected":false},"excerpt":{"rendered":"<p><span style=\"color: #005497;\"><strong>Francisco Rodr\u00edguez<\/strong><\/span><br \/>\n<br \/>\nS\u00f3lo a los orates se les ocurre gastar carretadas de millones que nunca regresar\u00e1n para preparar los templetes y tinglados desde los cuales no recibieron elogios al desempe\u00f1o, sino ofensas directas, mensajes enviados, no por angustias pastorales, sino por los que mecen la cuna, financieros desesperados por los niveles de incompetencia que detectan.<\/p>\n","protected":false},"author":3,"featured_media":256062,"comment_status":"open","ping_status":"open","sticky":false,"template":"","format":"standard","meta":{"_monsterinsights_skip_tracking":false,"_monsterinsights_sitenote_active":false,"_monsterinsights_sitenote_note":"","_monsterinsights_sitenote_category":0,"footnotes":""},"categories":[549],"tags":[43689,550,43674],"class_list":["post-255971","post","type-post","status-publish","format-standard","has-post-thumbnail","hentry","category-francisco-rodriguez","tag-francisco-rodriguez","tag-indice-politico","tag-opinion"],"_links":{"self":[{"href":"https:\/\/www.diarioimagen.net\/index.php?rest_route=\/wp\/v2\/posts\/255971","targetHints":{"allow":["GET"]}}],"collection":[{"href":"https:\/\/www.diarioimagen.net\/index.php?rest_route=\/wp\/v2\/posts"}],"about":[{"href":"https:\/\/www.diarioimagen.net\/index.php?rest_route=\/wp\/v2\/types\/post"}],"author":[{"embeddable":true,"href":"https:\/\/www.diarioimagen.net\/index.php?rest_route=\/wp\/v2\/users\/3"}],"replies":[{"embeddable":true,"href":"https:\/\/www.diarioimagen.net\/index.php?rest_route=%2Fwp%2Fv2%2Fcomments&post=255971"}],"version-history":[{"count":0,"href":"https:\/\/www.diarioimagen.net\/index.php?rest_route=\/wp\/v2\/posts\/255971\/revisions"}],"wp:featuredmedia":[{"embeddable":true,"href":"https:\/\/www.diarioimagen.net\/index.php?rest_route=\/wp\/v2\/media\/256062"}],"wp:attachment":[{"href":"https:\/\/www.diarioimagen.net\/index.php?rest_route=%2Fwp%2Fv2%2Fmedia&parent=255971"}],"wp:term":[{"taxonomy":"category","embeddable":true,"href":"https:\/\/www.diarioimagen.net\/index.php?rest_route=%2Fwp%2Fv2%2Fcategories&post=255971"},{"taxonomy":"post_tag","embeddable":true,"href":"https:\/\/www.diarioimagen.net\/index.php?rest_route=%2Fwp%2Fv2%2Ftags&post=255971"}],"curies":[{"name":"wp","href":"https:\/\/api.w.org\/{rel}","templated":true}]}}