{"id":256104,"date":"2016-02-17T00:08:20","date_gmt":"2016-02-17T06:08:20","guid":{"rendered":"http:\/\/www.diarioimagen.net\/?p=256104"},"modified":"2016-02-17T03:41:01","modified_gmt":"2016-02-17T09:41:01","slug":"continua-programa-dia-de-bacheo","status":"publish","type":"post","link":"https:\/\/www.diarioimagen.net\/?p=256104","title":{"rendered":"Contin\u00faa programa \u201cD\u00eda de Bacheo\u201d"},"content":{"rendered":"<ul>\n<li><strong><em>En calles de Toluca<\/em><\/strong><\/li>\n<\/ul>\n<p>&nbsp;<\/p>\n<p><a href=\"http:\/\/www.diarioimagen.net\/?attachment_id=256186\" rel=\"attachment wp-att-256186\"><img loading=\"lazy\" decoding=\"async\" class=\"aligncenter size-large wp-image-256186\" src=\"http:\/\/www.diarioimagen.net\/wp-content\/uploads\/2016\/02\/bacheo-2806-420x236.jpg\" alt=\"bacheo-2806\" width=\"420\" height=\"236\" srcset=\"https:\/\/www.diarioimagen.net\/wp-content\/uploads\/2016\/02\/bacheo-2806-420x236.jpg 420w, https:\/\/www.diarioimagen.net\/wp-content\/uploads\/2016\/02\/bacheo-2806-240x135.jpg 240w, https:\/\/www.diarioimagen.net\/wp-content\/uploads\/2016\/02\/bacheo-2806-235x132.jpg 235w, https:\/\/www.diarioimagen.net\/wp-content\/uploads\/2016\/02\/bacheo-2806-202x114.jpg 202w, https:\/\/www.diarioimagen.net\/wp-content\/uploads\/2016\/02\/bacheo-2806-350x196.jpg 350w, https:\/\/www.diarioimagen.net\/wp-content\/uploads\/2016\/02\/bacheo-2806-220x123.jpg 220w, https:\/\/www.diarioimagen.net\/wp-content\/uploads\/2016\/02\/bacheo-2806-237x132.jpg 237w, https:\/\/www.diarioimagen.net\/wp-content\/uploads\/2016\/02\/bacheo-2806.jpg 480w\" sizes=\"auto, (max-width: 420px) 100vw, 420px\" \/><\/a><\/p>\n<p>&nbsp;<\/p>\n<p><strong>Toluca, Estado de M\u00e9xico<\/strong>.- A mes y medio de haber iniciado el programa \u201cD\u00eda de Bacheo\u201d, se han reparado m\u00e1s de 9 mil 500 metros cuadrados en Toluca, con un total de 637 toneladas de mezcla asf\u00e1ltica, aplicada en 93 calles.<\/p>\n<p>Por lo tanto, la fecha se ha realizado este trabajado en colonias y comunidades como: S\u00e1nchez, Independencia, La Maquinita, Ferrocarriles Nacionales, San Lorenzo Tepaltitl\u00e1n, San Sebasti\u00e1n, Santa Ana Tlapaltitl\u00e1n, San Pedro Totoltepec, Cacalomac\u00e1n, Capultitl\u00e1n, San Felipe Tlalmimilolpan, Centro Hist\u00f3rico, entre otras.<\/p>\n<p>De este modo, para verificar el avance de este programa, Fernando Zamora, alcalde de Toluca, supervisa de manera constante el trabajo de las brigadas que lo integran. Adem\u00e1s, solicit\u00f3 la comprensi\u00f3n de los toluque\u00f1os, ya que dichos trabajos, aunque pueden causar molestias, mejoran a largo plazo la circulaci\u00f3n y el aspecto de la capital mexiquense.<\/p>\n","protected":false},"excerpt":{"rendered":"<p>A mes y medio de haber iniciado el programa \u201cD\u00eda de Bacheo\u201d, se han reparado m\u00e1s de 9 mil 500 metros cuadrados en Toluca, con un total de 637 toneladas de mezcla asf\u00e1ltica, aplicada en 93 calles.<\/p>\n","protected":false},"author":3,"featured_media":256186,"comment_status":"open","ping_status":"open","sticky":false,"template":"","format":"standard","meta":{"_monsterinsights_skip_tracking":false,"_monsterinsights_sitenote_active":false,"_monsterinsights_sitenote_note":"","_monsterinsights_sitenote_category":0,"footnotes":""},"categories":[5],"tags":[43675,452],"class_list":["post-256104","post","type-post","status-publish","format-standard","has-post-thumbnail","hentry","category-estado-de-mexico","tag-estado-de-mexico","tag-toluca"],"_links":{"self":[{"href":"https:\/\/www.diarioimagen.net\/index.php?rest_route=\/wp\/v2\/posts\/256104","targetHints":{"allow":["GET"]}}],"collection":[{"href":"https:\/\/www.diarioimagen.net\/index.php?rest_route=\/wp\/v2\/posts"}],"about":[{"href":"https:\/\/www.diarioimagen.net\/index.php?rest_route=\/wp\/v2\/types\/post"}],"author":[{"embeddable":true,"href":"https:\/\/www.diarioimagen.net\/index.php?rest_route=\/wp\/v2\/users\/3"}],"replies":[{"embeddable":true,"href":"https:\/\/www.diarioimagen.net\/index.php?rest_route=%2Fwp%2Fv2%2Fcomments&post=256104"}],"version-history":[{"count":0,"href":"https:\/\/www.diarioimagen.net\/index.php?rest_route=\/wp\/v2\/posts\/256104\/revisions"}],"wp:featuredmedia":[{"embeddable":true,"href":"https:\/\/www.diarioimagen.net\/index.php?rest_route=\/wp\/v2\/media\/256186"}],"wp:attachment":[{"href":"https:\/\/www.diarioimagen.net\/index.php?rest_route=%2Fwp%2Fv2%2Fmedia&parent=256104"}],"wp:term":[{"taxonomy":"category","embeddable":true,"href":"https:\/\/www.diarioimagen.net\/index.php?rest_route=%2Fwp%2Fv2%2Fcategories&post=256104"},{"taxonomy":"post_tag","embeddable":true,"href":"https:\/\/www.diarioimagen.net\/index.php?rest_route=%2Fwp%2Fv2%2Ftags&post=256104"}],"curies":[{"name":"wp","href":"https:\/\/api.w.org\/{rel}","templated":true}]}}