{"id":256129,"date":"2016-02-17T00:01:17","date_gmt":"2016-02-17T06:01:17","guid":{"rendered":"http:\/\/www.diarioimagen.net\/?p=256129"},"modified":"2016-02-17T03:57:16","modified_gmt":"2016-02-17T09:57:16","slug":"jorge-olvera-inauguro-libreria-horacio-zuniga-anaya","status":"publish","type":"post","link":"https:\/\/www.diarioimagen.net\/?p=256129","title":{"rendered":"Jorge Olvera inaugur\u00f3 Librer\u00eda \u201cHoracio Z\u00fa\u00f1iga Anaya\u201d"},"content":{"rendered":"<p><a href=\"http:\/\/www.diarioimagen.net\/?attachment_id=256221\" rel=\"attachment wp-att-256221\"><img loading=\"lazy\" decoding=\"async\" class=\"aligncenter size-large wp-image-256221\" src=\"http:\/\/www.diarioimagen.net\/wp-content\/uploads\/2016\/02\/UAEM-2806-420x236.jpg\" alt=\"UAEM-2806\" width=\"420\" height=\"236\" srcset=\"https:\/\/www.diarioimagen.net\/wp-content\/uploads\/2016\/02\/UAEM-2806-420x236.jpg 420w, https:\/\/www.diarioimagen.net\/wp-content\/uploads\/2016\/02\/UAEM-2806-240x135.jpg 240w, https:\/\/www.diarioimagen.net\/wp-content\/uploads\/2016\/02\/UAEM-2806-235x132.jpg 235w, https:\/\/www.diarioimagen.net\/wp-content\/uploads\/2016\/02\/UAEM-2806-202x114.jpg 202w, https:\/\/www.diarioimagen.net\/wp-content\/uploads\/2016\/02\/UAEM-2806-350x196.jpg 350w, https:\/\/www.diarioimagen.net\/wp-content\/uploads\/2016\/02\/UAEM-2806-220x123.jpg 220w, https:\/\/www.diarioimagen.net\/wp-content\/uploads\/2016\/02\/UAEM-2806-237x132.jpg 237w, https:\/\/www.diarioimagen.net\/wp-content\/uploads\/2016\/02\/UAEM-2806.jpg 480w\" sizes=\"auto, (max-width: 420px) 100vw, 420px\" \/><\/a><\/p>\n<p>&nbsp;<\/p>\n<p>El rector de la Universidad Aut\u00f3noma del Estado de M\u00e9xico, Jorge Olvera Garc\u00eda, inaugur\u00f3 la Librer\u00eda del Fondo Editorial de la UAEM \u201cHoracio Z\u00fa\u00f1iga Anaya\u201d, que tiene como prop\u00f3sito promover la cultura de la lectura entre la comunidad universitaria y la sociedad en general, mediante la difusi\u00f3n y comercializaci\u00f3n de los productos del Fondo Editorial de la instituci\u00f3n. En este marco, el rector entreg\u00f3 las instalaciones que albergan las direcciones de Promoci\u00f3n Art\u00edstica y Fomento Editorial, as\u00ed como el Programa Editorial de la instituci\u00f3n, dependientes de la Secretar\u00eda de Difusi\u00f3n Cultural de la UAEM.<\/p>\n<p>&nbsp;<\/p>\n","protected":false},"excerpt":{"rendered":"<p>&nbsp; El rector de la Universidad Aut\u00f3noma del Estado de M\u00e9xico, Jorge Olvera Garc\u00eda, inaugur\u00f3 la Librer\u00eda del Fondo Editorial de la UAEM \u201cHoracio Z\u00fa\u00f1iga Anaya\u201d, que tiene como prop\u00f3sito promover la cultura de la lectura entre la comunidad universitaria y la sociedad en general, mediante la difusi\u00f3n y comercializaci\u00f3n de los productos del Fondo [&hellip;]<\/p>\n","protected":false},"author":3,"featured_media":256221,"comment_status":"open","ping_status":"open","sticky":false,"template":"","format":"standard","meta":{"_monsterinsights_skip_tracking":false,"_monsterinsights_sitenote_active":false,"_monsterinsights_sitenote_note":"","_monsterinsights_sitenote_category":0,"footnotes":""},"categories":[35155],"tags":[43675,27015],"class_list":["post-256129","post","type-post","status-publish","format-standard","has-post-thumbnail","hentry","category-estado-de-mexico-estado-de-mexico","tag-estado-de-mexico","tag-jorge-olvera-garcia"],"_links":{"self":[{"href":"https:\/\/www.diarioimagen.net\/index.php?rest_route=\/wp\/v2\/posts\/256129","targetHints":{"allow":["GET"]}}],"collection":[{"href":"https:\/\/www.diarioimagen.net\/index.php?rest_route=\/wp\/v2\/posts"}],"about":[{"href":"https:\/\/www.diarioimagen.net\/index.php?rest_route=\/wp\/v2\/types\/post"}],"author":[{"embeddable":true,"href":"https:\/\/www.diarioimagen.net\/index.php?rest_route=\/wp\/v2\/users\/3"}],"replies":[{"embeddable":true,"href":"https:\/\/www.diarioimagen.net\/index.php?rest_route=%2Fwp%2Fv2%2Fcomments&post=256129"}],"version-history":[{"count":0,"href":"https:\/\/www.diarioimagen.net\/index.php?rest_route=\/wp\/v2\/posts\/256129\/revisions"}],"wp:featuredmedia":[{"embeddable":true,"href":"https:\/\/www.diarioimagen.net\/index.php?rest_route=\/wp\/v2\/media\/256221"}],"wp:attachment":[{"href":"https:\/\/www.diarioimagen.net\/index.php?rest_route=%2Fwp%2Fv2%2Fmedia&parent=256129"}],"wp:term":[{"taxonomy":"category","embeddable":true,"href":"https:\/\/www.diarioimagen.net\/index.php?rest_route=%2Fwp%2Fv2%2Fcategories&post=256129"},{"taxonomy":"post_tag","embeddable":true,"href":"https:\/\/www.diarioimagen.net\/index.php?rest_route=%2Fwp%2Fv2%2Ftags&post=256129"}],"curies":[{"name":"wp","href":"https:\/\/api.w.org\/{rel}","templated":true}]}}