{"id":256153,"date":"2016-02-17T00:06:39","date_gmt":"2016-02-17T06:06:39","guid":{"rendered":"http:\/\/www.diarioimagen.net\/?p=256153"},"modified":"2016-02-17T07:08:48","modified_gmt":"2016-02-17T13:08:48","slug":"enriqueceran-ciudadanos-plan-municipal-de-desarrollo","status":"publish","type":"post","link":"https:\/\/www.diarioimagen.net\/?p=256153","title":{"rendered":"Enriquecer\u00e1n ciudadanos Plan Municipal de Desarrollo"},"content":{"rendered":"<ul>\n<li><strong><em>Gobierno de Ecatepec ha recibido 240 propuestas<\/em><\/strong><\/li>\n<\/ul>\n<p>&nbsp;<\/p>\n<div id=\"attachment_256249\" style=\"width: 430px\" class=\"wp-caption aligncenter\"><a href=\"http:\/\/www.diarioimagen.net\/?attachment_id=256249\" rel=\"attachment wp-att-256249\"><img loading=\"lazy\" decoding=\"async\" aria-describedby=\"caption-attachment-256249\" class=\"size-large wp-image-256249\" src=\"http:\/\/www.diarioimagen.net\/wp-content\/uploads\/2016\/02\/ECATEPEC-2806-420x236.jpg\" alt=\"El gobierno municipal ha recibido 240 propuestas de la ciudadan\u00eda que servir\u00e1n para que el H. Ayuntamiento las analice y, de ser aprobadas, puedan integrarse al Plan Municipal de Desarrollo 2016-2018.\" width=\"420\" height=\"236\" srcset=\"https:\/\/www.diarioimagen.net\/wp-content\/uploads\/2016\/02\/ECATEPEC-2806-420x236.jpg 420w, https:\/\/www.diarioimagen.net\/wp-content\/uploads\/2016\/02\/ECATEPEC-2806-240x135.jpg 240w, https:\/\/www.diarioimagen.net\/wp-content\/uploads\/2016\/02\/ECATEPEC-2806-235x132.jpg 235w, https:\/\/www.diarioimagen.net\/wp-content\/uploads\/2016\/02\/ECATEPEC-2806-202x114.jpg 202w, https:\/\/www.diarioimagen.net\/wp-content\/uploads\/2016\/02\/ECATEPEC-2806-350x196.jpg 350w, https:\/\/www.diarioimagen.net\/wp-content\/uploads\/2016\/02\/ECATEPEC-2806-220x123.jpg 220w, https:\/\/www.diarioimagen.net\/wp-content\/uploads\/2016\/02\/ECATEPEC-2806-237x132.jpg 237w, https:\/\/www.diarioimagen.net\/wp-content\/uploads\/2016\/02\/ECATEPEC-2806.jpg 480w\" sizes=\"auto, (max-width: 420px) 100vw, 420px\" \/><\/a><p id=\"caption-attachment-256249\" class=\"wp-caption-text\">El gobierno municipal ha recibido 240 propuestas de la ciudadan\u00eda que servir\u00e1n para que el H. Ayuntamiento las analice y, de ser aprobadas, puedan integrarse al Plan Municipal de Desarrollo 2016-2018.<\/p><\/div>\n<p>&nbsp;<\/p>\n<p><strong>Ecatepec, Estado de M\u00e9xico<\/strong>.- En los \u00faltimos 15 d\u00edas, el gobierno local ha recibido 240 propuestas de la ciudadan\u00eda, a trav\u00e9s de diferentes foros regionales, realizados en la localidad, que servir\u00e1n para que el H. Ayuntamiento las analice y, de ser aprobadas, puedan integrarse al Plan Municipal de Desa\u00adrrollo 2016-2018.<\/p>\n<p>Indalecio R\u00edos Vel\u00e1zquez, presidente municipal, inform\u00f3 que el objetivo principal es enriquecer el proyecto que dar\u00e1 rumbo a la actual administraci\u00f3n, por lo que es fundamental consultar a la poblaci\u00f3n y a especialistas en materia de seguridad, desarrollo urbano e inversi\u00f3n econ\u00f3mica.<\/p>\n<p>\u201cEn estas primeras reuniones con la poblaci\u00f3n los interesados han expuesto temas relacionados al pilar de Gobierno Solidario como son cultura f\u00edsica, deporte, salud, asistencia social, vivienda y grupos vulnerables, temas que son ejes rectores en este gobierno, que caracterizar\u00e1 por ser de orden humanista\u201d, dijo el edil.<\/p>\n<p>Se\u00f1al\u00f3 que hasta el momento se han efectuado tres de los cinco foros tem\u00e1ticos abiertos donde, a trav\u00e9s de mesas de trabajo, las autoridades escuchan y captan las demandas y propuestas ciudadanas de manera directa para beneficiar a la comunidad.<\/p>\n<p>Detall\u00f3 que los 500 ponentes que han participaron son principalmente delegados de colonias, estudiantes de nivel medio superior y superior, adem\u00e1s de organizaciones sociales y diversas dependencias de la administraci\u00f3n local, incluyendo s\u00edndicos y regidores.<\/p>\n<p>R\u00edos Vel\u00e1zquez invit\u00f3 a los vecinos a participar en los pr\u00f3ximos foros en los que se tratar\u00e1n los ejes de\u00a0 Gobierno de Resultados y Financiamiento para el Desarrollo, los cuales se llevar\u00e1n a cabo el lunes 22 de febrero en la Universidad Aut\u00f3noma del Estado de M\u00e9xico y viernes 26 de febrero en el Centro Universitario OPARIN.<\/p>\n<p>&nbsp;<\/p>\n","protected":false},"excerpt":{"rendered":"<p>En los \u00faltimos 15 d\u00edas, el gobierno local ha recibido 240 propuestas de la ciudadan\u00eda, a trav\u00e9s de diferentes foros regionales, realizados en la localidad, que servir\u00e1n para que el H. Ayuntamiento las analice y, de ser aprobadas, puedan integrarse al Plan Municipal de Desa\u00adrrollo 2016-2018.<\/p>\n","protected":false},"author":3,"featured_media":256249,"comment_status":"open","ping_status":"open","sticky":false,"template":"","format":"standard","meta":{"_monsterinsights_skip_tracking":false,"_monsterinsights_sitenote_active":false,"_monsterinsights_sitenote_note":"","_monsterinsights_sitenote_category":0,"footnotes":""},"categories":[35155],"tags":[454,43675],"class_list":["post-256153","post","type-post","status-publish","format-standard","has-post-thumbnail","hentry","category-estado-de-mexico-estado-de-mexico","tag-ecatepec","tag-estado-de-mexico"],"_links":{"self":[{"href":"https:\/\/www.diarioimagen.net\/index.php?rest_route=\/wp\/v2\/posts\/256153","targetHints":{"allow":["GET"]}}],"collection":[{"href":"https:\/\/www.diarioimagen.net\/index.php?rest_route=\/wp\/v2\/posts"}],"about":[{"href":"https:\/\/www.diarioimagen.net\/index.php?rest_route=\/wp\/v2\/types\/post"}],"author":[{"embeddable":true,"href":"https:\/\/www.diarioimagen.net\/index.php?rest_route=\/wp\/v2\/users\/3"}],"replies":[{"embeddable":true,"href":"https:\/\/www.diarioimagen.net\/index.php?rest_route=%2Fwp%2Fv2%2Fcomments&post=256153"}],"version-history":[{"count":0,"href":"https:\/\/www.diarioimagen.net\/index.php?rest_route=\/wp\/v2\/posts\/256153\/revisions"}],"wp:featuredmedia":[{"embeddable":true,"href":"https:\/\/www.diarioimagen.net\/index.php?rest_route=\/wp\/v2\/media\/256249"}],"wp:attachment":[{"href":"https:\/\/www.diarioimagen.net\/index.php?rest_route=%2Fwp%2Fv2%2Fmedia&parent=256153"}],"wp:term":[{"taxonomy":"category","embeddable":true,"href":"https:\/\/www.diarioimagen.net\/index.php?rest_route=%2Fwp%2Fv2%2Fcategories&post=256153"},{"taxonomy":"post_tag","embeddable":true,"href":"https:\/\/www.diarioimagen.net\/index.php?rest_route=%2Fwp%2Fv2%2Ftags&post=256153"}],"curies":[{"name":"wp","href":"https:\/\/api.w.org\/{rel}","templated":true}]}}