{"id":256159,"date":"2016-02-17T00:04:59","date_gmt":"2016-02-17T06:04:59","guid":{"rendered":"http:\/\/www.diarioimagen.net\/?p=256159"},"modified":"2016-02-17T03:50:49","modified_gmt":"2016-02-17T09:50:49","slug":"atizapan-por-analizar-el-mando-unico","status":"publish","type":"post","link":"https:\/\/www.diarioimagen.net\/?p=256159","title":{"rendered":"Atizap\u00e1n, por analizar el Mando \u00danico"},"content":{"rendered":"<ul>\n<li><strong><em>Urge mejorar procuraci\u00f3n de justicia<\/em><\/strong><\/li>\n<\/ul>\n<p>&nbsp;<\/p>\n<div id=\"attachment_256208\" style=\"width: 430px\" class=\"wp-caption aligncenter\"><a href=\"http:\/\/www.diarioimagen.net\/?attachment_id=256208\" rel=\"attachment wp-att-256208\"><img loading=\"lazy\" decoding=\"async\" aria-describedby=\"caption-attachment-256208\" class=\"size-large wp-image-256208\" src=\"http:\/\/www.diarioimagen.net\/wp-content\/uploads\/2016\/02\/ATIZAPAN-2806-420x236.jpg\" alt=\"El comisario y director de Seguridad P\u00fablica y Tr\u00e1nsito, Eduardo Gonz\u00e1lez Castillo, regal\u00f3 a nuevos matrimonios dos medallas conmemorativas de la canonizaci\u00f3n del Papa Juan Pablo II.\" width=\"420\" height=\"236\" srcset=\"https:\/\/www.diarioimagen.net\/wp-content\/uploads\/2016\/02\/ATIZAPAN-2806-420x236.jpg 420w, https:\/\/www.diarioimagen.net\/wp-content\/uploads\/2016\/02\/ATIZAPAN-2806-240x135.jpg 240w, https:\/\/www.diarioimagen.net\/wp-content\/uploads\/2016\/02\/ATIZAPAN-2806-235x132.jpg 235w, https:\/\/www.diarioimagen.net\/wp-content\/uploads\/2016\/02\/ATIZAPAN-2806-202x114.jpg 202w, https:\/\/www.diarioimagen.net\/wp-content\/uploads\/2016\/02\/ATIZAPAN-2806-350x196.jpg 350w, https:\/\/www.diarioimagen.net\/wp-content\/uploads\/2016\/02\/ATIZAPAN-2806-220x123.jpg 220w, https:\/\/www.diarioimagen.net\/wp-content\/uploads\/2016\/02\/ATIZAPAN-2806-237x132.jpg 237w, https:\/\/www.diarioimagen.net\/wp-content\/uploads\/2016\/02\/ATIZAPAN-2806.jpg 480w\" sizes=\"auto, (max-width: 420px) 100vw, 420px\" \/><\/a><p id=\"caption-attachment-256208\" class=\"wp-caption-text\">El comisario y director de Seguridad P\u00fablica y Tr\u00e1nsito, Eduardo Gonz\u00e1lez Castillo, regal\u00f3 a nuevos matrimonios dos medallas conmemorativas de la canonizaci\u00f3n del Papa Juan Pablo II.<\/p><\/div>\n<p>&nbsp;<\/p>\n<p><strong>Atizap\u00e1n, Estado de M\u00e9xico<\/strong>.- La presidenta municipal, Ana Mar\u00eda Balderas Trejo, se pronunci\u00f3 por analizar la implementaci\u00f3n del Mando \u00danico en los estados y municipios, al considerar prioritario reforzar la procuraci\u00f3n y aplicaci\u00f3n de la justicia.<\/p>\n<p>\u201cTenemos que analizarlo, tenemos que reforzar m\u00e1s bien la procuraci\u00f3n y aplicaci\u00f3n de la justicia, m\u00e1s que el tema del Mando \u00danico, que est\u00e9n mejor los ministerios p\u00fablicos\u201d, reiter\u00f3 la alcaldesa.<\/p>\n<p>A pregunta expresa en el sentido de que si est\u00e1 de acuerdo con el Mando \u00danico, la presidenta municipal, Mar\u00eda Balderas Trejo reiter\u00f3 que: \u201ctendr\u00edamos que analizarlo\u201d.<\/p>\n<p>Entrevistada en el evento \u201cLa Boda del A\u00f1o\u201d -donde el comisario y director de Seguridad P\u00fablica y Tr\u00e1nsito, Eduardo Gonz\u00e1lez Castillo regal\u00f3 entre los matrimonios dos medallas conmemorativas de la canonizaci\u00f3n del Papa Juan Pablo II-, la alcaldesa, anunci\u00f3 que pr\u00f3ximamente el H. Ayuntamiento entregar\u00e1 a todos los sectores de la polic\u00eda, 40 patrullas nuevas y dos ambulancias.<\/p>\n<p>Confi\u00f3 en que al terminar este a\u00f1o el Ayuntamiento pueda contar con 300 patrullas y el a\u00f1os siguiente, otras 300 para sumar 600 unidades y tener las unidades que se necesitan para dar seguridad a los atizapenses.<\/p>\n<p>La alcaldesa, Ana Mar\u00eda Balderas, destac\u00f3 que el Centro de Inteligencia y Monitoreo de Atizap\u00e1n (C-4) es uno de los mejores del Estado de M\u00e9xico y del pa\u00eds, e incluso se va a reforzar con 400 c\u00e1maras de videovigilancia m\u00e1s, para pasar de 685 a mil c\u00e1maras en toda la administraci\u00f3n.<\/p>\n<p>&nbsp;<\/p>\n","protected":false},"excerpt":{"rendered":"<p>La presidenta municipal, Ana Mar\u00eda Balderas Trejo, se pronunci\u00f3 por analizar la implementaci\u00f3n del Mando \u00danico en los estados y municipios, al considerar prioritario reforzar la procuraci\u00f3n y aplicaci\u00f3n de la justicia.<\/p>\n","protected":false},"author":3,"featured_media":256208,"comment_status":"open","ping_status":"open","sticky":false,"template":"","format":"standard","meta":{"_monsterinsights_skip_tracking":false,"_monsterinsights_sitenote_active":false,"_monsterinsights_sitenote_note":"","_monsterinsights_sitenote_category":0,"footnotes":""},"categories":[35155],"tags":[969,43675,15611],"class_list":["post-256159","post","type-post","status-publish","format-standard","has-post-thumbnail","hentry","category-estado-de-mexico-estado-de-mexico","tag-atizapan","tag-estado-de-mexico","tag-mando-unico"],"_links":{"self":[{"href":"https:\/\/www.diarioimagen.net\/index.php?rest_route=\/wp\/v2\/posts\/256159","targetHints":{"allow":["GET"]}}],"collection":[{"href":"https:\/\/www.diarioimagen.net\/index.php?rest_route=\/wp\/v2\/posts"}],"about":[{"href":"https:\/\/www.diarioimagen.net\/index.php?rest_route=\/wp\/v2\/types\/post"}],"author":[{"embeddable":true,"href":"https:\/\/www.diarioimagen.net\/index.php?rest_route=\/wp\/v2\/users\/3"}],"replies":[{"embeddable":true,"href":"https:\/\/www.diarioimagen.net\/index.php?rest_route=%2Fwp%2Fv2%2Fcomments&post=256159"}],"version-history":[{"count":0,"href":"https:\/\/www.diarioimagen.net\/index.php?rest_route=\/wp\/v2\/posts\/256159\/revisions"}],"wp:featuredmedia":[{"embeddable":true,"href":"https:\/\/www.diarioimagen.net\/index.php?rest_route=\/wp\/v2\/media\/256208"}],"wp:attachment":[{"href":"https:\/\/www.diarioimagen.net\/index.php?rest_route=%2Fwp%2Fv2%2Fmedia&parent=256159"}],"wp:term":[{"taxonomy":"category","embeddable":true,"href":"https:\/\/www.diarioimagen.net\/index.php?rest_route=%2Fwp%2Fv2%2Fcategories&post=256159"},{"taxonomy":"post_tag","embeddable":true,"href":"https:\/\/www.diarioimagen.net\/index.php?rest_route=%2Fwp%2Fv2%2Ftags&post=256159"}],"curies":[{"name":"wp","href":"https:\/\/api.w.org\/{rel}","templated":true}]}}