{"id":256180,"date":"2016-02-17T00:02:59","date_gmt":"2016-02-17T06:02:59","guid":{"rendered":"http:\/\/www.diarioimagen.net\/?p=256180"},"modified":"2016-02-17T03:40:12","modified_gmt":"2016-02-17T09:40:12","slug":"devaluacion-del-peso-frena-crecimiento-empresarial","status":"publish","type":"post","link":"https:\/\/www.diarioimagen.net\/?p=256180","title":{"rendered":"Devaluaci\u00f3n del peso frena crecimiento empresarial"},"content":{"rendered":"<h2>Poder y dinero<\/h2>\n<h5>V\u00edctor S\u00e1nchez Ba\u00f1os<\/h5>\n<p>&nbsp;<\/p>\n<p style=\"text-align: right;\"><em>Un perro hambriento s\u00f3lo tiene fe en la carne.<br \/>\n<strong>Ant\u00f3n Ch\u00e9jov (1860-1904) Dramaturgo y autor de relatos ruso.<\/strong><\/em><\/p>\n<p>&nbsp;<\/p>\n<p>De acuerdo a la Consultor\u00eda Grant Thornton, el 48% de los directivos de empresas medianas en M\u00e9xico considera que la fluctuaci\u00f3n en el tipo de cambio es la principal restricci\u00f3n para el crecimiento.<\/p>\n<p>El International Business Report 2016 que realiza la firma mostr\u00f3 que la devaluaci\u00f3n es el factor que m\u00e1s impacto tuvo sobre el crecimiento de las empresas mexicanas.<\/p>\n<p>En el primer trimestre de 2015, el 38% de los empresarios mexicanos encuestados afirmaron que la fluctuaci\u00f3n cambiaria era considerada como una restricci\u00f3n para el crecimiento. La cifra fue contundente y que este dato aument\u00f3 dos puntos porcentuales en el segundo trimestre y otros ocho en el tercero, para quedar en 48%, cifra que se mantuvo para el \u00faltimo trimestre de 2015.<\/p>\n<p>Por si fuera poco, el segundo y tercer obst\u00e1culo para el crecimiento fueron identificados por los l\u00edderes empresariales mexicanos la incertidumbre econ\u00f3mica y el aumento de los costos de energ\u00eda, con menciones de 38% y 34%, respectivamente.<\/p>\n<p>En cuanto a la incertidumbre econ\u00f3mica, esta registr\u00f3 un incremento paulatino, pero constante, entre las preocupaciones de los empresarios. Mientras en el segundo trimestre, un 28% ya lo consideraba un factor que restring\u00eda el crecimiento; para el tercer trimestre se elev\u00f3 8 puntos porcentuales antes de cerrar el a\u00f1o con 38%.<\/p>\n<p>A nivel mundial, la principal restricci\u00f3n para el crecimiento seg\u00fan los empresarios de 36 de las econom\u00edas m\u00e1s grandes del mundo fue la incertidumbre econ\u00f3mica con 38%, seguida de la burocracia con 32%. La fluctuaci\u00f3n en el tipo de cambio tuvo un promedio global de 25% como restricci\u00f3n.<\/p>\n<p>Salles S\u00e1inz Grant Thornton, bajo la direcci\u00f3n de Mauricio Brizuela, al analizar la perspectiva observa que es muy probable que la percepci\u00f3n de los empresarios mexicanos sobre el tipo de cambio y su impacto en las posibilidades de crecimiento de sus negocios siga en aumento.<\/p>\n<p>Aunque hay sectores que seguramente se ver\u00e1n beneficiados con un d\u00f3lar caro, como el turismo. Otros, como los sectores manufacturero y el maquilador, entre otros, que tienen pasivos en d\u00f3lares, se ver\u00e1n afectados en sus perspectivas de crecimiento.<\/p>\n<p>Otro dato importante, sobre la opini\u00f3n de los empresarios, en M\u00e9xico, las barreras del crecimiento que m\u00e1s aumentaron porcentualmente respecto al trimestre anterior son la infraestructura para el transporte, que pas\u00f3 de 8% al 24% y las tecnolog\u00edas de la informaci\u00f3n y comunicaci\u00f3n que pasaron del 8% al 16%.<\/p>\n<p>Por otro lado, existen condiciones que representan menor preocupaci\u00f3n para los empresarios mexicanos, como la escasez de financiamiento y la disponibilidad de mano calificada, ambas mencionadas s\u00f3lo por el 14% de los encuestados.<\/p>\n<p>Nada halag\u00fce\u00f1o el futuro de las empresas en el pa\u00eds, visto desde la \u00f3ptica de quienes generan el empleo en el pa\u00eds.<\/p>\n<p><strong>PODEROSOS CABALLEROS<\/strong>.- El presidente municipal de Guadalupe, Nuevo Le\u00f3n, Francisco Cienfuegos, encabezar\u00e1 en Puebla la Asamblea Constitutiva de la Asociaci\u00f3n Mexicana de Ciudades Inteligentes, en el marco del Smart City Expo. En este foto se busca utilizar la tecnolog\u00eda a favor de mejorar el bienestar de la poblaci\u00f3n. Adem\u00e1s, pretende lograr un modelo de gesti\u00f3n Urbana. Cienfuegos es especialista en temas de Tecnolog\u00edas Aplicadas al Desarrollo Urban\u00edstico. Y participar\u00e1 con ese tema al lado de 150 especialistas en movilidad urbana, seguridad, educaci\u00f3n, salud, entre otros. *** Grupo Urbi, empresa constructora propiedad de Netzahualc\u00f3yotl y Cuauht\u00e9moc P\u00e9rez Rom\u00e1n, salieron de juicio concursal, luego de llegar a acuerdos con sus acreedores. Esto, mientras en forma paralela autoridades judiciales realizan investigaciones relacionadas a la compra venta de varios predios en el Estado de M\u00e9xico, motivo por el cual se encuentra encarcelado Jaime Mungarro, quien fuera asesor jur\u00eddico de esa empresa, as\u00ed como de OHL, de Jos\u00e9 Andr\u00e9s de Oteyza. Este tema no ha sido aclarado totalmente por la Procuradur\u00eda.<\/p>\n<p><strong>RESPONSABILIDAD SOCIAL CORPORATIVA<\/strong>.- INTERprotecci\u00f3n, grupo mexicano de empresas especializadas en corretaje de seguros, reaseguro y fianzas, recibi\u00f3 el Premio Nacional de Calidad 2015 de manos del presidente Enrique Pe\u00f1a Nieto, como resultado del enfoque de su modelo de negocios basado en la calidad, la innovaci\u00f3n y la mejora continua en beneficio de sus clientes. El prop\u00f3sito principal del PNC es impulsar una cultura de excelencia, basada en la calidad y la competitividad de las instituciones, que les permita participar exitosamente en los mercados nacionales e internacionales y con ello contribuir a la competitividad y al crecimiento econ\u00f3mico del pa\u00eds.<\/p>\n<p><a href=\"mailto:vsanchezb@gmail.com\" target=\"_blank\"><em>vsanchezb@gmail.com<\/em><\/a><\/p>\n<p><em>Twitter, Facebook y Printerest:<strong> vsanchezbano<\/strong><\/em><\/p>\n","protected":false},"excerpt":{"rendered":"<p><span style=\"color: #005497;\"><strong>V\u00edctor S\u00e1nchez Ba\u00f1os<\/strong><\/span><\/p>\n","protected":false},"author":3,"featured_media":0,"comment_status":"open","ping_status":"open","sticky":false,"template":"","format":"standard","meta":{"_monsterinsights_skip_tracking":false,"_monsterinsights_sitenote_active":false,"_monsterinsights_sitenote_note":"","_monsterinsights_sitenote_category":0,"footnotes":""},"categories":[38844],"tags":[43674,38847,38848],"class_list":["post-256180","post","type-post","status-publish","format-standard","hentry","category-victor-sanchez-banos","tag-opinion","tag-poder-y-dinero","tag-victor-sanchez-banos"],"_links":{"self":[{"href":"https:\/\/www.diarioimagen.net\/index.php?rest_route=\/wp\/v2\/posts\/256180","targetHints":{"allow":["GET"]}}],"collection":[{"href":"https:\/\/www.diarioimagen.net\/index.php?rest_route=\/wp\/v2\/posts"}],"about":[{"href":"https:\/\/www.diarioimagen.net\/index.php?rest_route=\/wp\/v2\/types\/post"}],"author":[{"embeddable":true,"href":"https:\/\/www.diarioimagen.net\/index.php?rest_route=\/wp\/v2\/users\/3"}],"replies":[{"embeddable":true,"href":"https:\/\/www.diarioimagen.net\/index.php?rest_route=%2Fwp%2Fv2%2Fcomments&post=256180"}],"version-history":[{"count":0,"href":"https:\/\/www.diarioimagen.net\/index.php?rest_route=\/wp\/v2\/posts\/256180\/revisions"}],"wp:attachment":[{"href":"https:\/\/www.diarioimagen.net\/index.php?rest_route=%2Fwp%2Fv2%2Fmedia&parent=256180"}],"wp:term":[{"taxonomy":"category","embeddable":true,"href":"https:\/\/www.diarioimagen.net\/index.php?rest_route=%2Fwp%2Fv2%2Fcategories&post=256180"},{"taxonomy":"post_tag","embeddable":true,"href":"https:\/\/www.diarioimagen.net\/index.php?rest_route=%2Fwp%2Fv2%2Ftags&post=256180"}],"curies":[{"name":"wp","href":"https:\/\/api.w.org\/{rel}","templated":true}]}}