{"id":256325,"date":"2016-02-18T00:06:50","date_gmt":"2016-02-18T06:06:50","guid":{"rendered":"http:\/\/www.diarioimagen.net\/?p=256325"},"modified":"2016-02-18T21:36:24","modified_gmt":"2016-02-19T03:36:24","slug":"respaldo-a-sistema-de-mejora-regulatoria","status":"publish","type":"post","link":"https:\/\/www.diarioimagen.net\/?p=256325","title":{"rendered":"Respaldo a sistema de mejora regulatoria"},"content":{"rendered":"<h2>Arco Norte<\/h2>\n<h5>Jos\u00e9 Luis Monta\u00f1ez Aguilar<\/h5>\n<p>&nbsp;<\/p>\n<p><a href=\"http:\/\/www.diarioimagen.net\/?attachment_id=256365\" rel=\"attachment wp-att-256365\"><img loading=\"lazy\" decoding=\"async\" class=\"aligncenter size-large wp-image-256365\" src=\"http:\/\/www.diarioimagen.net\/wp-content\/uploads\/2016\/02\/arco-2807-420x236.jpg\" alt=\"arco-2807\" width=\"420\" height=\"236\" srcset=\"https:\/\/www.diarioimagen.net\/wp-content\/uploads\/2016\/02\/arco-2807-420x236.jpg 420w, https:\/\/www.diarioimagen.net\/wp-content\/uploads\/2016\/02\/arco-2807-240x135.jpg 240w, https:\/\/www.diarioimagen.net\/wp-content\/uploads\/2016\/02\/arco-2807-768x432.jpg 768w, https:\/\/www.diarioimagen.net\/wp-content\/uploads\/2016\/02\/arco-2807-480x270.jpg 480w, https:\/\/www.diarioimagen.net\/wp-content\/uploads\/2016\/02\/arco-2807-235x132.jpg 235w, https:\/\/www.diarioimagen.net\/wp-content\/uploads\/2016\/02\/arco-2807-202x114.jpg 202w, https:\/\/www.diarioimagen.net\/wp-content\/uploads\/2016\/02\/arco-2807-350x196.jpg 350w, https:\/\/www.diarioimagen.net\/wp-content\/uploads\/2016\/02\/arco-2807-220x123.jpg 220w, https:\/\/www.diarioimagen.net\/wp-content\/uploads\/2016\/02\/arco-2807-237x132.jpg 237w, https:\/\/www.diarioimagen.net\/wp-content\/uploads\/2016\/02\/arco-2807.jpg 1200w\" sizes=\"auto, (max-width: 420px) 100vw, 420px\" \/><\/a><\/p>\n<p>&nbsp;<\/p>\n<p>Ante el secretario de Econom\u00eda, Ildefonso Guajardo Villarreal, el gobernador Eruviel \u00c1vila Villegas, en su calidad de presidente de la Conferencia Nacional de Gobernadores (Conago), manifest\u00f3 el compromiso de las 32 entidades federativas de impulsar el Sistema Nacional de Mejora Regulatoria, el cual permitir\u00e1 aumentar las exportaciones de las empresas mexicanas, as\u00ed como la llegada de m\u00e1s inversiones, para hacer de M\u00e9xico un pa\u00eds m\u00e1s competitivo en materia econ\u00f3mica.<\/p>\n<p>En este evento, la Conago firm\u00f3 con la Secretar\u00eda de Econom\u00eda un convenio para modernizar el Registro P\u00fablico de Comercio, as\u00ed como una carta de intenci\u00f3n con el Consejo Empresarial Mexicano de Comercio Exterior, Inversi\u00f3n y Tecnolog\u00eda A.C (COMCE) y ProM\u00e9xico, para incrementar las exportaciones de las entidades federativas a partir del impulso de las\u00a0 micro, peque\u00f1as y medianas empresas mexicanas (Mipymes), donde Eruviel \u00c1vila destac\u00f3 que el Estado de M\u00e9xico fue la primera entidad en elevar a rango constitucional la obligatoriedad de la implementaci\u00f3n de la mejora regulatoria, lo cual ha sido reconocido por la Organizaci\u00f3n para la Cooperaci\u00f3n y el Desarrollo Econ\u00f3micos (OCDE). Asever\u00f3 que el promover la mejora regulatoria a nivel nacional, se traducir\u00e1 en m\u00e1s inversi\u00f3n y m\u00e1s empleo, y agreg\u00f3 que la Conago tambi\u00e9n respalda la creaci\u00f3n del indicador de calidad regulatoria, el impulso de una ventanilla \u00fanica para la realizaci\u00f3n de tr\u00e1mites para la apertura de empresas, as\u00ed como la implementaci\u00f3n de los juicios orales mercantiles, los cuales ya se llevan a cabo en el Edomex.<\/p>\n<p><em><a href=\"mailto:montanezaguilar@gmail.com\" target=\"_blank\">montanezaguilar@gmail.com<\/a><\/em><\/p>\n","protected":false},"excerpt":{"rendered":"<p><span style=\"color: #005497;\">Jos\u00e9 Luis Monta\u00f1ez Aguilar<\/span><br \/>\n<br \/>\nAnte el secretario de Econom\u00eda, Ildefonso Guajardo Villarreal, el gobernador Eruviel \u00c1vila Villegas, en su calidad de presidente de la Conferencia Nacional de Gobernadores (Conago), manifest\u00f3 el compromiso de las 32 entidades federativas de impulsar el Sistema Nacional de Mejora Regulatoria, el cual permitir\u00e1 aumentar las exportaciones de las empresas mexicanas, as\u00ed como la llegada de m\u00e1s inversiones, para hacer de M\u00e9xico un pa\u00eds m\u00e1s competitivo en materia econ\u00f3mica.<\/p>\n","protected":false},"author":3,"featured_media":256365,"comment_status":"open","ping_status":"open","sticky":false,"template":"","format":"standard","meta":{"_monsterinsights_skip_tracking":false,"_monsterinsights_sitenote_active":false,"_monsterinsights_sitenote_note":"","_monsterinsights_sitenote_category":0,"footnotes":""},"categories":[5],"tags":[13284,43704,43674],"class_list":["post-256325","post","type-post","status-publish","format-standard","has-post-thumbnail","hentry","category-estado-de-mexico","tag-arco-norte","tag-jose-luis-montanez-aguilar","tag-opinion"],"_links":{"self":[{"href":"https:\/\/www.diarioimagen.net\/index.php?rest_route=\/wp\/v2\/posts\/256325","targetHints":{"allow":["GET"]}}],"collection":[{"href":"https:\/\/www.diarioimagen.net\/index.php?rest_route=\/wp\/v2\/posts"}],"about":[{"href":"https:\/\/www.diarioimagen.net\/index.php?rest_route=\/wp\/v2\/types\/post"}],"author":[{"embeddable":true,"href":"https:\/\/www.diarioimagen.net\/index.php?rest_route=\/wp\/v2\/users\/3"}],"replies":[{"embeddable":true,"href":"https:\/\/www.diarioimagen.net\/index.php?rest_route=%2Fwp%2Fv2%2Fcomments&post=256325"}],"version-history":[{"count":0,"href":"https:\/\/www.diarioimagen.net\/index.php?rest_route=\/wp\/v2\/posts\/256325\/revisions"}],"wp:featuredmedia":[{"embeddable":true,"href":"https:\/\/www.diarioimagen.net\/index.php?rest_route=\/wp\/v2\/media\/256365"}],"wp:attachment":[{"href":"https:\/\/www.diarioimagen.net\/index.php?rest_route=%2Fwp%2Fv2%2Fmedia&parent=256325"}],"wp:term":[{"taxonomy":"category","embeddable":true,"href":"https:\/\/www.diarioimagen.net\/index.php?rest_route=%2Fwp%2Fv2%2Fcategories&post=256325"},{"taxonomy":"post_tag","embeddable":true,"href":"https:\/\/www.diarioimagen.net\/index.php?rest_route=%2Fwp%2Fv2%2Ftags&post=256325"}],"curies":[{"name":"wp","href":"https:\/\/api.w.org\/{rel}","templated":true}]}}